{"id":10072,"date":"2018-05-31T10:06:53","date_gmt":"2018-05-31T08:06:53","guid":{"rendered":"https:\/\/www.sitem.fr\/?p=10072"},"modified":"2018-06-11T17:21:19","modified_gmt":"2018-06-11T15:21:19","slug":"agence-acces-libres-conseille-bibliotheque-nationale-de-france-accessibilite","status":"publish","type":"post","link":"https:\/\/www.sitem.fr\/en\/agence-acces-libres-conseille-bibliotheque-nationale-de-france-accessibilite\/","title":{"rendered":"L&#8217;Agence Acc\u00e8s Libres conseille la Biblioth\u00e8que nationale de France (BnF)"},"content":{"rendered":"<p style=\"text-align: justify;\">La Biblioth\u00e8que nationale de France (BnF) a choisi l\u2019<strong>Agence Acc\u00e8s Libres<\/strong> pour l\u2019assister sur les questions d\u2019accessibilit\u00e9 dans le cadre du projet Richelieu. L&#8217;intervention de l&#8217;agence l\u2019accessibilit\u00e9 de la mus\u00e9ographie du futur espace mus\u00e9al enti\u00e8rement repens\u00e9. Ce nouveau mus\u00e9e occupera certains des plus beaux lieux du site : galerie Mazarine, salle des Colonnes, salle de Luynes.<\/p>\n<div id=\"attachment_10004\" style=\"width: 810px\" class=\"wp-caption aligncenter\"><a href=\"https:\/\/www.sitem.fr\/wp-content\/uploads\/2018\/06\/rehabilitation-quadrilatere-richelieu-bnf-bruno.jpg\"><img loading=\"lazy\" decoding=\"async\" aria-describedby=\"caption-attachment-10004\" class=\"size-full wp-image-10004\" src=\"https:\/\/www.sitem.fr\/wp-content\/uploads\/2018\/06\/rehabilitation-quadrilatere-richelieu-bnf-bruno.jpg\" alt=\"R\u00e9habilitation du Quadrilat\u00e8re Richelieu - BnF \u00a9 Bruno Gaudin\" width=\"800\" height=\"602\" srcset=\"https:\/\/www.sitem.fr\/wp-content\/uploads\/2018\/06\/rehabilitation-quadrilatere-richelieu-bnf-bruno.jpg 800w, https:\/\/www.sitem.fr\/wp-content\/uploads\/2018\/06\/rehabilitation-quadrilatere-richelieu-bnf-bruno-600x452.jpg 600w, https:\/\/www.sitem.fr\/wp-content\/uploads\/2018\/06\/rehabilitation-quadrilatere-richelieu-bnf-bruno-300x226.jpg 300w, https:\/\/www.sitem.fr\/wp-content\/uploads\/2018\/06\/rehabilitation-quadrilatere-richelieu-bnf-bruno-768x578.jpg 768w, https:\/\/www.sitem.fr\/wp-content\/uploads\/2018\/06\/rehabilitation-quadrilatere-richelieu-bnf-bruno-80x60.jpg 80w\" sizes=\"auto, (max-width: 800px) 100vw, 800px\" \/><\/a><p id=\"caption-attachment-10004\" class=\"wp-caption-text\">R\u00e9habilitation du Quadrilat\u00e8re Richelieu &#8211; BnF \u00a9 Bruno Gaudin<\/p><\/div>\n<div id=\"attachment_10003\" style=\"width: 810px\" class=\"wp-caption aligncenter\"><a href=\"https:\/\/www.sitem.fr\/wp-content\/uploads\/2018\/06\/labrouste-inha.jpg\"><img loading=\"lazy\" decoding=\"async\" aria-describedby=\"caption-attachment-10003\" class=\"size-full wp-image-10003\" src=\"https:\/\/www.sitem.fr\/wp-content\/uploads\/2018\/06\/labrouste-inha.jpg\" alt=\"La Salle Labrouste \u00a9 Jean\u2010Christophe Ballot - BnF\/INHA\/OPPIC\" width=\"800\" height=\"534\" srcset=\"https:\/\/www.sitem.fr\/wp-content\/uploads\/2018\/06\/labrouste-inha.jpg 800w, https:\/\/www.sitem.fr\/wp-content\/uploads\/2018\/06\/labrouste-inha-600x401.jpg 600w, https:\/\/www.sitem.fr\/wp-content\/uploads\/2018\/06\/labrouste-inha-659x440.jpg 659w, https:\/\/www.sitem.fr\/wp-content\/uploads\/2018\/06\/labrouste-inha-768x513.jpg 768w, https:\/\/www.sitem.fr\/wp-content\/uploads\/2018\/06\/labrouste-inha-300x200.jpg 300w\" sizes=\"auto, (max-width: 800px) 100vw, 800px\" \/><\/a><p id=\"caption-attachment-10003\" class=\"wp-caption-text\">La Salle Labrouste \u00a9 Jean\u2010Christophe Ballot &#8211; BnF\/INHA\/OPPIC<\/p><\/div>\n<p style=\"text-align: justify;\"><strong>Acc\u00e8s Libres<\/strong> accompagne les \u00e9quipes dans un esprit de confort de visite optimal pour tous, notamment dans l\u2019utilisation des outils de m\u00e9diation graphiques, sensoriels ou num\u00e9riques qui y sont pr\u00e9vus mais aussi pour l\u2019ensemble des \u00e9l\u00e9ments en lien avec la mus\u00e9ographie.<\/p>\n<p style=\"text-align: justify;\"><a href=\"http:\/\/www.agenceacceslibres.fr\/\" target=\"_blank\" rel=\"noopener\">www.agenceacceslibres.fr<\/a><\/p>\n<p style=\"text-align: justify;\"><strong>Consultez la <a href=\"http:\/\/www.museumexperts.com\/nos_services\/annuaire\/prestataire\/4661\" target=\"_blank\" rel=\"noopener\">Fiche Annuaire<\/a> de l&#8217;AGENCE ACCES LIBRES<\/strong><\/p>\n","protected":false},"excerpt":{"rendered":"La Biblioth\u00e8que nationale de France (BnF) a choisi l\u2019Agence Acc\u00e8s Libres pour l\u2019assister sur les questions d\u2019accessibilit\u00e9 dans le cadre du projet Richelieu. L&#8217;intervention de l&#8217;agence l\u2019accessibilit\u00e9 de la mus\u00e9ographie du futur espace mus\u00e9al enti\u00e8rement repens\u00e9. Ce nouveau mus\u00e9e occupera certains des plus beaux lieux du site : galerie Mazarine, salle des Colonnes, salle de&#8230; <br><a class=\"readm\" href=\"https:\/\/www.sitem.fr\/en\/agence-acces-libres-conseille-bibliotheque-nationale-de-france-accessibilite\/\">Read more<\/a>","protected":false},"author":2,"featured_media":10003,"comment_status":"open","ping_status":"open","sticky":false,"template":"","format":"standard","meta":{"_acf_changed":false,"footnotes":""},"categories":[87],"tags":[475,318],"class_list":["post-10072","post","type-post","status-publish","format-standard","has-post-thumbnail","hentry","category-accessibilite","tag-agence-acces-libres","tag-bnf"],"acf":[],"_links":{"self":[{"href":"https:\/\/www.sitem.fr\/en\/wp-json\/wp\/v2\/posts\/10072","targetHints":{"allow":["GET"]}}],"collection":[{"href":"https:\/\/www.sitem.fr\/en\/wp-json\/wp\/v2\/posts"}],"about":[{"href":"https:\/\/www.sitem.fr\/en\/wp-json\/wp\/v2\/types\/post"}],"author":[{"embeddable":true,"href":"https:\/\/www.sitem.fr\/en\/wp-json\/wp\/v2\/users\/2"}],"replies":[{"embeddable":true,"href":"https:\/\/www.sitem.fr\/en\/wp-json\/wp\/v2\/comments?post=10072"}],"version-history":[{"count":1,"href":"https:\/\/www.sitem.fr\/en\/wp-json\/wp\/v2\/posts\/10072\/revisions"}],"predecessor-version":[{"id":10073,"href":"https:\/\/www.sitem.fr\/en\/wp-json\/wp\/v2\/posts\/10072\/revisions\/10073"}],"wp:featuredmedia":[{"embeddable":true,"href":"https:\/\/www.sitem.fr\/en\/wp-json\/wp\/v2\/media\/10003"}],"wp:attachment":[{"href":"https:\/\/www.sitem.fr\/en\/wp-json\/wp\/v2\/media?parent=10072"}],"wp:term":[{"taxonomy":"category","embeddable":true,"href":"https:\/\/www.sitem.fr\/en\/wp-json\/wp\/v2\/categories?post=10072"},{"taxonomy":"post_tag","embeddable":true,"href":"https:\/\/www.sitem.fr\/en\/wp-json\/wp\/v2\/tags?post=10072"}],"curies":[{"name":"wp","href":"https:\/\/api.w.org\/{rel}","templated":true}]}}