{"id":10076,"date":"2018-05-31T10:28:17","date_gmt":"2018-05-31T08:28:17","guid":{"rendered":"https:\/\/www.sitem.fr\/?p=10076"},"modified":"2018-06-11T16:55:24","modified_gmt":"2018-06-11T14:55:24","slug":"presence-scenographie-graphisme-exposition-familles-epreuve-guerre-musee-de-la-grande-guerre-meaux","status":"publish","type":"post","link":"https:\/\/www.sitem.fr\/en\/presence-scenographie-graphisme-exposition-familles-epreuve-guerre-musee-de-la-grande-guerre-meaux\/","title":{"rendered":"Pr\u00e9sence signe la sc\u00e9nographie et le graphisme de l\u2019exposition \u00ab Familles \u00e0 l\u2019\u00e9preuve de la guerre \u00bb au Mus\u00e9e de la Grande Guerre (Meaux)"},"content":{"rendered":"<p style=\"text-align: justify;\">L\u2019exposition <a href=\"https:\/\/www.museedelagrandeguerre.eu\/fr\/expositions-evenements\/expositions-temporaires\/familles-a-l-epreuve-de-la-guerre.html\" target=\"_blank\" rel=\"noopener\"><em>Familles \u00e0 l\u2019\u00e9preuve de la guerre<\/em><\/a> (2 juin \u2013 2 d\u00e9cembre 2018), reconnue d\u2019int\u00e9r\u00eat national, a ouvert ses portes le 2 juin au <a href=\"https:\/\/www.museedelagrandeguerre.eu\/\" target=\"_blank\" rel=\"noopener\">Mus\u00e9e de la Grande Guerre (Meaux)<\/a>. Gr\u00e2ce \u00e0 ses collections et aux pr\u00eats d\u2019institutions publiques ou de particuliers, l\u2019exposition pr\u00e9sente pr\u00e8s de 300 pi\u00e8ces de collections.<\/p>\n<p style=\"text-align: justify;\"><strong>Pr\u00e9sence<\/strong> a con\u00e7u la sc\u00e9nographie et le graphisme de l\u2019exposition dans une dimension intimiste, invitant le public \u00e0 d\u00e9ambuler dans diff\u00e9rents espaces passant du foyer familial \u00e0 la ligne de front. Le parcours suit un fil rouge chrono-th\u00e9matique organis\u00e9 en trois \u00e9tapes majeures\u00a0: s\u00e9paration, absence, retour.<\/p>\n<div id=\"attachment_10007\" style=\"width: 810px\" class=\"wp-caption aligncenter\"><a href=\"https:\/\/www.sitem.fr\/wp-content\/uploads\/2018\/06\/MEAUX_Vue1.jpg\"><img loading=\"lazy\" decoding=\"async\" aria-describedby=\"caption-attachment-10007\" class=\"size-full wp-image-10007\" src=\"https:\/\/www.sitem.fr\/wp-content\/uploads\/2018\/06\/MEAUX_Vue1.jpg\" alt=\"Familles \u00e0 l\u2019\u00e9preuve de la guerre, Mus\u00e9e de la Grande Guerre de Meaux. \u00a9Agence Pr\u00e9sence\" width=\"800\" height=\"450\" srcset=\"https:\/\/www.sitem.fr\/wp-content\/uploads\/2018\/06\/MEAUX_Vue1.jpg 800w, https:\/\/www.sitem.fr\/wp-content\/uploads\/2018\/06\/MEAUX_Vue1-600x338.jpg 600w, https:\/\/www.sitem.fr\/wp-content\/uploads\/2018\/06\/MEAUX_Vue1-300x169.jpg 300w, https:\/\/www.sitem.fr\/wp-content\/uploads\/2018\/06\/MEAUX_Vue1-768x432.jpg 768w\" sizes=\"auto, (max-width: 800px) 100vw, 800px\" \/><\/a><p id=\"caption-attachment-10007\" class=\"wp-caption-text\">Exposition&#8221;Familles \u00e0 l\u2019\u00e9preuve de la guerre&#8221;, Mus\u00e9e de la Grande Guerre de Meaux. Installation sc\u00e9nographique &#8220;Le monde en 1914&#8221; \u00a9Pr\u00e9sence<\/p><\/div>\n<div id=\"attachment_10008\" style=\"width: 810px\" class=\"wp-caption aligncenter\"><a href=\"https:\/\/www.sitem.fr\/wp-content\/uploads\/2018\/06\/MEAUX_Vue2.jpg\"><img loading=\"lazy\" decoding=\"async\" aria-describedby=\"caption-attachment-10008\" class=\"size-full wp-image-10008\" src=\"https:\/\/www.sitem.fr\/wp-content\/uploads\/2018\/06\/MEAUX_Vue2.jpg\" alt=\"Familles \u00e0 l\u2019\u00e9preuve de la guerre, Mus\u00e9e de la Grande Guerre de Meaux. \u00a9Agence Pr\u00e9sence\" width=\"800\" height=\"420\" srcset=\"https:\/\/www.sitem.fr\/wp-content\/uploads\/2018\/06\/MEAUX_Vue2.jpg 800w, https:\/\/www.sitem.fr\/wp-content\/uploads\/2018\/06\/MEAUX_Vue2-600x315.jpg 600w, https:\/\/www.sitem.fr\/wp-content\/uploads\/2018\/06\/MEAUX_Vue2-680x357.jpg 680w, https:\/\/www.sitem.fr\/wp-content\/uploads\/2018\/06\/MEAUX_Vue2-768x403.jpg 768w, https:\/\/www.sitem.fr\/wp-content\/uploads\/2018\/06\/MEAUX_Vue2-300x158.jpg 300w\" sizes=\"auto, (max-width: 800px) 100vw, 800px\" \/><\/a><p id=\"caption-attachment-10008\" class=\"wp-caption-text\">Exposition&#8221;Familles \u00e0 l\u2019\u00e9preuve de la guerre&#8221;, Mus\u00e9e de la Grande Guerre de Meaux. Espace Correspondance \u00a9Pr\u00e9sence<\/p><\/div>\n<p>A partir d\u2019un couloir central, les diff\u00e9rents espaces se succ\u00e8dent dans une approche sensible et sensorielle avec des installations sonores et tactiles. La colorim\u00e9trie, le graphisme et les dispositifs de m\u00e9diation racontent avec \u00e9motion les r\u00e9percussions de la Grande Guerre sur les familles qui ont subi le conflit.<\/p>\n<p style=\"text-align: justify;\">D\u2019une surface de 300m<sup>2<\/sup>, l\u2019exposition <em>Familles \u00e0 l\u2019\u00e9preuve de la guerre<\/em> plonge le visiteur dans cette p\u00e9riode historique qui a marqu\u00e9 \u00e0 jamais des milliers de familles en France mais aussi \u00e0 travers le monde.<\/p>\n<p style=\"text-align: justify;\"><a href=\"http:\/\/www.presence-agence.fr\/\" target=\"_blank\" rel=\"noopener\">www.presence-agence.fr<\/a><\/p>\n<p style=\"text-align: justify;\"><strong>Consultez la <a href=\"http:\/\/www.museumexperts.com\/nos_services\/annuaire\/prestataire\/3527\" target=\"_blank\" rel=\"noopener\">Fiche Annuaire<\/a> de l&#8217;AGENCE PRESENCE<\/strong><\/p>\n","protected":false},"excerpt":{"rendered":"L\u2019exposition Familles \u00e0 l\u2019\u00e9preuve de la guerre (2 juin \u2013 2 d\u00e9cembre 2018), reconnue d\u2019int\u00e9r\u00eat national, a ouvert ses portes le 2 juin au Mus\u00e9e de la Grande Guerre (Meaux). Gr\u00e2ce \u00e0 ses collections et aux pr\u00eats d\u2019institutions publiques ou de particuliers, l\u2019exposition pr\u00e9sente pr\u00e8s de 300 pi\u00e8ces de collections. Pr\u00e9sence a con\u00e7u la sc\u00e9nographie&#8230; <br><a class=\"readm\" href=\"https:\/\/www.sitem.fr\/en\/presence-scenographie-graphisme-exposition-familles-epreuve-guerre-musee-de-la-grande-guerre-meaux\/\">Read more<\/a>","protected":false},"author":2,"featured_media":10008,"comment_status":"open","ping_status":"open","sticky":false,"template":"","format":"standard","meta":{"_acf_changed":false,"footnotes":""},"categories":[1],"tags":[524,533],"class_list":["post-10076","post","type-post","status-publish","format-standard","has-post-thumbnail","hentry","category-non-classifiee","tag-agence-presence","tag-musee-de-la-grande-guerre"],"acf":[],"_links":{"self":[{"href":"https:\/\/www.sitem.fr\/en\/wp-json\/wp\/v2\/posts\/10076","targetHints":{"allow":["GET"]}}],"collection":[{"href":"https:\/\/www.sitem.fr\/en\/wp-json\/wp\/v2\/posts"}],"about":[{"href":"https:\/\/www.sitem.fr\/en\/wp-json\/wp\/v2\/types\/post"}],"author":[{"embeddable":true,"href":"https:\/\/www.sitem.fr\/en\/wp-json\/wp\/v2\/users\/2"}],"replies":[{"embeddable":true,"href":"https:\/\/www.sitem.fr\/en\/wp-json\/wp\/v2\/comments?post=10076"}],"version-history":[{"count":2,"href":"https:\/\/www.sitem.fr\/en\/wp-json\/wp\/v2\/posts\/10076\/revisions"}],"predecessor-version":[{"id":10078,"href":"https:\/\/www.sitem.fr\/en\/wp-json\/wp\/v2\/posts\/10076\/revisions\/10078"}],"wp:featuredmedia":[{"embeddable":true,"href":"https:\/\/www.sitem.fr\/en\/wp-json\/wp\/v2\/media\/10008"}],"wp:attachment":[{"href":"https:\/\/www.sitem.fr\/en\/wp-json\/wp\/v2\/media?parent=10076"}],"wp:term":[{"taxonomy":"category","embeddable":true,"href":"https:\/\/www.sitem.fr\/en\/wp-json\/wp\/v2\/categories?post=10076"},{"taxonomy":"post_tag","embeddable":true,"href":"https:\/\/www.sitem.fr\/en\/wp-json\/wp\/v2\/tags?post=10076"}],"curies":[{"name":"wp","href":"https:\/\/api.w.org\/{rel}","templated":true}]}}