{"id":10099,"date":"2018-05-31T10:04:27","date_gmt":"2018-05-31T08:04:27","guid":{"rendered":"https:\/\/www.sitem.fr\/?p=10099"},"modified":"2018-06-11T17:17:24","modified_gmt":"2018-06-11T15:17:24","slug":"carre-dart-nimes-nouvelle-apparence-signaletique-boscher","status":"publish","type":"post","link":"https:\/\/www.sitem.fr\/en\/carre-dart-nimes-nouvelle-apparence-signaletique-boscher\/","title":{"rendered":"Le Carr\u00e9 d\u2019Art de N\u00eemes sous une nouvelle apparence avec Boscher Signal\u00e9tique &#038; Image"},"content":{"rendered":"<p style=\"text-align: justify;\"><a href=\"http:\/\/carreartmusee.com\/\" target=\"_blank\" rel=\"noopener\">Carr\u00e9 d&#8217;art<\/a> est un \u00e9quipement culturel de N\u00eemes rassemblant le mus\u00e9e d&#8217;art contemporain et la biblioth\u00e8que municipale class\u00e9e. Le b\u00e2timent a \u00e9t\u00e9 con\u00e7u par l&#8217;architecte britannique Norman Foster et se situe sur l\u2019ancien forum face \u00e0 la Maison Carr\u00e9e.<\/p>\n<p style=\"text-align: justify;\">La nouvelle signal\u00e9tique du Carr\u00e9 d\u2019art de N\u00eemes r\u00e9alis\u00e9e par <strong>Boscher Signal\u00e9tique &amp; Image<\/strong> est essentiellement adh\u00e9sive \u00e0 travers l\u2019habillage des ascenseurs monumentaux, de supports de rayonnage et des portes vitr\u00e9es des diff\u00e9rents locaux.<\/p>\n<p><a href=\"https:\/\/www.sitem.fr\/wp-content\/uploads\/2018\/06\/Capture-d\u2019e\u0301cran-2018-06-11-a\u0300-09.03.16.png\"><img loading=\"lazy\" decoding=\"async\" class=\"aligncenter size-full wp-image-10025\" src=\"https:\/\/www.sitem.fr\/wp-content\/uploads\/2018\/06\/Capture-d\u2019e\u0301cran-2018-06-11-a\u0300-09.03.16.png\" alt=\"Carre-d-Art-Nimes-signal\u00e9tique-Boscher\" width=\"1036\" height=\"678\" srcset=\"https:\/\/www.sitem.fr\/wp-content\/uploads\/2018\/06\/Capture-d\u2019e\u0301cran-2018-06-11-a\u0300-09.03.16.png 1036w, https:\/\/www.sitem.fr\/wp-content\/uploads\/2018\/06\/Capture-d\u2019e\u0301cran-2018-06-11-a\u0300-09.03.16-600x393.png 600w, https:\/\/www.sitem.fr\/wp-content\/uploads\/2018\/06\/Capture-d\u2019e\u0301cran-2018-06-11-a\u0300-09.03.16-672x440.png 672w, https:\/\/www.sitem.fr\/wp-content\/uploads\/2018\/06\/Capture-d\u2019e\u0301cran-2018-06-11-a\u0300-09.03.16-1024x670.png 1024w, https:\/\/www.sitem.fr\/wp-content\/uploads\/2018\/06\/Capture-d\u2019e\u0301cran-2018-06-11-a\u0300-09.03.16-768x503.png 768w, https:\/\/www.sitem.fr\/wp-content\/uploads\/2018\/06\/Capture-d\u2019e\u0301cran-2018-06-11-a\u0300-09.03.16-300x196.png 300w\" sizes=\"auto, (max-width: 1036px) 100vw, 1036px\" \/><\/a> <a href=\"https:\/\/www.sitem.fr\/wp-content\/uploads\/2018\/06\/Capture-d\u2019e\u0301cran-2018-06-11-a\u0300-09.03.26.png\"><img loading=\"lazy\" decoding=\"async\" class=\"aligncenter wp-image-10026\" src=\"https:\/\/www.sitem.fr\/wp-content\/uploads\/2018\/06\/Capture-d\u2019e\u0301cran-2018-06-11-a\u0300-09.03.26.png\" alt=\"Carre-d-Art-Nimes-signal\u00e9tique-Boscher\" width=\"375\" height=\"497\" \/><\/a>On y trouve \u00e9galement de l\u2019inox d\u00e9coup\u00e9 au laser pour l\u2019ext\u00e9rieur et de nombreux supports en aluminium pli\u00e9. Les supports des bacs de lecture pour enfants sont laqu\u00e9s avec des d\u00e9cors adh\u00e9sifs.<br \/>\nDu braille a \u00e9t\u00e9 travaill\u00e9 sur PMMA grav\u00e9 pour les menus des ascenseurs.<\/p>\n<p style=\"text-align: justify;\">L\u00e9gendes et cr\u00e9dits des visuels : nouvelle signal\u00e9tique du Carr\u00e9 d&#8217;Art de N\u00eemes par Boscher SIgnal\u00e9tique &amp; Image. \u00a9Boscher Signal\u00e9tique &amp; Image.<\/p>\n<p style=\"text-align: justify;\"><a href=\"http:\/\/www.boscher.fr\">www.boscher.fr<\/a><\/p>\n<p style=\"text-align: justify;\"><strong>Consultez la <a href=\"http:\/\/www.museumexperts.com\/nos_services\/annuaire\/prestataire\/651\" target=\"_blank\" rel=\"noopener\">Fiche Annuaire<\/a> de Boscher Signal\u00e9tique et Image<\/strong><\/p>\n","protected":false},"excerpt":{"rendered":"Carr\u00e9 d&#8217;art est un \u00e9quipement culturel de N\u00eemes rassemblant le mus\u00e9e d&#8217;art contemporain et la biblioth\u00e8que municipale class\u00e9e. Le b\u00e2timent a \u00e9t\u00e9 con\u00e7u par l&#8217;architecte britannique Norman Foster et se situe sur l\u2019ancien forum face \u00e0 la Maison Carr\u00e9e. La nouvelle signal\u00e9tique du Carr\u00e9 d\u2019art de N\u00eemes r\u00e9alis\u00e9e par Boscher Signal\u00e9tique &amp; Image est essentiellement&#8230; <br><a class=\"readm\" href=\"https:\/\/www.sitem.fr\/en\/carre-dart-nimes-nouvelle-apparence-signaletique-boscher\/\">Read more<\/a>","protected":false},"author":2,"featured_media":10025,"comment_status":"open","ping_status":"open","sticky":false,"template":"","format":"standard","meta":{"_acf_changed":false,"footnotes":""},"categories":[1],"tags":[18,528],"class_list":["post-10099","post","type-post","status-publish","format-standard","has-post-thumbnail","hentry","category-non-classifiee","tag-boscher","tag-carre-dart"],"acf":[],"_links":{"self":[{"href":"https:\/\/www.sitem.fr\/en\/wp-json\/wp\/v2\/posts\/10099","targetHints":{"allow":["GET"]}}],"collection":[{"href":"https:\/\/www.sitem.fr\/en\/wp-json\/wp\/v2\/posts"}],"about":[{"href":"https:\/\/www.sitem.fr\/en\/wp-json\/wp\/v2\/types\/post"}],"author":[{"embeddable":true,"href":"https:\/\/www.sitem.fr\/en\/wp-json\/wp\/v2\/users\/2"}],"replies":[{"embeddable":true,"href":"https:\/\/www.sitem.fr\/en\/wp-json\/wp\/v2\/comments?post=10099"}],"version-history":[{"count":1,"href":"https:\/\/www.sitem.fr\/en\/wp-json\/wp\/v2\/posts\/10099\/revisions"}],"predecessor-version":[{"id":10100,"href":"https:\/\/www.sitem.fr\/en\/wp-json\/wp\/v2\/posts\/10099\/revisions\/10100"}],"wp:featuredmedia":[{"embeddable":true,"href":"https:\/\/www.sitem.fr\/en\/wp-json\/wp\/v2\/media\/10025"}],"wp:attachment":[{"href":"https:\/\/www.sitem.fr\/en\/wp-json\/wp\/v2\/media?parent=10099"}],"wp:term":[{"taxonomy":"category","embeddable":true,"href":"https:\/\/www.sitem.fr\/en\/wp-json\/wp\/v2\/categories?post=10099"},{"taxonomy":"post_tag","embeddable":true,"href":"https:\/\/www.sitem.fr\/en\/wp-json\/wp\/v2\/tags?post=10099"}],"curies":[{"name":"wp","href":"https:\/\/api.w.org\/{rel}","templated":true}]}}