{"id":10104,"date":"2018-05-31T10:11:10","date_gmt":"2018-05-31T08:11:10","guid":{"rendered":"https:\/\/www.sitem.fr\/?p=10104"},"modified":"2018-06-11T17:17:35","modified_gmt":"2018-06-11T15:17:35","slug":"gece-enquete-musee-de-la-marine-de-port-louis","status":"publish","type":"post","link":"https:\/\/www.sitem.fr\/en\/gece-enquete-musee-de-la-marine-de-port-louis\/","title":{"rendered":"Gece enqu\u00eate au Mus\u00e9e de la Marine de Port-Louis"},"content":{"rendered":"<p style=\"text-align: justify;\">Le <a href=\"http:\/\/www.musee-marine.fr\/\" target=\"_blank\" rel=\"noopener\">Mus\u00e9e National de la Marine<\/a> constitue un r\u00e9seau de mus\u00e9es : outre l\u2019\u00e9tablissement parisien il comprend Toulon, Rochefort, Brest et enfin Port-Louis, abrit\u00e9 dans la Citadelle, voisin du Mus\u00e9e de la Compagnie des Indes.<\/p>\n<div id=\"attachment_10029\" style=\"width: 216px\" class=\"wp-caption alignleft\"><a href=\"https:\/\/www.sitem.fr\/wp-content\/uploads\/2018\/06\/Sans-titre-1.png\"><img loading=\"lazy\" decoding=\"async\" aria-describedby=\"caption-attachment-10029\" class=\" wp-image-10029\" src=\"https:\/\/www.sitem.fr\/wp-content\/uploads\/2018\/06\/Sans-titre-1.png\" alt=\"Affiche de l'exposition &quot;Port-Louis, 4 si\u00e8cles de fortifications&quot;, Mus\u00e9e national de la Marine, Citadelle de Port-Louis\" width=\"206\" height=\"306\" \/><\/a><p id=\"caption-attachment-10029\" class=\"wp-caption-text\">Affiche de l&#8217;exposition &#8220;Port-Louis, 4 si\u00e8cles de fortifications&#8221;, Mus\u00e9e national de la Marine, Citadelle de Port-Louis<\/p><\/div>\n<p style=\"text-align: justify;\">Ces derni\u00e8res ann\u00e9es le mus\u00e9e a initi\u00e9 des \u00e9volutions qui ont dop\u00e9 la fr\u00e9quentation : convention avec la ville de Port-Louis, partenariat avec la cit\u00e9 de la voile, mus\u00e9ographie revue.<br \/>\nPour la premi\u00e8re fois la fr\u00e9quentation a d\u00e9pass\u00e9 les 70 000 visiteurs en 2014 (en 2014 un rapport du Conseil \u00c9conomique Social et Environnemental R\u00e9gional, bas\u00e9 sur les chiffres de 2011, en faisait le 2\u00e8me des 35 \u00ab mus\u00e9es de France \u00bb de Bretagne par sa fr\u00e9quentation).<\/p>\n<p>&nbsp;<\/p>\n<p style=\"text-align: justify;\"><strong>Gece<\/strong>, fort de son exp\u00e9rience dans les \u00e9tudes de publics des \u00e9tablissements culturels et dans l\u2019accompagnement de ces \u00e9tablissements dans leur \u00e9volution, a \u00e9t\u00e9 choisi pour piloter une enqu\u00eate aupr\u00e8s des visiteurs.<br \/>\n300 personnes ont \u00e9t\u00e9 interrog\u00e9es du 4 au 21 mai 2018 pour mieux conna\u00eetre ces visiteurs, leurs attentes, leur connaissance et leur perception du mus\u00e9e.<br \/>\nParall\u00e8lement une \u00e9tude qualitative (focus groups, entretiens\u2026) est men\u00e9e par Ga\u00eblle Lesaffre aupr\u00e8s des institutionnels et des autres \u00e9tablissements culturels de l\u2019agglom\u00e9ration de Lorient.<\/p>\n<p>&nbsp;<\/p>\n<div id=\"attachment_10028\" style=\"width: 426px\" class=\"wp-caption aligncenter\"><a href=\"https:\/\/www.sitem.fr\/wp-content\/uploads\/2018\/06\/La-Nuit-des-Muse\u0301es-2018-au-Muse\u0301e-national-de-la-Marine-de-Port-Louis.png\"><img loading=\"lazy\" decoding=\"async\" aria-describedby=\"caption-attachment-10028\" class=\" wp-image-10028\" src=\"https:\/\/www.sitem.fr\/wp-content\/uploads\/2018\/06\/La-Nuit-des-Muse\u0301es-2018-au-Muse\u0301e-national-de-la-Marine-de-Port-Louis.png\" alt=\"La Nuit des Muse\u0301es 2018 au Muse\u0301e national de la Marine de Port-Louis\" width=\"416\" height=\"314\" srcset=\"https:\/\/www.sitem.fr\/wp-content\/uploads\/2018\/06\/La-Nuit-des-Muse\u0301es-2018-au-Muse\u0301e-national-de-la-Marine-de-Port-Louis-768x577.png 768w, https:\/\/www.sitem.fr\/wp-content\/uploads\/2018\/06\/La-Nuit-des-Muse\u0301es-2018-au-Muse\u0301e-national-de-la-Marine-de-Port-Louis-300x225.png 300w, https:\/\/www.sitem.fr\/wp-content\/uploads\/2018\/06\/La-Nuit-des-Muse\u0301es-2018-au-Muse\u0301e-national-de-la-Marine-de-Port-Louis-80x60.png 80w\" sizes=\"auto, (max-width: 416px) 100vw, 416px\" \/><\/a><p id=\"caption-attachment-10028\" class=\"wp-caption-text\">La Nuit des Muse\u0301es 2018 au Muse\u0301e national de la Marine de Port-Louis<\/p><\/div>\n<p style=\"text-align: justify;\"><a href=\"http:\/\/www.gece.fr\/ \" target=\"_blank\" rel=\"noopener\">www.gece.fr<\/a><\/p>\n<p style=\"text-align: justify;\"><strong>Consultez la <a href=\"http:\/\/www.museumexperts.com\/nos_services\/annuaire\/prestataire\/4247\" target=\"_blank\" rel=\"noopener\">Fiche Annuaire<\/a> de GECE<\/strong><\/p>\n","protected":false},"excerpt":{"rendered":"Le Mus\u00e9e National de la Marine constitue un r\u00e9seau de mus\u00e9es : outre l\u2019\u00e9tablissement parisien il comprend Toulon, Rochefort, Brest et enfin Port-Louis, abrit\u00e9 dans la Citadelle, voisin du Mus\u00e9e de la Compagnie des Indes. Ces derni\u00e8res ann\u00e9es le mus\u00e9e a initi\u00e9 des \u00e9volutions qui ont dop\u00e9 la fr\u00e9quentation : convention avec la ville de&#8230; <br><a class=\"readm\" href=\"https:\/\/www.sitem.fr\/en\/gece-enquete-musee-de-la-marine-de-port-louis\/\">Read more<\/a>","protected":false},"author":2,"featured_media":10028,"comment_status":"open","ping_status":"open","sticky":false,"template":"","format":"standard","meta":{"_acf_changed":false,"footnotes":""},"categories":[1],"tags":[285,527],"class_list":["post-10104","post","type-post","status-publish","format-standard","has-post-thumbnail","hentry","category-non-classifiee","tag-gece","tag-musee-de-la-marine"],"acf":[],"_links":{"self":[{"href":"https:\/\/www.sitem.fr\/en\/wp-json\/wp\/v2\/posts\/10104","targetHints":{"allow":["GET"]}}],"collection":[{"href":"https:\/\/www.sitem.fr\/en\/wp-json\/wp\/v2\/posts"}],"about":[{"href":"https:\/\/www.sitem.fr\/en\/wp-json\/wp\/v2\/types\/post"}],"author":[{"embeddable":true,"href":"https:\/\/www.sitem.fr\/en\/wp-json\/wp\/v2\/users\/2"}],"replies":[{"embeddable":true,"href":"https:\/\/www.sitem.fr\/en\/wp-json\/wp\/v2\/comments?post=10104"}],"version-history":[{"count":1,"href":"https:\/\/www.sitem.fr\/en\/wp-json\/wp\/v2\/posts\/10104\/revisions"}],"predecessor-version":[{"id":10105,"href":"https:\/\/www.sitem.fr\/en\/wp-json\/wp\/v2\/posts\/10104\/revisions\/10105"}],"wp:featuredmedia":[{"embeddable":true,"href":"https:\/\/www.sitem.fr\/en\/wp-json\/wp\/v2\/media\/10028"}],"wp:attachment":[{"href":"https:\/\/www.sitem.fr\/en\/wp-json\/wp\/v2\/media?parent=10104"}],"wp:term":[{"taxonomy":"category","embeddable":true,"href":"https:\/\/www.sitem.fr\/en\/wp-json\/wp\/v2\/categories?post=10104"},{"taxonomy":"post_tag","embeddable":true,"href":"https:\/\/www.sitem.fr\/en\/wp-json\/wp\/v2\/tags?post=10104"}],"curies":[{"name":"wp","href":"https:\/\/api.w.org\/{rel}","templated":true}]}}