{"id":10121,"date":"2018-05-31T10:12:04","date_gmt":"2018-05-31T08:12:04","guid":{"rendered":"https:\/\/www.sitem.fr\/?p=10121"},"modified":"2018-06-11T17:15:26","modified_gmt":"2018-06-11T15:15:26","slug":"cloisons-mba-france-deutsche-bundesbank-francfort","status":"publish","type":"post","link":"https:\/\/www.sitem.fr\/en\/cloisons-mba-france-deutsche-bundesbank-francfort\/","title":{"rendered":"Des cloisons MBA France pour la Deutsche Bundesbank de Francfort"},"content":{"rendered":"<p style=\"text-align: justify;\">Les b\u00e2timents con\u00e7us par l&#8217;architecte Otto Apel (1906-1966) en son nom ou au nom de l&#8217;agence ABB Architects, qu&#8217;il cr\u00e9\u00e9e en 1961 avec\u00a0Hannsgeorg Beckert et Gilbert Becker, dominent encore aujourd&#8217;hui le paysage urbain de Francfort.<br \/>\nParmi les quelques 40 b\u00e2timents construits par le bureau d&#8217;architecture, comptent la Deutsche Bundesbank, le St\u00e4dtische B\u00fchnen ou encore l&#8217;H\u00f4tel Intercontinental.<\/p>\n<p style=\"text-align: justify;\">La Deutsche Bundesbank de Francfort a r\u00e9cemment pr\u00e9sent\u00e9 l&#8217;exposition &#8220;B\u00fchnen, Banken, Flugzeughallen. Frankfurter Projekte von Otto Apel\/ ABB&#8221;. Cette exposition expose une partie des archives\u00a0du bureau ABB que le Deutsches Architekturmuseum (DAM) de Francfort\u00a0a int\u00e9gr\u00e9 en 2015 \u00e0 sa collection.<br \/>\nPlus de 500 photographies historiques en noir et blanc des ann\u00e9es 1950 aux ann\u00e9es 1970 du photographe Ulfert Beckert (le fr\u00e8re de l&#8217;architecte Hannsgeorg Beckert), compl\u00e9t\u00e9es par des photographies actuelles de l&#8217;artiste Eike Laeuen y sont pr\u00e9sent\u00e9es.<\/p>\n<p style=\"text-align: justify;\">Les cloisons Mila-wall de <strong>MBA France<\/strong> ont permis une pr\u00e9sentation fluide et a\u00e9r\u00e9e de cette exposition, id\u00e9alement int\u00e9gr\u00e9e \u00e0 l&#8217;am\u00e9nagement int\u00e9rieur de la Deutsche Bundesbank et en parfaite coh\u00e9rence avec le geste architectural des architectes de l&#8217;agence ABB Architects.<\/p>\n<p><a href=\"https:\/\/www.sitem.fr\/wp-content\/uploads\/2018\/06\/Capture-d\u2019e\u0301cran-2018-05-15-a\u0300-13.11.32.png\"><img loading=\"lazy\" decoding=\"async\" class=\"aligncenter  wp-image-10043\" src=\"https:\/\/www.sitem.fr\/wp-content\/uploads\/2018\/06\/Capture-d\u2019e\u0301cran-2018-05-15-a\u0300-13.11.32.png\" alt=\"Cloisons MBA France \u00e0 la Deutsche Bundesbank de Francfort. \u00a9MBA France\" width=\"512\" height=\"342\" \/><\/a> <a href=\"https:\/\/www.sitem.fr\/wp-content\/uploads\/2018\/06\/mba-bundesbank-3.jpg\"><img loading=\"lazy\" decoding=\"async\" class=\"aligncenter size-full wp-image-10044\" src=\"https:\/\/www.sitem.fr\/wp-content\/uploads\/2018\/06\/mba-bundesbank-3.jpg\" alt=\"cloisons MBA Cloisons MBA France \u00e0 la Deutsche Bundesbank de Francfort. \u00a9MBA France \u00e0 la Deutsche Bundesbank de Francfort. \u00a9MBA France\" width=\"520\" height=\"346\" srcset=\"https:\/\/www.sitem.fr\/wp-content\/uploads\/2018\/06\/mba-bundesbank-3.jpg 520w, https:\/\/www.sitem.fr\/wp-content\/uploads\/2018\/06\/mba-bundesbank-3-300x200.jpg 300w\" sizes=\"auto, (max-width: 520px) 100vw, 520px\" \/><\/a> <a href=\"https:\/\/www.sitem.fr\/wp-content\/uploads\/2018\/06\/mba-bundesbank-4.jpg\"><img loading=\"lazy\" decoding=\"async\" class=\"aligncenter size-full wp-image-10045\" src=\"https:\/\/www.sitem.fr\/wp-content\/uploads\/2018\/06\/mba-bundesbank-4.jpg\" alt=\"Cloisons MBA France \u00e0 la Deutsche Bundesbank de Francfort. \u00a9MBA France\" width=\"520\" height=\"346\" srcset=\"https:\/\/www.sitem.fr\/wp-content\/uploads\/2018\/06\/mba-bundesbank-4.jpg 520w, https:\/\/www.sitem.fr\/wp-content\/uploads\/2018\/06\/mba-bundesbank-4-300x200.jpg 300w\" sizes=\"auto, (max-width: 520px) 100vw, 520px\" \/><\/a>L\u00e9gendes et cr\u00e9dits des visuels : cloisons MBA France \u00e0 la Deutsche Bundesbank de Francfort. \u00a9MBA France.<\/p>\n<p style=\"text-align: justify;\"><a href=\"http:\/\/www.mba-france.fr\" target=\"_blank\" rel=\"noopener\">www.mba-france.fr<\/a><\/p>\n<p style=\"text-align: justify;\"><strong>Consultez la <a href=\"http:\/\/www.museumexperts.com\/nos_services\/annuaire\/prestataire\/1442\" target=\"_blank\" rel=\"noopener\">Fiche Annuaire<\/a> de MBA FRANCE <\/strong><\/p>\n","protected":false},"excerpt":{"rendered":"Les b\u00e2timents con\u00e7us par l&#8217;architecte Otto Apel (1906-1966) en son nom ou au nom de l&#8217;agence ABB Architects, qu&#8217;il cr\u00e9\u00e9e en 1961 avec\u00a0Hannsgeorg Beckert et Gilbert Becker, dominent encore aujourd&#8217;hui le paysage urbain de Francfort. Parmi les quelques 40 b\u00e2timents construits par le bureau d&#8217;architecture, comptent la Deutsche Bundesbank, le St\u00e4dtische B\u00fchnen ou encore l&#8217;H\u00f4tel&#8230; <br><a class=\"readm\" href=\"https:\/\/www.sitem.fr\/en\/cloisons-mba-france-deutsche-bundesbank-francfort\/\">Read more<\/a>","protected":false},"author":2,"featured_media":10043,"comment_status":"open","ping_status":"open","sticky":false,"template":"","format":"standard","meta":{"_acf_changed":false,"footnotes":""},"categories":[139],"tags":[14],"class_list":["post-10121","post","type-post","status-publish","format-standard","has-post-thumbnail","hentry","category-cloisons","tag-mba-france"],"acf":[],"_links":{"self":[{"href":"https:\/\/www.sitem.fr\/en\/wp-json\/wp\/v2\/posts\/10121","targetHints":{"allow":["GET"]}}],"collection":[{"href":"https:\/\/www.sitem.fr\/en\/wp-json\/wp\/v2\/posts"}],"about":[{"href":"https:\/\/www.sitem.fr\/en\/wp-json\/wp\/v2\/types\/post"}],"author":[{"embeddable":true,"href":"https:\/\/www.sitem.fr\/en\/wp-json\/wp\/v2\/users\/2"}],"replies":[{"embeddable":true,"href":"https:\/\/www.sitem.fr\/en\/wp-json\/wp\/v2\/comments?post=10121"}],"version-history":[{"count":1,"href":"https:\/\/www.sitem.fr\/en\/wp-json\/wp\/v2\/posts\/10121\/revisions"}],"predecessor-version":[{"id":10122,"href":"https:\/\/www.sitem.fr\/en\/wp-json\/wp\/v2\/posts\/10121\/revisions\/10122"}],"wp:featuredmedia":[{"embeddable":true,"href":"https:\/\/www.sitem.fr\/en\/wp-json\/wp\/v2\/media\/10043"}],"wp:attachment":[{"href":"https:\/\/www.sitem.fr\/en\/wp-json\/wp\/v2\/media?parent=10121"}],"wp:term":[{"taxonomy":"category","embeddable":true,"href":"https:\/\/www.sitem.fr\/en\/wp-json\/wp\/v2\/categories?post=10121"},{"taxonomy":"post_tag","embeddable":true,"href":"https:\/\/www.sitem.fr\/en\/wp-json\/wp\/v2\/tags?post=10121"}],"curies":[{"name":"wp","href":"https:\/\/api.w.org\/{rel}","templated":true}]}}