{"id":10138,"date":"2018-05-31T10:16:50","date_gmt":"2018-05-31T08:16:50","guid":{"rendered":"https:\/\/www.sitem.fr\/?p=10138"},"modified":"2018-06-11T17:14:09","modified_gmt":"2018-06-11T15:14:09","slug":"les-benedictines-chantent-a-nouveau-en-leglise-st-nicolas-de-verneuil-sur-avre","status":"publish","type":"post","link":"https:\/\/www.sitem.fr\/en\/les-benedictines-chantent-a-nouveau-en-leglise-st-nicolas-de-verneuil-sur-avre\/","title":{"rendered":"Gr\u00e2ce \u00e0 Sound 4 Museum, les b\u00e9n\u00e9dictines chantent \u00e0 nouveau en l&#8217;Eglise St Nicolas de Verneuil sur Avre"},"content":{"rendered":"<p style=\"text-align: justify;\">L&#8217;Abbaye Saint Nicolas de Verneuil sur Avre, construite au tout d\u00e9but du XVIIe si\u00e8cle, a accueilli entre ses murs une communaut\u00e9 de b\u00e9n\u00e9dictines jusqu&#8217;en 2001.<br \/>\nDepuis le d\u00e9part des s\u0153urs le lieu est rest\u00e9 en l&#8217;\u00e9tat, laissant entrevoir leurs mode et habitudes de vie et pr\u00e9servant l&#8217;atmosph\u00e8re particuli\u00e8re de ce lieu reclus.<\/p>\n<div id=\"attachment_10060\" style=\"width: 509px\" class=\"wp-caption aligncenter\"><a href=\"https:\/\/www.sitem.fr\/wp-content\/uploads\/2018\/06\/Verneuil-sur-Avre-1.jpg\"><img loading=\"lazy\" decoding=\"async\" aria-describedby=\"caption-attachment-10060\" class=\" wp-image-10060\" src=\"https:\/\/www.sitem.fr\/wp-content\/uploads\/2018\/06\/Verneuil-sur-Avre-1.jpg\" alt=\"Vue ext\u00e9rieure de l'abbaye de Verneuil-sur-Avre. \u00a9POUDOU99 - Creative Commons CC\" width=\"499\" height=\"336\" \/><\/a><p id=\"caption-attachment-10060\" class=\"wp-caption-text\">Vue ext\u00e9rieure de l&#8217;abbaye de Verneuil-sur-Avre. \u00a9POUDOU99 &#8211; Creative Commons CC<\/p><\/div>\n<p style=\"text-align: justify;\">L&#8217;Interco Normandie Sud Eure, propri\u00e9taire des lieux depuis 2009, souhaite redonner vie \u00e0 l&#8217;Abbaye et l&#8217;ouvrir au public. Ce vaste projet comporte notamment la mise en son de diff\u00e9rentes salles de l&#8217;Abbaye, mission confi\u00e9e \u00e0 <strong>Sound 4 Museum<\/strong>.<\/p>\n<p style=\"text-align: justify;\">La premi\u00e8re phase de cette mise en son est aujourd&#8217;hui achev\u00e9e.<br \/>\nIl s&#8217;agit de la sonorisation de l&#8217;Eglise Saint Nicolas \u00e0 l&#8217;aide d&#8217;enregistrements anciens de chants des b\u00e9n\u00e9dictines accompagn\u00e9es par l&#8217;orgue de l&#8217;\u00e9glise (aujourd&#8217;hui d\u00e9plac\u00e9).<\/p>\n<div id=\"attachment_10061\" style=\"width: 529px\" class=\"wp-caption aligncenter\"><a href=\"https:\/\/www.sitem.fr\/wp-content\/uploads\/2018\/06\/Verneuil-sur-Avre-2.jpg\"><img loading=\"lazy\" decoding=\"async\" aria-describedby=\"caption-attachment-10061\" class=\" wp-image-10061\" src=\"https:\/\/www.sitem.fr\/wp-content\/uploads\/2018\/06\/Verneuil-sur-Avre-2.jpg\" alt=\"Vue int\u00e9rieure de l'Eglise Saint Nicolas, abbaye de Verneuil-sur-Avre. \u00a9N. Dubois\" width=\"519\" height=\"392\" \/><\/a><p id=\"caption-attachment-10061\" class=\"wp-caption-text\">Vue int\u00e9rieure de l&#8217;Eglise Saint Nicolas, abbaye de Verneuil-sur-Avre. \u00a9N. Dubois<\/p><\/div>\n<p style=\"text-align: justify;\">La mission de <strong>Sound 4 Museum<\/strong> a consist\u00e9 \u00e0 restaurer les enregistrements anciens, concevoir et installer un syst\u00e8me de diffusion autonome.<br \/>\nLes visiteurs ont pu d\u00e9couvrir cette nouvelle installation lors de la soir\u00e9e &#8220;<a href=\"http:\/\/www.inse27.fr\/pierres-lumieres-samedi-19-mai-2018\/\" target=\"_blank\" rel=\"noopener\">Pierres en Lumi\u00e8res<\/a>&#8221; du 19 mai 2018.<\/p>\n<p style=\"text-align: justify;\"><a href=\"http:\/\/www.sound4museum.com\" target=\"_blank\" rel=\"noopener\">www.sound4museum.com<\/a><\/p>\n<p style=\"text-align: justify;\"><strong>Consultez la <a href=\"http:\/\/www.museumexperts.com\/nos_services\/annuaire\/prestataire\/3752\" target=\"_blank\" rel=\"noopener\">Fiche Annuaire<\/a> de SOUND 4 MUSEUM<\/strong><\/p>\n","protected":false},"excerpt":{"rendered":"L&#8217;Abbaye Saint Nicolas de Verneuil sur Avre, construite au tout d\u00e9but du XVIIe si\u00e8cle, a accueilli entre ses murs une communaut\u00e9 de b\u00e9n\u00e9dictines jusqu&#8217;en 2001. Depuis le d\u00e9part des s\u0153urs le lieu est rest\u00e9 en l&#8217;\u00e9tat, laissant entrevoir leurs mode et habitudes de vie et pr\u00e9servant l&#8217;atmosph\u00e8re particuli\u00e8re de ce lieu reclus. L&#8217;Interco Normandie Sud&#8230; <br><a class=\"readm\" href=\"https:\/\/www.sitem.fr\/en\/les-benedictines-chantent-a-nouveau-en-leglise-st-nicolas-de-verneuil-sur-avre\/\">Read more<\/a>","protected":false},"author":2,"featured_media":10060,"comment_status":"open","ping_status":"open","sticky":false,"template":"","format":"standard","meta":{"_acf_changed":false,"footnotes":""},"categories":[154],"tags":[119,538],"class_list":["post-10138","post","type-post","status-publish","format-standard","has-post-thumbnail","hentry","category-son-2","tag-sound-4-museum","tag-verneuil-sur-avre"],"acf":[],"_links":{"self":[{"href":"https:\/\/www.sitem.fr\/en\/wp-json\/wp\/v2\/posts\/10138","targetHints":{"allow":["GET"]}}],"collection":[{"href":"https:\/\/www.sitem.fr\/en\/wp-json\/wp\/v2\/posts"}],"about":[{"href":"https:\/\/www.sitem.fr\/en\/wp-json\/wp\/v2\/types\/post"}],"author":[{"embeddable":true,"href":"https:\/\/www.sitem.fr\/en\/wp-json\/wp\/v2\/users\/2"}],"replies":[{"embeddable":true,"href":"https:\/\/www.sitem.fr\/en\/wp-json\/wp\/v2\/comments?post=10138"}],"version-history":[{"count":1,"href":"https:\/\/www.sitem.fr\/en\/wp-json\/wp\/v2\/posts\/10138\/revisions"}],"predecessor-version":[{"id":10139,"href":"https:\/\/www.sitem.fr\/en\/wp-json\/wp\/v2\/posts\/10138\/revisions\/10139"}],"wp:featuredmedia":[{"embeddable":true,"href":"https:\/\/www.sitem.fr\/en\/wp-json\/wp\/v2\/media\/10060"}],"wp:attachment":[{"href":"https:\/\/www.sitem.fr\/en\/wp-json\/wp\/v2\/media?parent=10138"}],"wp:term":[{"taxonomy":"category","embeddable":true,"href":"https:\/\/www.sitem.fr\/en\/wp-json\/wp\/v2\/categories?post=10138"},{"taxonomy":"post_tag","embeddable":true,"href":"https:\/\/www.sitem.fr\/en\/wp-json\/wp\/v2\/tags?post=10138"}],"curies":[{"name":"wp","href":"https:\/\/api.w.org\/{rel}","templated":true}]}}