{"id":10233,"date":"2018-06-30T18:06:59","date_gmt":"2018-06-30T16:06:59","guid":{"rendered":"https:\/\/www.sitem.fr\/?p=10233"},"modified":"2018-07-09T19:41:03","modified_gmt":"2018-07-09T17:41:03","slug":"akken-incubateur-du-patrimoine-centre-des-monuments-nationaux","status":"publish","type":"post","link":"https:\/\/www.sitem.fr\/en\/akken-incubateur-du-patrimoine-centre-des-monuments-nationaux\/","title":{"rendered":"Akken int\u00e8gre l\u2019Incubateur du Patrimoine du Centre des Monuments Nationaux"},"content":{"rendered":"<p style=\"text-align: justify;\">Le mardi 19 juin, sous les ors de la salle de garde de l&#8217;H\u00f4tel de Sully, <strong>Akken<\/strong> se faisait adouber officiellement par Philippe B\u00e9laval, Pr\u00e9sident du Centre des monuments nationaux, et Fran\u00e7oise Nyssen, Ministre de la Culture, et int\u00e9grait le tout nouvel Incubateur du Patrimoine, parmi six autres start-up.<\/p>\n<div id=\"attachment_10167\" style=\"width: 1290px\" class=\"wp-caption aligncenter\"><a href=\"https:\/\/www.sitem.fr\/wp-content\/uploads\/2018\/07\/IMG_2568.jpeg\"><img loading=\"lazy\" decoding=\"async\" aria-describedby=\"caption-attachment-10167\" class=\"size-full wp-image-10167\" src=\"https:\/\/www.sitem.fr\/wp-content\/uploads\/2018\/07\/IMG_2568.jpeg\" alt=\"Akken-CMN-Incubateur patrimoine\" width=\"1280\" height=\"960\" srcset=\"https:\/\/www.sitem.fr\/wp-content\/uploads\/2018\/07\/IMG_2568.jpeg 1280w, https:\/\/www.sitem.fr\/wp-content\/uploads\/2018\/07\/IMG_2568-600x450.jpeg 600w, https:\/\/www.sitem.fr\/wp-content\/uploads\/2018\/07\/IMG_2568-587x440.jpeg 587w, https:\/\/www.sitem.fr\/wp-content\/uploads\/2018\/07\/IMG_2568-1024x768.jpeg 1024w, https:\/\/www.sitem.fr\/wp-content\/uploads\/2018\/07\/IMG_2568-768x576.jpeg 768w, https:\/\/www.sitem.fr\/wp-content\/uploads\/2018\/07\/IMG_2568-300x225.jpeg 300w, https:\/\/www.sitem.fr\/wp-content\/uploads\/2018\/07\/IMG_2568-80x60.jpeg 80w\" sizes=\"auto, (max-width: 1280px) 100vw, 1280px\" \/><\/a><p id=\"caption-attachment-10167\" class=\"wp-caption-text\">Laurence Giuliani, Fondatrice et PDG d&#8217;Akken, en discussion avec Fran\u00e7oise Nyssen, Ministre de la Culture<\/p><\/div>\n<p style=\"text-align: justify;\">Au del\u00e0 de la distinction et de la confiance donn\u00e9e par cet \u00e9tablissement prestigieux, c&#8217;est une formidable opportunit\u00e9 pour cette jeune pousse nantaise\u00a0: une ann\u00e9e d&#8217;accompagnement expert et sp\u00e9cifique au patrimoine, mais aussi la porte ouverte vers un terrain d&#8217;exp\u00e9rimentation potentiel de plus de cent monuments nationaux.<\/p>\n<div id=\"attachment_10168\" style=\"width: 1290px\" class=\"wp-caption aligncenter\"><a href=\"https:\/\/www.sitem.fr\/wp-content\/uploads\/2018\/07\/photo-de-classe-Incubateur.jpg-large-copie.jpeg\"><img loading=\"lazy\" decoding=\"async\" aria-describedby=\"caption-attachment-10168\" class=\"size-full wp-image-10168\" src=\"https:\/\/www.sitem.fr\/wp-content\/uploads\/2018\/07\/photo-de-classe-Incubateur.jpg-large-copie.jpeg\" alt=\"incubateur-patrimoine-cmn-promotion-2018\" width=\"1280\" height=\"837\" srcset=\"https:\/\/www.sitem.fr\/wp-content\/uploads\/2018\/07\/photo-de-classe-Incubateur.jpg-large-copie.jpeg 1280w, https:\/\/www.sitem.fr\/wp-content\/uploads\/2018\/07\/photo-de-classe-Incubateur.jpg-large-copie-600x392.jpeg 600w, https:\/\/www.sitem.fr\/wp-content\/uploads\/2018\/07\/photo-de-classe-Incubateur.jpg-large-copie-300x196.jpeg 300w, https:\/\/www.sitem.fr\/wp-content\/uploads\/2018\/07\/photo-de-classe-Incubateur.jpg-large-copie-768x502.jpeg 768w, https:\/\/www.sitem.fr\/wp-content\/uploads\/2018\/07\/photo-de-classe-Incubateur.jpg-large-copie-1024x670.jpeg 1024w\" sizes=\"auto, (max-width: 1280px) 100vw, 1280px\" \/><\/a><p id=\"caption-attachment-10168\" class=\"wp-caption-text\">La promotion 2018 de l&#8217;Incubateur du Patrimoine du Centre des monuments nationaux<\/p><\/div>\n<p style=\"text-align: justify;\">Ce sera pour l&#8217;occasion pour <strong>Akken<\/strong>, sur une p\u00e9riode longue, de tester et valider son projet de fauteuil sonore et connect\u00e9, en situation r\u00e9elle, au plus proche des attentes des monuments et de leurs visiteurs.<br \/>\nN\u00e9 du constat d&#8217;un visiteur aujourd&#8217;hui en qu\u00eate de d\u00e9connexion, de libert\u00e9 et de sens, ce mobilier sensible 2.0 a vocation \u00e0 proposer une pause sonore, nich\u00e9e au sein des monuments, pour s&#8217;\u00e9vader dans une ambiance contextuelle enrichie d&#8217;archives et de t\u00e9moignages, li\u00e9e \u00e0 l&#8217;environnement direct.<br \/>\nMettant en jeu la technologie du tissu connect\u00e9 et le design d&#8217;interaction, le \u00ab\u00a0Confident connect\u00e9\u00a0\u00bb donnera au visiteur la possibilit\u00e9 de se d\u00e9placer par le toucher dans ce voyage sonore, pour vivre une nouvelle exp\u00e9rience de m\u00e9diation culturelle.<\/p>\n<p style=\"text-align: justify;\"><a href=\"http:\/\/www.akken.fr\" target=\"_blank\" rel=\"noopener\">www.akken.fr<\/a><\/p>\n<p style=\"text-align: justify;\"><strong>Consultez la <a href=\"http:\/\/www.museumexperts.com\/nos_services\/annuaire\/prestataire\/4911\" target=\"_blank\" rel=\"noopener\">Fiche Annuaire<\/a> de AKKEN<\/strong><\/p>\n","protected":false},"excerpt":{"rendered":"Le mardi 19 juin, sous les ors de la salle de garde de l&#8217;H\u00f4tel de Sully, Akken se faisait adouber officiellement par Philippe B\u00e9laval, Pr\u00e9sident du Centre des monuments nationaux, et Fran\u00e7oise Nyssen, Ministre de la Culture, et int\u00e9grait le tout nouvel Incubateur du Patrimoine, parmi six autres start-up. Au del\u00e0 de la distinction et&#8230; <br><a class=\"readm\" href=\"https:\/\/www.sitem.fr\/en\/akken-incubateur-du-patrimoine-centre-des-monuments-nationaux\/\">Read more<\/a>","protected":false},"author":2,"featured_media":10167,"comment_status":"open","ping_status":"open","sticky":false,"template":"","format":"standard","meta":{"_acf_changed":false,"footnotes":""},"categories":[149,154],"tags":[491,99],"class_list":["post-10233","post","type-post","status-publish","format-standard","has-post-thumbnail","hentry","category-interactivite-2","category-son-2","tag-akken","tag-centre-des-monuments-nationaux"],"acf":[],"_links":{"self":[{"href":"https:\/\/www.sitem.fr\/en\/wp-json\/wp\/v2\/posts\/10233","targetHints":{"allow":["GET"]}}],"collection":[{"href":"https:\/\/www.sitem.fr\/en\/wp-json\/wp\/v2\/posts"}],"about":[{"href":"https:\/\/www.sitem.fr\/en\/wp-json\/wp\/v2\/types\/post"}],"author":[{"embeddable":true,"href":"https:\/\/www.sitem.fr\/en\/wp-json\/wp\/v2\/users\/2"}],"replies":[{"embeddable":true,"href":"https:\/\/www.sitem.fr\/en\/wp-json\/wp\/v2\/comments?post=10233"}],"version-history":[{"count":1,"href":"https:\/\/www.sitem.fr\/en\/wp-json\/wp\/v2\/posts\/10233\/revisions"}],"predecessor-version":[{"id":10234,"href":"https:\/\/www.sitem.fr\/en\/wp-json\/wp\/v2\/posts\/10233\/revisions\/10234"}],"wp:featuredmedia":[{"embeddable":true,"href":"https:\/\/www.sitem.fr\/en\/wp-json\/wp\/v2\/media\/10167"}],"wp:attachment":[{"href":"https:\/\/www.sitem.fr\/en\/wp-json\/wp\/v2\/media?parent=10233"}],"wp:term":[{"taxonomy":"category","embeddable":true,"href":"https:\/\/www.sitem.fr\/en\/wp-json\/wp\/v2\/categories?post=10233"},{"taxonomy":"post_tag","embeddable":true,"href":"https:\/\/www.sitem.fr\/en\/wp-json\/wp\/v2\/tags?post=10233"}],"curies":[{"name":"wp","href":"https:\/\/api.w.org\/{rel}","templated":true}]}}