{"id":10255,"date":"2018-06-30T18:18:13","date_gmt":"2018-06-30T16:18:13","guid":{"rendered":"https:\/\/www.sitem.fr\/?p=10255"},"modified":"2018-07-09T19:31:40","modified_gmt":"2018-07-09T17:31:40","slug":"coeur-montparnasse-nouveau-centre-heritage-giacometti","status":"publish","type":"post","link":"https:\/\/www.sitem.fr\/en\/coeur-montparnasse-nouveau-centre-heritage-giacometti\/","title":{"rendered":"Au c\u0153ur de Montparnasse, un nouveau centre d\u00e9di\u00e9 \u00e0 l&#8217;h\u00e9ritage de Giacometti est n\u00e9"},"content":{"rendered":"<p style=\"text-align: justify;\">Au c\u0153ur de Montparnasse, le quartier dans lequel Giacometti a v\u00e9cu la plus grande partie de sa vie, a \u00e9t\u00e9 inaugur\u00e9 curant juin 2018 l&#8217;Institut qui lui est d\u00e9di\u00e9, destin\u00e9 \u00e0 accueillir des expositions temporaires et des projets li\u00e9s \u00e0 la m\u00e9moire de l&#8217;artiste.<\/p>\n<p style=\"text-align: justify;\">Log\u00e9 dans l&#8217;ancien studio du designer Paul Follot, dans un b\u00e2timent historique de style art d\u00e9co, dont les espaces ont \u00e9t\u00e9 redessin\u00e9s par le studio d\u2019architecture Pascal Grasso, l&#8217;Institut Giacometti, dirig\u00e9 par la Fondation homonyme, pr\u00e9sentera, de mani\u00e8re permanente, une reconstitution du studio de l&#8217;artiste &#8211; pr\u00e9serv\u00e9 dans son int\u00e9gralit\u00e9 par sa femme Annette &#8211; avec des \u0153uvres en pl\u00e2tre et en argile, certaines d&#8217;entre elles in\u00e9dites, et des peintures murales.<br \/>\nLe centre abrite \u00e9galement les archives et une collection de 5 000 dessins, lithographies et cahiers, qui sont expos\u00e9s au public pour la premi\u00e8re fois. L&#8217;Institut, qui sera dirig\u00e9 par Catherine Grenier, responsable de la Fondation Giacometti depuis 2014, pr\u00e9sente \u00e9galement un programme d&#8217;initiatives didactiques et d&#8217;expositions temporaires, visant \u00e0 approfondir les diff\u00e9rents aspects de l&#8217;\u0153uvre de Giacometti, ses relations avec les artistes et \u00e9crivains de son temps, ainsi que son influence sur les g\u00e9n\u00e9rations successives et les artistes contemporains.<\/p>\n<div id=\"attachment_10191\" style=\"width: 1290px\" class=\"wp-caption aligncenter\"><a href=\"https:\/\/www.sitem.fr\/wp-content\/uploads\/2018\/07\/\u00a9-Succession-Alberto-Giacometti-Fondation-Giacometti-Paris-ADAGP-Paris-2018.1.jpg\"><img loading=\"lazy\" decoding=\"async\" aria-describedby=\"caption-attachment-10191\" class=\"size-full wp-image-10191\" src=\"https:\/\/www.sitem.fr\/wp-content\/uploads\/2018\/07\/\u00a9-Succession-Alberto-Giacometti-Fondation-Giacometti-Paris-ADAGP-Paris-2018.1.jpg\" alt=\"\u00a9 Succession Alberto Giacometti (Fondation Giacometti, Paris + ADAGP, Paris) 2018.1\" width=\"1280\" height=\"960\" srcset=\"https:\/\/www.sitem.fr\/wp-content\/uploads\/2018\/07\/\u00a9-Succession-Alberto-Giacometti-Fondation-Giacometti-Paris-ADAGP-Paris-2018.1.jpg 1280w, https:\/\/www.sitem.fr\/wp-content\/uploads\/2018\/07\/\u00a9-Succession-Alberto-Giacometti-Fondation-Giacometti-Paris-ADAGP-Paris-2018.1-600x450.jpg 600w, https:\/\/www.sitem.fr\/wp-content\/uploads\/2018\/07\/\u00a9-Succession-Alberto-Giacometti-Fondation-Giacometti-Paris-ADAGP-Paris-2018.1-587x440.jpg 587w, https:\/\/www.sitem.fr\/wp-content\/uploads\/2018\/07\/\u00a9-Succession-Alberto-Giacometti-Fondation-Giacometti-Paris-ADAGP-Paris-2018.1-1024x768.jpg 1024w, https:\/\/www.sitem.fr\/wp-content\/uploads\/2018\/07\/\u00a9-Succession-Alberto-Giacometti-Fondation-Giacometti-Paris-ADAGP-Paris-2018.1-768x576.jpg 768w, https:\/\/www.sitem.fr\/wp-content\/uploads\/2018\/07\/\u00a9-Succession-Alberto-Giacometti-Fondation-Giacometti-Paris-ADAGP-Paris-2018.1-300x225.jpg 300w, https:\/\/www.sitem.fr\/wp-content\/uploads\/2018\/07\/\u00a9-Succession-Alberto-Giacometti-Fondation-Giacometti-Paris-ADAGP-Paris-2018.1-80x60.jpg 80w\" sizes=\"auto, (max-width: 1280px) 100vw, 1280px\" \/><\/a><p id=\"caption-attachment-10191\" class=\"wp-caption-text\">\u00a9 Succession Alberto Giacometti (Fondation Giacometti, Paris + ADAGP, Paris)<\/p><\/div>\n<div id=\"attachment_10192\" style=\"width: 1450px\" class=\"wp-caption aligncenter\"><a href=\"https:\/\/www.sitem.fr\/wp-content\/uploads\/2018\/07\/\u00a9-Succession-Alberto-Giacometti-Fondation-Giacometti-Paris-ADAGP-Paris-2018.2.jpg\"><img loading=\"lazy\" decoding=\"async\" aria-describedby=\"caption-attachment-10192\" class=\"size-full wp-image-10192\" src=\"https:\/\/www.sitem.fr\/wp-content\/uploads\/2018\/07\/\u00a9-Succession-Alberto-Giacometti-Fondation-Giacometti-Paris-ADAGP-Paris-2018.2.jpg\" alt=\"BILD bildstudio.net\" width=\"1440\" height=\"768\" srcset=\"https:\/\/www.sitem.fr\/wp-content\/uploads\/2018\/07\/\u00a9-Succession-Alberto-Giacometti-Fondation-Giacometti-Paris-ADAGP-Paris-2018.2.jpg 1440w, https:\/\/www.sitem.fr\/wp-content\/uploads\/2018\/07\/\u00a9-Succession-Alberto-Giacometti-Fondation-Giacometti-Paris-ADAGP-Paris-2018.2-600x320.jpg 600w, https:\/\/www.sitem.fr\/wp-content\/uploads\/2018\/07\/\u00a9-Succession-Alberto-Giacometti-Fondation-Giacometti-Paris-ADAGP-Paris-2018.2-300x160.jpg 300w, https:\/\/www.sitem.fr\/wp-content\/uploads\/2018\/07\/\u00a9-Succession-Alberto-Giacometti-Fondation-Giacometti-Paris-ADAGP-Paris-2018.2-768x410.jpg 768w, https:\/\/www.sitem.fr\/wp-content\/uploads\/2018\/07\/\u00a9-Succession-Alberto-Giacometti-Fondation-Giacometti-Paris-ADAGP-Paris-2018.2-1024x546.jpg 1024w\" sizes=\"auto, (max-width: 1440px) 100vw, 1440px\" \/><\/a><p id=\"caption-attachment-10192\" class=\"wp-caption-text\">BILD bildstudio.net<\/p><\/div>\n<p style=\"text-align: justify;\"><strong>Goppion<\/strong> a con\u00e7u et construit la grande verri\u00e8re qui prot\u00e8ge la reconstruction de l&#8217;atelier de l&#8217;artiste. Il s&#8217;agit d&#8217;une paroi angulaire et totalement vitr\u00e9e, compos\u00e9e de deux fronts de verre et parcourable par le public. Sur le c\u00f4t\u00e9 principal, un escalier permet d\u2019observer l&#8217;atelier dans son int\u00e9gralit\u00e9, l&#8217;autre c\u00f4t\u00e9 se compose de deux dalles vitr\u00e9es, l&#8217;une fixe et l&#8217;autre ouverte.<br \/>\nLe syst\u00e8me d&#8217;ouverture, de type \u00ab Pull &amp; Slide \u00bb, pr\u00e9voit un double mouvement : l&#8217;extraction perpendiculaire de la porte (entra\u00een\u00e9e par une manivelle) suivi d\u2019un glissement lat\u00e9ral, op\u00e9ration pouvant \u00eatre effectu\u00e9e en toute s\u00e9curit\u00e9 par une seule personne gr\u00e2ce \u00e0 l&#8217;aide d&#8217;une ventouse. Le m\u00e9canisme de la partie mobile et les espaces techniques sont int\u00e9gr\u00e9s dans la structure de la pi\u00e8ce. Ils sont compl\u00e8tement invisibles mais accessibles par un syst\u00e8me de serrures de s\u00e9curit\u00e9.<\/p>\n<p style=\"text-align: justify;\">Un d\u00e9fi remarquable de ce projet fut la difficult\u00e9 d&#8217;op\u00e9rer \u00e0 l&#8217;int\u00e9rieur d&#8217;un b\u00e2timent historique, avec les retards in\u00e9vitables sur un chantier de cette nature, en particulier, l&#8217;installation du plancher qui emp\u00eachait de mettre en service la vitrine selon les modalit\u00e9s et les d\u00e9lais de livraison initialement pr\u00e9vus.<br \/>\nLa d\u00e9cision f\u00fbt donc prise de monter le mur \u00e0 l&#8217;int\u00e9rieur d&#8217;un cadre pr\u00e9fabriqu\u00e9, respectant ainsi la pr\u00e9cision n\u00e9cessaire qui distingue les m\u00e9canismes <strong>Goppion<\/strong> par rapport \u00e0 celui des travaux de construction (tels que le plancher et le pl\u00e2tre). Gr\u00e2ce \u00e0 la coordination entre les diff\u00e9rents acteurs impliqu\u00e9s, l\u2019installation a permis le respect des exigences du client et la conservation des lieux, sans compromettre le haut niveau esth\u00e9tique requis.<\/p>\n<p style=\"text-align: justify;\"><a href=\"http:\/\/www.goppion.com\/fr\/home\" target=\"_blank\" rel=\"noopener\">www.goppion.com<\/a><\/p>\n<p style=\"text-align: justify;\"><strong>Consultez la <a href=\"http:\/\/www.museumexperts.com\/nos_services\/annuaire\/prestataire\/1088\" target=\"_blank\" rel=\"noopener\">Fiche Annuaire<\/a> de GOPPION SpA<\/strong><\/p>\n","protected":false},"excerpt":{"rendered":"Au c\u0153ur de Montparnasse, le quartier dans lequel Giacometti a v\u00e9cu la plus grande partie de sa vie, a \u00e9t\u00e9 inaugur\u00e9 curant juin 2018 l&#8217;Institut qui lui est d\u00e9di\u00e9, destin\u00e9 \u00e0 accueillir des expositions temporaires et des projets li\u00e9s \u00e0 la m\u00e9moire de l&#8217;artiste. Log\u00e9 dans l&#8217;ancien studio du designer Paul Follot, dans un b\u00e2timent&#8230; <br><a class=\"readm\" href=\"https:\/\/www.sitem.fr\/en\/coeur-montparnasse-nouveau-centre-heritage-giacometti\/\">Read more<\/a>","protected":false},"author":2,"featured_media":10191,"comment_status":"open","ping_status":"open","sticky":false,"template":"","format":"standard","meta":{"_acf_changed":false,"footnotes":""},"categories":[156],"tags":[94,552],"class_list":["post-10255","post","type-post","status-publish","format-standard","has-post-thumbnail","hentry","category-vitrines","tag-goppion","tag-institut-giacometti"],"acf":[],"_links":{"self":[{"href":"https:\/\/www.sitem.fr\/en\/wp-json\/wp\/v2\/posts\/10255","targetHints":{"allow":["GET"]}}],"collection":[{"href":"https:\/\/www.sitem.fr\/en\/wp-json\/wp\/v2\/posts"}],"about":[{"href":"https:\/\/www.sitem.fr\/en\/wp-json\/wp\/v2\/types\/post"}],"author":[{"embeddable":true,"href":"https:\/\/www.sitem.fr\/en\/wp-json\/wp\/v2\/users\/2"}],"replies":[{"embeddable":true,"href":"https:\/\/www.sitem.fr\/en\/wp-json\/wp\/v2\/comments?post=10255"}],"version-history":[{"count":2,"href":"https:\/\/www.sitem.fr\/en\/wp-json\/wp\/v2\/posts\/10255\/revisions"}],"predecessor-version":[{"id":10313,"href":"https:\/\/www.sitem.fr\/en\/wp-json\/wp\/v2\/posts\/10255\/revisions\/10313"}],"wp:featuredmedia":[{"embeddable":true,"href":"https:\/\/www.sitem.fr\/en\/wp-json\/wp\/v2\/media\/10191"}],"wp:attachment":[{"href":"https:\/\/www.sitem.fr\/en\/wp-json\/wp\/v2\/media?parent=10255"}],"wp:term":[{"taxonomy":"category","embeddable":true,"href":"https:\/\/www.sitem.fr\/en\/wp-json\/wp\/v2\/categories?post=10255"},{"taxonomy":"post_tag","embeddable":true,"href":"https:\/\/www.sitem.fr\/en\/wp-json\/wp\/v2\/tags?post=10255"}],"curies":[{"name":"wp","href":"https:\/\/api.w.org\/{rel}","templated":true}]}}