{"id":10269,"date":"2018-06-30T18:15:00","date_gmt":"2018-06-30T16:15:00","guid":{"rendered":"https:\/\/www.sitem.fr\/?p=10269"},"modified":"2018-07-09T19:33:13","modified_gmt":"2018-07-09T17:33:13","slug":"opixido-cent-millions-de-pixels-audiovisuels-interactifs-parcours-belexpo","status":"publish","type":"post","link":"https:\/\/www.sitem.fr\/en\/opixido-cent-millions-de-pixels-audiovisuels-interactifs-parcours-belexpo\/","title":{"rendered":"Opixido r\u00e9alise avec Cent millions de pixels l&#8217;ensemble des audiovisuels et des interactifs du parcours BELEXPO, une initiative de Bruxelles Environnement"},"content":{"rendered":"<p style=\"text-align: justify;\"><strong>Opixido<\/strong> r\u00e9alise avec <strong>Cent millions de pixels<\/strong> l&#8217;ensemble des audiovisuels et des interactifs du parcours BELEXPO. Le BEL est une initiative de Bruxelles Environnement : ce lieu rassemble un centre Congr\u00e8s un centre d\u2019information, un restaurant, et le parcours BELEXPO.<\/p>\n<div id=\"attachment_10204\" style=\"width: 6437px\" class=\"wp-caption aligncenter\"><a href=\"https:\/\/www.sitem.fr\/wp-content\/uploads\/2018\/07\/Belexpo-HD-copyright-Arnaud-Ghys-3768.jpg\"><img loading=\"lazy\" decoding=\"async\" aria-describedby=\"caption-attachment-10204\" class=\"size-full wp-image-10204\" src=\"https:\/\/www.sitem.fr\/wp-content\/uploads\/2018\/07\/Belexpo-HD-copyright-Arnaud-Ghys-3768.jpg\" alt=\"Parcours BELEXPO. \u00a9Arnaud Ghys\" width=\"6427\" height=\"4285\" srcset=\"https:\/\/www.sitem.fr\/wp-content\/uploads\/2018\/07\/Belexpo-HD-copyright-Arnaud-Ghys-3768.jpg 6427w, https:\/\/www.sitem.fr\/wp-content\/uploads\/2018\/07\/Belexpo-HD-copyright-Arnaud-Ghys-3768-300x200.jpg 300w, https:\/\/www.sitem.fr\/wp-content\/uploads\/2018\/07\/Belexpo-HD-copyright-Arnaud-Ghys-3768-768x512.jpg 768w, https:\/\/www.sitem.fr\/wp-content\/uploads\/2018\/07\/Belexpo-HD-copyright-Arnaud-Ghys-3768-1024x683.jpg 1024w\" sizes=\"auto, (max-width: 6427px) 100vw, 6427px\" \/><\/a><p id=\"caption-attachment-10204\" class=\"wp-caption-text\">Parcours BELEXPO. \u00a9Arnaud Ghys<\/p><\/div>\n<p style=\"text-align: justify;\">Ce parcours propose aux jeunes de 10 \u00e0 14 ans (et \u00e0 leur famille) une balade en ville dans laquelle les visiteurs d\u00e9couvrent que chaque geste d\u2019aujourd\u2019hui compte pour mieux vivre demain.<br \/>\nDans ce cadre, <strong>Opixido<\/strong> avait en charge la <a href=\"http:\/\/www.dispositifs-speciaux.com\/fr\/33\/aveam.html\" target=\"_blank\" rel=\"noopener\">coordination et la programmation des manipes \u00e9lectrom\u00e9caniques<\/a> en sous-traitance avec Av\u00e9am (Nantes). Trois dispositifs (\u00eelots 1, 3 et 10) ont \u00e9t\u00e9 r\u00e9alis\u00e9s en collaboration avec l&#8217;agence <strong>Cent Millions de pixels<\/strong>.<\/p>\n<p style=\"text-align: justify;\">L&#8217;exposition est structur\u00e9e en dix \u00eelots. Devant chaque \u00eelot une borne dite &#8220;de consigne&#8221; indique aux visiteurs (le public vis\u00e9 est en priorit\u00e9 est le public scolaire) une mission \u00e0 accomplir et propose un challenge \u00e0 remplir.<br \/>\nLes visiteurs sont dot\u00e9s d&#8217;un bracelet qui leur indique leur avancement dans les \u00eelots et leur donne des informations relatives \u00e0 la langue qu&#8217;ils pratiquent (les contenus sont propos\u00e9s en fran\u00e7ais, n\u00e9erlandais et anglais). <strong>Opixido<\/strong> n&#8217;a pas r\u00e9alis\u00e9 ce bracelet mais tous les interactifs pens\u00e9s et con\u00e7us par l&#8217;agence dialoguent avec lui.<\/p>\n<p style=\"text-align: justify;\">Parmi les dix \u00eelots r\u00e9alis\u00e9s :<br \/>\n-l&#8217;\u00eelot 1 propose de &#8220;voir la ville autrement&#8221;. Il s&#8217;agit d&#8217;une r\u00e9alisation audiovisuelle immersive qui consiste en une projection \u00e0 360\u00b0 de six minutes proposant des aper\u00e7us urbains li\u00e9s \u00e0 l&#8217;environnement synchronis\u00e9es avec des projections au sol sur la carte de Bruxelles.<br \/>\n-l&#8217;\u00eelot 2 questionne le &#8220;vivre en ville&#8221; et convoque huit dispositifs \u00e9lectrom\u00e9caniques mettant les visiteurs face \u00e0 diff\u00e9rentes nuisances urbaines.<br \/>\n-l&#8217;\u00eelot 3 invite \u00e0 &#8220;se d\u00e9placer&#8221;. Cet \u00eelot repose sur la r\u00e9alisation d&#8217;une balade collective \u00e0 v\u00e9lo dans Bruxelles, \u00e0 travers un dispositif \u00e0 la fois audiovisuel et interactif. <strong>Opixido<\/strong> a r\u00e9alis\u00e9 les films de balades dans Bruxelles et a con\u00e7u et d\u00e9velopp\u00e9 le sc\u00e9nario interactif avec les v\u00e9los. La balade collective se termine par une projection dans la ville du futur sous la forme d&#8217;une s\u00e9quence virtuelle en 3D.<br \/>\n-l&#8217;\u00eelot 6 est consacr\u00e9 \u00e0 la th\u00e9matique &#8220;se nourrir&#8221;. Il a n\u00e9cessit\u00e9 la conception et la r\u00e9alisation de huit tables potag\u00e8res interactives appel\u00e9es &#8220;Potager urbain&#8221; qui permettent de cultiver de quatre l\u00e9gumes. Les visiteurs doivent cultiver les l\u00e9gumes dont ils voient la pousse en acc\u00e9l\u00e9r\u00e9 (film en time-laps), ainsi que la r\u00e9alisation de quatre films de recettes de cuisines respectant les aliments de saison (1 film par saison).<br \/>\n-l&#8217;\u00eelot 10 invite \u00e0 &#8220;r\u00eaver la ville&#8221;, avec la sc\u00e9narisation et la r\u00e9alisation d&#8217;un film sur la ville de demain, projet\u00e9 sur l&#8217;ensemble de l&#8217;espace constituant l&#8217;\u00eelot.<\/p>\n<div id=\"attachment_10205\" style=\"width: 6730px\" class=\"wp-caption aligncenter\"><a href=\"https:\/\/www.sitem.fr\/wp-content\/uploads\/2018\/07\/Belexpo-HD-copyright-Arnaud-Ghys-3802.jpg\"><img loading=\"lazy\" decoding=\"async\" aria-describedby=\"caption-attachment-10205\" class=\"size-full wp-image-10205\" src=\"https:\/\/www.sitem.fr\/wp-content\/uploads\/2018\/07\/Belexpo-HD-copyright-Arnaud-Ghys-3802.jpg\" alt=\"Parcours BELEXPO. \u00a9Arnaud Ghys\" width=\"6720\" height=\"4480\" srcset=\"https:\/\/www.sitem.fr\/wp-content\/uploads\/2018\/07\/Belexpo-HD-copyright-Arnaud-Ghys-3802.jpg 6720w, https:\/\/www.sitem.fr\/wp-content\/uploads\/2018\/07\/Belexpo-HD-copyright-Arnaud-Ghys-3802-300x200.jpg 300w, https:\/\/www.sitem.fr\/wp-content\/uploads\/2018\/07\/Belexpo-HD-copyright-Arnaud-Ghys-3802-768x512.jpg 768w, https:\/\/www.sitem.fr\/wp-content\/uploads\/2018\/07\/Belexpo-HD-copyright-Arnaud-Ghys-3802-1024x683.jpg 1024w\" sizes=\"auto, (max-width: 6720px) 100vw, 6720px\" \/><\/a><p id=\"caption-attachment-10205\" class=\"wp-caption-text\">Parcours BELEXPO. \u00a9Arnaud Ghys<\/p><\/div>\n<div id=\"attachment_10203\" style=\"width: 6539px\" class=\"wp-caption aligncenter\"><a href=\"https:\/\/www.sitem.fr\/wp-content\/uploads\/2018\/07\/Belexpo-HD-copyright-Arnaud-Ghys-3697.jpg\"><img loading=\"lazy\" decoding=\"async\" aria-describedby=\"caption-attachment-10203\" class=\"size-full wp-image-10203\" src=\"https:\/\/www.sitem.fr\/wp-content\/uploads\/2018\/07\/Belexpo-HD-copyright-Arnaud-Ghys-3697.jpg\" alt=\"Parcours BELEXPO. \u00a9Arnaud Ghys\" width=\"6529\" height=\"4353\" srcset=\"https:\/\/www.sitem.fr\/wp-content\/uploads\/2018\/07\/Belexpo-HD-copyright-Arnaud-Ghys-3697.jpg 6529w, https:\/\/www.sitem.fr\/wp-content\/uploads\/2018\/07\/Belexpo-HD-copyright-Arnaud-Ghys-3697-300x200.jpg 300w, https:\/\/www.sitem.fr\/wp-content\/uploads\/2018\/07\/Belexpo-HD-copyright-Arnaud-Ghys-3697-768x512.jpg 768w, https:\/\/www.sitem.fr\/wp-content\/uploads\/2018\/07\/Belexpo-HD-copyright-Arnaud-Ghys-3697-1024x683.jpg 1024w\" sizes=\"auto, (max-width: 6529px) 100vw, 6529px\" \/><\/a><p id=\"caption-attachment-10203\" class=\"wp-caption-text\">Parcours BELEXPO. \u00a9Arnaud Ghys<\/p><\/div>\n<p style=\"text-align: justify;\"><a href=\"http:\/\/opixido.com\/2015\/\" target=\"_blank\" rel=\"noopener\">www.opixido.com<\/a><\/p>\n<p style=\"text-align: justify;\"><strong>Consultez la <a href=\"http:\/\/www.museumexperts.com\/nos_services\/annuaire\/prestataire\/1579\" target=\"_blank\" rel=\"noopener\">Fiche Annuaire<\/a> de OPIXIDO<\/strong><\/p>\n<p style=\"text-align: justify;\"><a href=\"http:\/\/www.centmillionsdepixels.com\/index.html\" target=\"_blank\" rel=\"noopener\">www.centmillionsdepixels.com<\/a><\/p>\n<p style=\"text-align: justify;\"><strong>Consultez la <a href=\"http:\/\/www.museumexperts.com\/nos_services\/annuaire\/prestataire\/2054\" target=\"_blank\" rel=\"noopener\">Fiche Annuaire<\/a> de CENT MILLIONS DE PIXELS<\/strong><\/p>\n","protected":false},"excerpt":{"rendered":"Opixido r\u00e9alise avec Cent millions de pixels l&#8217;ensemble des audiovisuels et des interactifs du parcours BELEXPO. Le BEL est une initiative de Bruxelles Environnement : ce lieu rassemble un centre Congr\u00e8s un centre d\u2019information, un restaurant, et le parcours BELEXPO. Ce parcours propose aux jeunes de 10 \u00e0 14 ans (et \u00e0 leur famille) une&#8230; <br><a class=\"readm\" href=\"https:\/\/www.sitem.fr\/en\/opixido-cent-millions-de-pixels-audiovisuels-interactifs-parcours-belexpo\/\">Read more<\/a>","protected":false},"author":2,"featured_media":10204,"comment_status":"open","ping_status":"open","sticky":false,"template":"","format":"standard","meta":{"_acf_changed":false,"footnotes":""},"categories":[137,149,367],"tags":[249,435],"class_list":["post-10269","post","type-post","status-publish","format-standard","has-post-thumbnail","hentry","category-audiovisuel-multimedia","category-interactivite-2","category-parcours-dinterpretation","tag-cent-millions-de-pixels","tag-opixido"],"acf":[],"_links":{"self":[{"href":"https:\/\/www.sitem.fr\/en\/wp-json\/wp\/v2\/posts\/10269","targetHints":{"allow":["GET"]}}],"collection":[{"href":"https:\/\/www.sitem.fr\/en\/wp-json\/wp\/v2\/posts"}],"about":[{"href":"https:\/\/www.sitem.fr\/en\/wp-json\/wp\/v2\/types\/post"}],"author":[{"embeddable":true,"href":"https:\/\/www.sitem.fr\/en\/wp-json\/wp\/v2\/users\/2"}],"replies":[{"embeddable":true,"href":"https:\/\/www.sitem.fr\/en\/wp-json\/wp\/v2\/comments?post=10269"}],"version-history":[{"count":2,"href":"https:\/\/www.sitem.fr\/en\/wp-json\/wp\/v2\/posts\/10269\/revisions"}],"predecessor-version":[{"id":10307,"href":"https:\/\/www.sitem.fr\/en\/wp-json\/wp\/v2\/posts\/10269\/revisions\/10307"}],"wp:featuredmedia":[{"embeddable":true,"href":"https:\/\/www.sitem.fr\/en\/wp-json\/wp\/v2\/media\/10204"}],"wp:attachment":[{"href":"https:\/\/www.sitem.fr\/en\/wp-json\/wp\/v2\/media?parent=10269"}],"wp:term":[{"taxonomy":"category","embeddable":true,"href":"https:\/\/www.sitem.fr\/en\/wp-json\/wp\/v2\/categories?post=10269"},{"taxonomy":"post_tag","embeddable":true,"href":"https:\/\/www.sitem.fr\/en\/wp-json\/wp\/v2\/tags?post=10269"}],"curies":[{"name":"wp","href":"https:\/\/api.w.org\/{rel}","templated":true}]}}