{"id":10288,"date":"2018-06-30T18:20:21","date_gmt":"2018-06-30T16:20:21","guid":{"rendered":"https:\/\/www.sitem.fr\/?p=10288"},"modified":"2018-10-08T17:26:56","modified_gmt":"2018-10-08T15:26:56","slug":"scenographie-exposition-permanente-pre-curieux-evian-idal-waves-system","status":"publish","type":"post","link":"https:\/\/www.sitem.fr\/en\/scenographie-exposition-permanente-pre-curieux-evian-idal-waves-system\/","title":{"rendered":"R\u00e9alisation de la sc\u00e9nographie de l&#8217;exposition permanente du Pr\u00e9 Curieux avec ID-AL de Waves System"},"content":{"rendered":"<p style=\"text-align: justify;\">Apr\u00e8s 14 ann\u00e9es d\u2019ouverture au public, l\u2019exposition permanente du <a href=\"http:\/\/ville-evian.fr\/fr\/cadre-de-vie\/parcs-et-jardin1\/jardin-pre-carre\" target=\"_blank\" rel=\"noopener\">Pr\u00e9 Curieux<\/a> montre des signes de faiblesse. Sont notamment vis\u00e9s : les syst\u00e8mes \u00e9lectroniques d\u00e9faillants et le manque d\u2019interactivit\u00e9. La Ville d\u2019Evian coordonne alors une d\u00e9marche de conception-r\u00e9alisation d&#8217;une nouvelle exposition didactique et accessible \u00e0 tout un chacun sur le th\u00e8me du parcours de l&#8217;eau et du respect de l&#8217;environnement.<\/p>\n<p style=\"text-align: justify;\"><a href=\"https:\/\/www.sitem.fr\/wp-content\/uploads\/2018\/07\/Ferme-du-Pre\u0301-curieux.jpg\"><img loading=\"lazy\" decoding=\"async\" class=\"aligncenter size-full wp-image-10225\" src=\"https:\/\/www.sitem.fr\/wp-content\/uploads\/2018\/07\/Ferme-du-Pre\u0301-curieux.jpg\" alt=\"Ferme-du-Pre\u0301-curieux\" width=\"800\" height=\"450\" srcset=\"https:\/\/www.sitem.fr\/wp-content\/uploads\/2018\/07\/Ferme-du-Pre\u0301-curieux.jpg 800w, https:\/\/www.sitem.fr\/wp-content\/uploads\/2018\/07\/Ferme-du-Pre\u0301-curieux-600x338.jpg 600w, https:\/\/www.sitem.fr\/wp-content\/uploads\/2018\/07\/Ferme-du-Pre\u0301-curieux-680x383.jpg 680w, https:\/\/www.sitem.fr\/wp-content\/uploads\/2018\/07\/Ferme-du-Pre\u0301-curieux-768x432.jpg 768w, https:\/\/www.sitem.fr\/wp-content\/uploads\/2018\/07\/Ferme-du-Pre\u0301-curieux-300x169.jpg 300w\" sizes=\"auto, (max-width: 800px) 100vw, 800px\" \/><\/a>C&#8217;est l\u00e0 que <strong>ID-AL<\/strong> intervient, sous la houlette de la soci\u00e9t\u00e9 IRELEM qui a remport\u00e9 le march\u00e9 public, un op\u00e9rateur historique du fabricant de <strong>ID-AL<\/strong> (<strong>Waves System<\/strong>). La sc\u00e9nographie \u00e9tant l\u2019\u0153uvre de CREA FACTORY assist\u00e9 de TELOA.<\/p>\n<p style=\"text-align: justify;\">Le cahier des charges stipulait la cr\u00e9ation d\u2019un espace immersif par le d\u00e9cor et l\u2019ambiance sonore et l&#8217;apport de manipulations ludiques et sensorielles pour tous.<br \/>\nLa prescription de Christian REBOUILLAT recense des lecteurs vid\u00e9o VP200HDI ID-AL utilis\u00e9s pour la vid\u00e9o-projection interactive et la r\u00e9alit\u00e9 augment\u00e9e, un show contr\u00f4leur EVENT PLAYER ID-AL pour synchroniser le son l&#8217;image et les \u00e9clairages d&#8217;une maquette interactive. Des capteurs tactiles capacitifs SENSO Pad ID-AL sont plac\u00e9s sous les disques de mati\u00e8re.<\/p>\n<p style=\"text-align: justify;\"><a href=\"https:\/\/www.sitem.fr\/wp-content\/uploads\/2018\/07\/EventPlayer_1.jpg\"><img loading=\"lazy\" decoding=\"async\" class=\"aligncenter size-full wp-image-10224\" src=\"https:\/\/www.sitem.fr\/wp-content\/uploads\/2018\/07\/EventPlayer_1.jpg\" alt=\"EventPlayer-idal-waves-system\" width=\"800\" height=\"376\" srcset=\"https:\/\/www.sitem.fr\/wp-content\/uploads\/2018\/07\/EventPlayer_1.jpg 800w, https:\/\/www.sitem.fr\/wp-content\/uploads\/2018\/07\/EventPlayer_1-600x282.jpg 600w, https:\/\/www.sitem.fr\/wp-content\/uploads\/2018\/07\/EventPlayer_1-300x141.jpg 300w, https:\/\/www.sitem.fr\/wp-content\/uploads\/2018\/07\/EventPlayer_1-768x361.jpg 768w\" sizes=\"auto, (max-width: 800px) 100vw, 800px\" \/><\/a>Ces capteurs sont sensibles \u00e0 la pression et au mouvement induit par les disques. Lorsque le capteur est enclench\u00e9, il d\u00e9marre un lecteur audio CHRONO Player ID-AL raccord\u00e9 \u00e0 un amplificateur MICRO AMP ID-AL qui alimente une enceinte int\u00e9gr\u00e9e au mobilier. Un dernier VP200HDi alimente un autre vid\u00e9oprojecteur pour illustrer diff\u00e9rentes zones humides dans le monde via des diaporamas. Un lecteur MICRO PLAYER MKII amplifi\u00e9 ID-AL alimente quatre haut-parleurs pour illustrer la faune de marais et, au-del\u00e0, l\u2019ambiance sonore de ce biotope.<\/p>\n<p style=\"text-align: justify;\"><strong>ID-AL est con\u00e7u et distribu\u00e9 par Waves System <\/strong><\/p>\n<p style=\"text-align: justify;\">www.wsystem.com<\/p>\n<p style=\"text-align: justify;\"><strong>Consultez la <a href=\"http:\/\/www.museumexperts.com\/nos_services\/annuaire\/prestataire\/2474\" target=\"_blank\" rel=\"noopener\">Fiche Annuaire<\/a> de WAVES SYSTEM<\/strong><\/p>\n","protected":false},"excerpt":{"rendered":"Apr\u00e8s 14 ann\u00e9es d\u2019ouverture au public, l\u2019exposition permanente du Pr\u00e9 Curieux montre des signes de faiblesse. Sont notamment vis\u00e9s : les syst\u00e8mes \u00e9lectroniques d\u00e9faillants et le manque d\u2019interactivit\u00e9. La Ville d\u2019Evian coordonne alors une d\u00e9marche de conception-r\u00e9alisation d&#8217;une nouvelle exposition didactique et accessible \u00e0 tout un chacun sur le th\u00e8me du parcours de l&#8217;eau et&#8230; <br><a class=\"readm\" href=\"https:\/\/www.sitem.fr\/en\/scenographie-exposition-permanente-pre-curieux-evian-idal-waves-system\/\">Read more<\/a>","protected":false},"author":2,"featured_media":10225,"comment_status":"open","ping_status":"open","sticky":false,"template":"","format":"standard","meta":{"_acf_changed":false,"footnotes":""},"categories":[137,1,154],"tags":[546,81],"class_list":["post-10288","post","type-post","status-publish","format-standard","has-post-thumbnail","hentry","category-audiovisuel-multimedia","category-non-classifiee","category-son-2","tag-pre-curieux","tag-waves-system"],"acf":[],"_links":{"self":[{"href":"https:\/\/www.sitem.fr\/en\/wp-json\/wp\/v2\/posts\/10288","targetHints":{"allow":["GET"]}}],"collection":[{"href":"https:\/\/www.sitem.fr\/en\/wp-json\/wp\/v2\/posts"}],"about":[{"href":"https:\/\/www.sitem.fr\/en\/wp-json\/wp\/v2\/types\/post"}],"author":[{"embeddable":true,"href":"https:\/\/www.sitem.fr\/en\/wp-json\/wp\/v2\/users\/2"}],"replies":[{"embeddable":true,"href":"https:\/\/www.sitem.fr\/en\/wp-json\/wp\/v2\/comments?post=10288"}],"version-history":[{"count":3,"href":"https:\/\/www.sitem.fr\/en\/wp-json\/wp\/v2\/posts\/10288\/revisions"}],"predecessor-version":[{"id":10946,"href":"https:\/\/www.sitem.fr\/en\/wp-json\/wp\/v2\/posts\/10288\/revisions\/10946"}],"wp:featuredmedia":[{"embeddable":true,"href":"https:\/\/www.sitem.fr\/en\/wp-json\/wp\/v2\/media\/10225"}],"wp:attachment":[{"href":"https:\/\/www.sitem.fr\/en\/wp-json\/wp\/v2\/media?parent=10288"}],"wp:term":[{"taxonomy":"category","embeddable":true,"href":"https:\/\/www.sitem.fr\/en\/wp-json\/wp\/v2\/categories?post=10288"},{"taxonomy":"post_tag","embeddable":true,"href":"https:\/\/www.sitem.fr\/en\/wp-json\/wp\/v2\/tags?post=10288"}],"curies":[{"name":"wp","href":"https:\/\/api.w.org\/{rel}","templated":true}]}}