{"id":10394,"date":"2018-08-02T10:30:07","date_gmt":"2018-08-02T08:30:07","guid":{"rendered":"https:\/\/www.sitem.fr\/?p=10394"},"modified":"2018-09-24T09:08:01","modified_gmt":"2018-09-24T07:08:01","slug":"mba-france-bibliotheque-humaniste-selestat-cloisons-vitrines","status":"publish","type":"post","link":"https:\/\/www.sitem.fr\/en\/mba-france-bibliotheque-humaniste-selestat-cloisons-vitrines\/","title":{"rendered":"MBA France \u00e9quipe la Biblioth\u00e8que Humaniste de S\u00e9lestat en cloisons et vitrines"},"content":{"rendered":"<p style=\"text-align: justify;\">Apr\u00e8s quatre ans de travaux, la Biblioth\u00e8que Humaniste de S\u00e9lestat a r\u00e9-ouvert au public le 23 juin dernier.<\/p>\n<p style=\"text-align: justify;\"><a href=\"https:\/\/www.sitem.fr\/wp-content\/uploads\/2018\/08\/Capture-d\u2019e\u0301cran-2018-08-03-a\u0300-15.04.52.png\"><img loading=\"lazy\" decoding=\"async\" class=\"aligncenter size-full wp-image-10366\" src=\"https:\/\/www.sitem.fr\/wp-content\/uploads\/2018\/08\/Capture-d\u2019e\u0301cran-2018-08-03-a\u0300-15.04.52.png\" alt=\"mba-france-vitrines-cloisons-bibliotheque-humaniste-selestat\" width=\"1065\" height=\"716\" srcset=\"https:\/\/www.sitem.fr\/wp-content\/uploads\/2018\/08\/Capture-d\u2019e\u0301cran-2018-08-03-a\u0300-15.04.52.png 1065w, https:\/\/www.sitem.fr\/wp-content\/uploads\/2018\/08\/Capture-d\u2019e\u0301cran-2018-08-03-a\u0300-15.04.52-600x403.png 600w, https:\/\/www.sitem.fr\/wp-content\/uploads\/2018\/08\/Capture-d\u2019e\u0301cran-2018-08-03-a\u0300-15.04.52-300x202.png 300w, https:\/\/www.sitem.fr\/wp-content\/uploads\/2018\/08\/Capture-d\u2019e\u0301cran-2018-08-03-a\u0300-15.04.52-768x516.png 768w, https:\/\/www.sitem.fr\/wp-content\/uploads\/2018\/08\/Capture-d\u2019e\u0301cran-2018-08-03-a\u0300-15.04.52-1024x688.png 1024w\" sizes=\"auto, (max-width: 1065px) 100vw, 1065px\" \/><\/a><a href=\"https:\/\/www.sitem.fr\/wp-content\/uploads\/2018\/08\/Capture-d\u2019e\u0301cran-2018-08-03-a\u0300-15.08.32.png\"><img loading=\"lazy\" decoding=\"async\" class=\"aligncenter size-full wp-image-10378\" src=\"https:\/\/www.sitem.fr\/wp-content\/uploads\/2018\/08\/Capture-d\u2019e\u0301cran-2018-08-03-a\u0300-15.08.32.png\" alt=\"mba-france-vitrines-cloisons-bibliotheque-humaniste-selestat\" width=\"1106\" height=\"733\" srcset=\"https:\/\/www.sitem.fr\/wp-content\/uploads\/2018\/08\/Capture-d\u2019e\u0301cran-2018-08-03-a\u0300-15.08.32.png 1106w, https:\/\/www.sitem.fr\/wp-content\/uploads\/2018\/08\/Capture-d\u2019e\u0301cran-2018-08-03-a\u0300-15.08.32-600x398.png 600w, https:\/\/www.sitem.fr\/wp-content\/uploads\/2018\/08\/Capture-d\u2019e\u0301cran-2018-08-03-a\u0300-15.08.32-300x199.png 300w, https:\/\/www.sitem.fr\/wp-content\/uploads\/2018\/08\/Capture-d\u2019e\u0301cran-2018-08-03-a\u0300-15.08.32-768x509.png 768w, https:\/\/www.sitem.fr\/wp-content\/uploads\/2018\/08\/Capture-d\u2019e\u0301cran-2018-08-03-a\u0300-15.08.32-1024x679.png 1024w\" sizes=\"auto, (max-width: 1106px) 100vw, 1106px\" \/><\/a>La Biblioth\u00e8que Humaniste constitue un t\u00e9moignage unique de la p\u00e9riode de renouveau intellectuel qui a marqu\u00e9 le 14\u00e8me si\u00e8cle en Europe. La ville de S\u00e9lestat (situ\u00e9e dans l&#8217;actuel\u00a0d\u00e9partement du Bas-Rhin et l&#8217;actuelle r\u00e9gion Grand Est) a en effet b\u00e9n\u00e9fici\u00e9 d&#8217;une position g\u00e9ographique strat\u00e9gique, entre les centres de pens\u00e9e de l&#8217;Italie et des Pays-Bas.<br \/>\nElle a \u00e9galement \u00e9t\u00e9 marqu\u00e9e par la figure de l&#8217;\u00e9diteur, \u00e9crivain, avocat humaniste, et ami d&#8217;Erasme, Beatus Rhenanus (1485-1547), qui est n\u00e9 et a longuement v\u00e9cu dans la ville.<\/p>\n<p style=\"text-align: justify;\">Le fonds de la Biblioth\u00e8que Humaniste est d&#8217;ailleurs constitu\u00e9 de la biblioth\u00e8que personnelle de Beatus Rhenanus, compl\u00e9t\u00e9 par celui de la biblioth\u00e8que paroissiale. Le fonds ayant ensuite \u00e9t\u00e9 enrichi par des achats et des dons r\u00e9alis\u00e9s et re\u00e7us au fil des si\u00e8cles.<br \/>\nLa Biblioth\u00e8que Humaniste de S\u00e9lestat conserve actuellement\u00a0 423 volumes, contenant 1 287 \u0153uvres et 41 manuscrits r\u00e9partis dans divers recueils, auxquels s&#8217;ajoutent 33 manuscrits anciens et 255 lettres autographes.<\/p>\n<p style=\"text-align: justify;\">Pour pr\u00e9senter ce fonds unique au public dans des conditions optimales, l&#8217;architecte\u00a0Rudy Ricciotti (qui a sign\u00e9, notamment, le MuCEM \u00e0 Marseille),\u00a0a\u00a0doubl\u00e9 les surfaces du site\u00a0en ajoutant une extension et en am\u00e9nageant des sous-sols. La restructuration a permis de pr\u00e9server l\u2019aspect architectural n\u00e9o-roman de la halle aux bl\u00e9s\u00a0de la ville,\u00a0\u00e9difi\u00e9e en 1840, et dans laquelle la Biblioth\u00e8que est install\u00e9e depuis 1889.<\/p>\n<p style=\"text-align: justify;\"><a href=\"https:\/\/www.sitem.fr\/wp-content\/uploads\/2018\/08\/Capture-d\u2019e\u0301cran-2018-08-03-a\u0300-15.06.37.png\"><img loading=\"lazy\" decoding=\"async\" class=\"aligncenter size-full wp-image-10370\" src=\"https:\/\/www.sitem.fr\/wp-content\/uploads\/2018\/08\/Capture-d\u2019e\u0301cran-2018-08-03-a\u0300-15.06.37.png\" alt=\"mba-france-vitrines-cloisons-bibliotheque-humaniste-selestat\" width=\"1110\" height=\"736\" srcset=\"https:\/\/www.sitem.fr\/wp-content\/uploads\/2018\/08\/Capture-d\u2019e\u0301cran-2018-08-03-a\u0300-15.06.37.png 1110w, https:\/\/www.sitem.fr\/wp-content\/uploads\/2018\/08\/Capture-d\u2019e\u0301cran-2018-08-03-a\u0300-15.06.37-600x398.png 600w, https:\/\/www.sitem.fr\/wp-content\/uploads\/2018\/08\/Capture-d\u2019e\u0301cran-2018-08-03-a\u0300-15.06.37-664x440.png 664w, https:\/\/www.sitem.fr\/wp-content\/uploads\/2018\/08\/Capture-d\u2019e\u0301cran-2018-08-03-a\u0300-15.06.37-1024x679.png 1024w, https:\/\/www.sitem.fr\/wp-content\/uploads\/2018\/08\/Capture-d\u2019e\u0301cran-2018-08-03-a\u0300-15.06.37-768x509.png 768w, https:\/\/www.sitem.fr\/wp-content\/uploads\/2018\/08\/Capture-d\u2019e\u0301cran-2018-08-03-a\u0300-15.06.37-300x199.png 300w\" sizes=\"auto, (max-width: 1110px) 100vw, 1110px\" \/><\/a>L&#8217;\u00e9crin architectural ainsi d\u00e9fini, la sc\u00e9nographie int\u00e9rieure a ensuite \u00e9t\u00e9 pens\u00e9e par l\u2019Atelier Akiko (Gilles Vignier). Ce sont les cloisons Mila-wall de <strong>MBA<\/strong> et les vitrines SEHNER, dont MBA France est la repr\u00e9sentante exclusive, qui ont \u00e9t\u00e9 choisies pour\u00a0magnifier la pr\u00e9sentation des oeuvres de la collection permanente et \u00e9quiper les espaces d\u00e9di\u00e9s aux expositions temporaires.<\/p>\n<p style=\"text-align: justify;\"><a href=\"https:\/\/www.sitem.fr\/wp-content\/uploads\/2018\/08\/Capture-d\u2019e\u0301cran-2018-08-03-a\u0300-15.05.27.png\"><img loading=\"lazy\" decoding=\"async\" class=\"aligncenter size-full wp-image-10368\" src=\"https:\/\/www.sitem.fr\/wp-content\/uploads\/2018\/08\/Capture-d\u2019e\u0301cran-2018-08-03-a\u0300-15.05.27.png\" alt=\"mba-france-vitrines-cloisons-bibliotheque-humaniste-selestat\" width=\"1055\" height=\"700\" srcset=\"https:\/\/www.sitem.fr\/wp-content\/uploads\/2018\/08\/Capture-d\u2019e\u0301cran-2018-08-03-a\u0300-15.05.27.png 1055w, https:\/\/www.sitem.fr\/wp-content\/uploads\/2018\/08\/Capture-d\u2019e\u0301cran-2018-08-03-a\u0300-15.05.27-600x398.png 600w, https:\/\/www.sitem.fr\/wp-content\/uploads\/2018\/08\/Capture-d\u2019e\u0301cran-2018-08-03-a\u0300-15.05.27-300x199.png 300w, https:\/\/www.sitem.fr\/wp-content\/uploads\/2018\/08\/Capture-d\u2019e\u0301cran-2018-08-03-a\u0300-15.05.27-768x510.png 768w, https:\/\/www.sitem.fr\/wp-content\/uploads\/2018\/08\/Capture-d\u2019e\u0301cran-2018-08-03-a\u0300-15.05.27-1024x679.png 1024w\" sizes=\"auto, (max-width: 1055px) 100vw, 1055px\" \/><\/a> <a href=\"https:\/\/www.sitem.fr\/wp-content\/uploads\/2018\/08\/Capture-d\u2019e\u0301cran-2018-08-03-a\u0300-15.05.06.png\"><img loading=\"lazy\" decoding=\"async\" class=\"aligncenter size-full wp-image-10367\" src=\"https:\/\/www.sitem.fr\/wp-content\/uploads\/2018\/08\/Capture-d\u2019e\u0301cran-2018-08-03-a\u0300-15.05.06.png\" alt=\"mba-france-vitrines-cloisons-bibliotheque-humaniste-selestat\" width=\"1082\" height=\"711\" srcset=\"https:\/\/www.sitem.fr\/wp-content\/uploads\/2018\/08\/Capture-d\u2019e\u0301cran-2018-08-03-a\u0300-15.05.06.png 1082w, https:\/\/www.sitem.fr\/wp-content\/uploads\/2018\/08\/Capture-d\u2019e\u0301cran-2018-08-03-a\u0300-15.05.06-600x394.png 600w, https:\/\/www.sitem.fr\/wp-content\/uploads\/2018\/08\/Capture-d\u2019e\u0301cran-2018-08-03-a\u0300-15.05.06-300x197.png 300w, https:\/\/www.sitem.fr\/wp-content\/uploads\/2018\/08\/Capture-d\u2019e\u0301cran-2018-08-03-a\u0300-15.05.06-768x505.png 768w, https:\/\/www.sitem.fr\/wp-content\/uploads\/2018\/08\/Capture-d\u2019e\u0301cran-2018-08-03-a\u0300-15.05.06-1024x673.png 1024w\" sizes=\"auto, (max-width: 1082px) 100vw, 1082px\" \/><\/a>Le Livre des Miracles de Sainte Foy (11\u00e8me-14\u00e8me si\u00e8cles), le cahier d&#8217;\u00e9colier de Beatus Rhenanus (1498-1499) ou encore l&#8217;Herbier d&#8217;Otto Brunfels (1511) qui marque les d\u00e9buts de la science botanique, sont ainsi pr\u00e9sent\u00e9s dans des conditions id\u00e9ales, tant en termes de conditions de conservation, qu&#8217;en termes de confort de visite pour le public.<\/p>\n<p style=\"text-align: justify;\"><a href=\"https:\/\/www.sitem.fr\/wp-content\/uploads\/2018\/08\/Capture-d\u2019e\u0301cran-2018-08-03-a\u0300-15.07.44.png\"><img loading=\"lazy\" decoding=\"async\" class=\"aligncenter size-full wp-image-10375\" src=\"https:\/\/www.sitem.fr\/wp-content\/uploads\/2018\/08\/Capture-d\u2019e\u0301cran-2018-08-03-a\u0300-15.07.44.png\" alt=\"mba-france-vitrines-cloisons-bibliotheque-humaniste-selestat\" width=\"1086\" height=\"722\" srcset=\"https:\/\/www.sitem.fr\/wp-content\/uploads\/2018\/08\/Capture-d\u2019e\u0301cran-2018-08-03-a\u0300-15.07.44.png 1086w, https:\/\/www.sitem.fr\/wp-content\/uploads\/2018\/08\/Capture-d\u2019e\u0301cran-2018-08-03-a\u0300-15.07.44-600x399.png 600w, https:\/\/www.sitem.fr\/wp-content\/uploads\/2018\/08\/Capture-d\u2019e\u0301cran-2018-08-03-a\u0300-15.07.44-300x199.png 300w, https:\/\/www.sitem.fr\/wp-content\/uploads\/2018\/08\/Capture-d\u2019e\u0301cran-2018-08-03-a\u0300-15.07.44-768x511.png 768w, https:\/\/www.sitem.fr\/wp-content\/uploads\/2018\/08\/Capture-d\u2019e\u0301cran-2018-08-03-a\u0300-15.07.44-1024x681.png 1024w\" sizes=\"auto, (max-width: 1086px) 100vw, 1086px\" \/><\/a> <a href=\"https:\/\/www.sitem.fr\/wp-content\/uploads\/2018\/08\/Capture-d\u2019e\u0301cran-2018-08-03-a\u0300-15.07.31.png\"><img loading=\"lazy\" decoding=\"async\" class=\"aligncenter size-full wp-image-10374\" src=\"https:\/\/www.sitem.fr\/wp-content\/uploads\/2018\/08\/Capture-d\u2019e\u0301cran-2018-08-03-a\u0300-15.07.31.png\" alt=\"mba-france-vitrines-cloisons-bibliotheque-humaniste-selestat\" width=\"1069\" height=\"710\" srcset=\"https:\/\/www.sitem.fr\/wp-content\/uploads\/2018\/08\/Capture-d\u2019e\u0301cran-2018-08-03-a\u0300-15.07.31.png 1069w, https:\/\/www.sitem.fr\/wp-content\/uploads\/2018\/08\/Capture-d\u2019e\u0301cran-2018-08-03-a\u0300-15.07.31-600x399.png 600w, https:\/\/www.sitem.fr\/wp-content\/uploads\/2018\/08\/Capture-d\u2019e\u0301cran-2018-08-03-a\u0300-15.07.31-300x199.png 300w, https:\/\/www.sitem.fr\/wp-content\/uploads\/2018\/08\/Capture-d\u2019e\u0301cran-2018-08-03-a\u0300-15.07.31-768x510.png 768w, https:\/\/www.sitem.fr\/wp-content\/uploads\/2018\/08\/Capture-d\u2019e\u0301cran-2018-08-03-a\u0300-15.07.31-1024x680.png 1024w\" sizes=\"auto, (max-width: 1069px) 100vw, 1069px\" \/><\/a> <a href=\"https:\/\/www.sitem.fr\/wp-content\/uploads\/2018\/08\/Capture-d\u2019e\u0301cran-2018-08-03-a\u0300-15.07.05.png\"><img loading=\"lazy\" decoding=\"async\" class=\"aligncenter size-full wp-image-10372\" src=\"https:\/\/www.sitem.fr\/wp-content\/uploads\/2018\/08\/Capture-d\u2019e\u0301cran-2018-08-03-a\u0300-15.07.05.png\" alt=\"mba-france-vitrines-cloisons-bibliotheque-humaniste-selestat\" width=\"1085\" height=\"596\" srcset=\"https:\/\/www.sitem.fr\/wp-content\/uploads\/2018\/08\/Capture-d\u2019e\u0301cran-2018-08-03-a\u0300-15.07.05.png 1085w, https:\/\/www.sitem.fr\/wp-content\/uploads\/2018\/08\/Capture-d\u2019e\u0301cran-2018-08-03-a\u0300-15.07.05-600x330.png 600w, https:\/\/www.sitem.fr\/wp-content\/uploads\/2018\/08\/Capture-d\u2019e\u0301cran-2018-08-03-a\u0300-15.07.05-300x165.png 300w, https:\/\/www.sitem.fr\/wp-content\/uploads\/2018\/08\/Capture-d\u2019e\u0301cran-2018-08-03-a\u0300-15.07.05-768x422.png 768w, https:\/\/www.sitem.fr\/wp-content\/uploads\/2018\/08\/Capture-d\u2019e\u0301cran-2018-08-03-a\u0300-15.07.05-1024x562.png 1024w\" sizes=\"auto, (max-width: 1085px) 100vw, 1085px\" \/><\/a>L&#8217;exposition temporaire &#8220;R\u00e9miniscences&#8221; pr\u00e9sent\u00e9e du 23 juin au 9 septembre 2018 \u00e0 la\u00a0Biblioth\u00e8que Humaniste de S\u00e9lestat pr\u00e9sente les photographies du\u00a0photographe Dominique Pichard, alias P-Mod. P-Mod est intervenu aupr\u00e8s de la Biblioth\u00e8que Humaniste dans le cadre d\u2019une r\u00e9sidence de quatre ans pour documenter et garder trace de l&#8217;important chantier v\u00e9cu par le b\u00e2timent. Les cloisons fournies par MBA France, au design \u00e9pur\u00e9 et \u00e0 la structure modulaire permettront \u00e0 la Biblioth\u00e8que de les r\u00e9utiliser \u00e0 l&#8217;avenir pour d&#8217;autres expositions, aux configurations diff\u00e9rentes.<\/p>\n<p style=\"text-align: justify;\">L\u00e9gendes et cr\u00e9dits des visuels : Biblioth\u00e8que Humaniste de S\u00e9lestat, \u00a9Roland Letscher\/MBA France.<\/p>\n<p style=\"text-align: justify;\"><a href=\"http:\/\/www.mba-france.fr\" target=\"_blank\" rel=\"noopener\">www.mba-france.fr<\/a><\/p>\n<p style=\"text-align: justify;\"><strong>Consultez la <a href=\"http:\/\/www.museumexperts.com\/nos_services\/annuaire\/prestataire\/1442\" target=\"_blank\" rel=\"noopener\">Fiche Annuaire<\/a> de MBA FRANCE <\/strong><\/p>\n","protected":false},"excerpt":{"rendered":"Apr\u00e8s quatre ans de travaux, la Biblioth\u00e8que Humaniste de S\u00e9lestat a r\u00e9-ouvert au public le 23 juin dernier. La Biblioth\u00e8que Humaniste constitue un t\u00e9moignage unique de la p\u00e9riode de renouveau intellectuel qui a marqu\u00e9 le 14\u00e8me si\u00e8cle en Europe. La ville de S\u00e9lestat (situ\u00e9e dans l&#8217;actuel\u00a0d\u00e9partement du Bas-Rhin et l&#8217;actuelle r\u00e9gion Grand Est) a en&#8230; <br><a class=\"readm\" href=\"https:\/\/www.sitem.fr\/en\/mba-france-bibliotheque-humaniste-selestat-cloisons-vitrines\/\">Read more<\/a>","protected":false},"author":2,"featured_media":10370,"comment_status":"open","ping_status":"open","sticky":false,"template":"","format":"standard","meta":{"_acf_changed":false,"footnotes":""},"categories":[139,144,156],"tags":[556,14],"class_list":["post-10394","post","type-post","status-publish","format-standard","has-post-thumbnail","hentry","category-cloisons","category-mobilier","category-vitrines","tag-bibliotheque-humaniste-selestat","tag-mba-france"],"acf":[],"_links":{"self":[{"href":"https:\/\/www.sitem.fr\/en\/wp-json\/wp\/v2\/posts\/10394","targetHints":{"allow":["GET"]}}],"collection":[{"href":"https:\/\/www.sitem.fr\/en\/wp-json\/wp\/v2\/posts"}],"about":[{"href":"https:\/\/www.sitem.fr\/en\/wp-json\/wp\/v2\/types\/post"}],"author":[{"embeddable":true,"href":"https:\/\/www.sitem.fr\/en\/wp-json\/wp\/v2\/users\/2"}],"replies":[{"embeddable":true,"href":"https:\/\/www.sitem.fr\/en\/wp-json\/wp\/v2\/comments?post=10394"}],"version-history":[{"count":6,"href":"https:\/\/www.sitem.fr\/en\/wp-json\/wp\/v2\/posts\/10394\/revisions"}],"predecessor-version":[{"id":10467,"href":"https:\/\/www.sitem.fr\/en\/wp-json\/wp\/v2\/posts\/10394\/revisions\/10467"}],"wp:featuredmedia":[{"embeddable":true,"href":"https:\/\/www.sitem.fr\/en\/wp-json\/wp\/v2\/media\/10370"}],"wp:attachment":[{"href":"https:\/\/www.sitem.fr\/en\/wp-json\/wp\/v2\/media?parent=10394"}],"wp:term":[{"taxonomy":"category","embeddable":true,"href":"https:\/\/www.sitem.fr\/en\/wp-json\/wp\/v2\/categories?post=10394"},{"taxonomy":"post_tag","embeddable":true,"href":"https:\/\/www.sitem.fr\/en\/wp-json\/wp\/v2\/tags?post=10394"}],"curies":[{"name":"wp","href":"https:\/\/api.w.org\/{rel}","templated":true}]}}