{"id":10415,"date":"2018-08-02T10:22:59","date_gmt":"2018-08-02T08:22:59","guid":{"rendered":"https:\/\/www.sitem.fr\/?p=10415"},"modified":"2018-09-20T09:14:05","modified_gmt":"2018-09-20T07:14:05","slug":"decouverte-bio-tresors-monts-dardeche-picbois","status":"publish","type":"post","link":"https:\/\/www.sitem.fr\/en\/decouverte-bio-tresors-monts-dardeche-picbois\/","title":{"rendered":"D\u00e9couverte des \u00ab Bio tr\u00e9sors des Monts d\u2019Ard\u00e8che \u00bb avec PIC BOIS"},"content":{"rendered":"<p style=\"text-align: justify;\">La sc\u00e9nographie de l\u2019exposition \u00ab\u00a0Bio tr\u00e9sors des Monts d\u2019Ard\u00e8che\u00a0\u00bb, \u00e0 la Maison du Parc Naturel R\u00e9gional des Monts d\u2019Ard\u00e8che, plonge le visiteur dans un v\u00e9ritable voyage ludique et sensoriel. Le public est invit\u00e9 \u00e0 la d\u00e9couvrir les esp\u00e8ces animales et v\u00e9g\u00e9tales rares et prot\u00e9g\u00e9es, et les paysages des espaces naturels sensibles du Parc.<\/p>\n<p style=\"text-align: justify;\"><strong>PIC BOIS<\/strong> a contribu\u00e9 \u00e0 l\u2019attractivit\u00e9 r\u00e9cr\u00e9ative de l\u2019exposition, con\u00e7ue par Biotope Communication, en fabriquant silhouettes et mobiliers \u00e0 manipuler itin\u00e9rants\u00a0:<\/p>\n<ul style=\"text-align: justify;\">\n<li>&#8220;Qui p\u00e8se le plus lourd\u00a0?&#8221; Pour le savoir, le public doit utiliser les clapets qui r\u00e9v\u00e8lent un message p\u00e9dagogique cibl\u00e9 une fois soulev\u00e9s.<\/li>\n<li>&#8220;Un observatoire permanent !&#8221; Les masques de plong\u00e9e simul\u00e9s sur le panneau diffusent des vid\u00e9os, qui permettent d\u2019observer les esp\u00e8ces li\u00e9es \u00e0 la rivi\u00e8re.<\/li>\n<li>La visite se termine avec une &#8221; Chasse aux bio tr\u00e9sors &#8221;\u00a0: il s\u2019agit de retrouver autour de la maison du Parc les silhouettes d\u2019animaux vivants dans le PNR et de les reconna\u00eetre.<\/li>\n<\/ul>\n<div id=\"attachment_10399\" style=\"width: 810px\" class=\"wp-caption aligncenter\"><a href=\"https:\/\/www.sitem.fr\/wp-content\/uploads\/2018\/08\/Silhouette-en-compact-decoupe-a-retrouver-dans-le-parc.jpg\"><img loading=\"lazy\" decoding=\"async\" aria-describedby=\"caption-attachment-10399\" class=\"size-full wp-image-10399\" src=\"https:\/\/www.sitem.fr\/wp-content\/uploads\/2018\/08\/Silhouette-en-compact-decoupe-a-retrouver-dans-le-parc.jpg\" alt=\"Maison du Parc Naturel R\u00e9gional des Monts d\u2019Ard\u00e8che, exposition Bio tr\u00e9sors des Monts d\u2019Ard\u00e8che, silhouette en compact d\u00e9coup\u00e9, \u00e0 retrouver dans le parc. \u00a9Pic Bois\" width=\"800\" height=\"533\" srcset=\"https:\/\/www.sitem.fr\/wp-content\/uploads\/2018\/08\/Silhouette-en-compact-decoupe-a-retrouver-dans-le-parc.jpg 800w, https:\/\/www.sitem.fr\/wp-content\/uploads\/2018\/08\/Silhouette-en-compact-decoupe-a-retrouver-dans-le-parc-600x400.jpg 600w, https:\/\/www.sitem.fr\/wp-content\/uploads\/2018\/08\/Silhouette-en-compact-decoupe-a-retrouver-dans-le-parc-660x440.jpg 660w, https:\/\/www.sitem.fr\/wp-content\/uploads\/2018\/08\/Silhouette-en-compact-decoupe-a-retrouver-dans-le-parc-768x512.jpg 768w, https:\/\/www.sitem.fr\/wp-content\/uploads\/2018\/08\/Silhouette-en-compact-decoupe-a-retrouver-dans-le-parc-300x200.jpg 300w\" sizes=\"auto, (max-width: 800px) 100vw, 800px\" \/><\/a><p id=\"caption-attachment-10399\" class=\"wp-caption-text\">Maison du Parc Naturel R\u00e9gional des Monts d\u2019Ard\u00e8che, exposition Bio tr\u00e9sors des Monts d\u2019Ard\u00e8che, silhouette en compact d\u00e9coup\u00e9, \u00e0 retrouver dans le parc. \u00a9Pic Bois<\/p><\/div>\n<div id=\"attachment_10398\" style=\"width: 810px\" class=\"wp-caption aligncenter\"><a href=\"https:\/\/www.sitem.fr\/wp-content\/uploads\/2018\/08\/Les-volets-a-soulever-sur-le-theme-des-biomasses.jpg\"><img loading=\"lazy\" decoding=\"async\" aria-describedby=\"caption-attachment-10398\" class=\"size-full wp-image-10398\" src=\"https:\/\/www.sitem.fr\/wp-content\/uploads\/2018\/08\/Les-volets-a-soulever-sur-le-theme-des-biomasses.jpg\" alt=\"Maison du Parc Naturel R\u00e9gional des Monts d\u2019Ard\u00e8che, exposition Bio tr\u00e9sors des Monts d\u2019Ard\u00e8che, les volets \u00e0 soulever sur le th\u00e8me des biomasses. \u00a9Pic Bois\" width=\"800\" height=\"534\" srcset=\"https:\/\/www.sitem.fr\/wp-content\/uploads\/2018\/08\/Les-volets-a-soulever-sur-le-theme-des-biomasses.jpg 800w, https:\/\/www.sitem.fr\/wp-content\/uploads\/2018\/08\/Les-volets-a-soulever-sur-le-theme-des-biomasses-600x401.jpg 600w, https:\/\/www.sitem.fr\/wp-content\/uploads\/2018\/08\/Les-volets-a-soulever-sur-le-theme-des-biomasses-300x200.jpg 300w, https:\/\/www.sitem.fr\/wp-content\/uploads\/2018\/08\/Les-volets-a-soulever-sur-le-theme-des-biomasses-768x513.jpg 768w\" sizes=\"auto, (max-width: 800px) 100vw, 800px\" \/><\/a><p id=\"caption-attachment-10398\" class=\"wp-caption-text\">Maison du Parc Naturel R\u00e9gional des Monts d\u2019Ard\u00e8che, exposition Bio tr\u00e9sors des Monts d\u2019Ard\u00e8che, les volets \u00e0 soulever sur le th\u00e8me des biomasses. \u00a9Pic Bois<\/p><\/div>\n<div id=\"attachment_10397\" style=\"width: 810px\" class=\"wp-caption aligncenter\"><a href=\"https:\/\/www.sitem.fr\/wp-content\/uploads\/2018\/08\/Le-monde-secret-de-la-riviere-observatoire-itine\u0301rant.jpg\"><img loading=\"lazy\" decoding=\"async\" aria-describedby=\"caption-attachment-10397\" class=\"size-full wp-image-10397\" src=\"https:\/\/www.sitem.fr\/wp-content\/uploads\/2018\/08\/Le-monde-secret-de-la-riviere-observatoire-itine\u0301rant.jpg\" alt=\"Maison du Parc Naturel R\u00e9gional des Monts d\u2019Ard\u00e8che, exposition Bio tr\u00e9sors des Monts d\u2019Ard\u00e8che, le monde secret de la rivi\u00e8re - observatoire itin\u00e9rant. \u00a9Pic Bois\" width=\"800\" height=\"533\" srcset=\"https:\/\/www.sitem.fr\/wp-content\/uploads\/2018\/08\/Le-monde-secret-de-la-riviere-observatoire-itine\u0301rant.jpg 800w, https:\/\/www.sitem.fr\/wp-content\/uploads\/2018\/08\/Le-monde-secret-de-la-riviere-observatoire-itine\u0301rant-600x400.jpg 600w, https:\/\/www.sitem.fr\/wp-content\/uploads\/2018\/08\/Le-monde-secret-de-la-riviere-observatoire-itine\u0301rant-300x200.jpg 300w, https:\/\/www.sitem.fr\/wp-content\/uploads\/2018\/08\/Le-monde-secret-de-la-riviere-observatoire-itine\u0301rant-768x512.jpg 768w\" sizes=\"auto, (max-width: 800px) 100vw, 800px\" \/><\/a><p id=\"caption-attachment-10397\" class=\"wp-caption-text\">Maison du Parc Naturel R\u00e9gional des Monts d\u2019Ard\u00e8che, exposition Bio tr\u00e9sors des Monts d\u2019Ard\u00e8che, le monde secret de la rivi\u00e8re &#8211; observatoire itin\u00e9rant. \u00a9Pic Bois<\/p><\/div>\n<p style=\"text-align: justify;\">Cette initiative a pour vocation de pr\u00e9senter \u00e0 un large public la biodiversit\u00e9 du parc et de sensibiliser les plus jeunes aux enjeux environnementaux.<\/p>\n<p style=\"text-align: justify;\">Ma\u00eetre d\u2019ouvrage\u00a0: Parc Naturel R\u00e9gional des Monts d\u2019Ard\u00e8che<br \/>\nMa\u00eetre d\u2019\u0153uvre\u00a0: <a href=\"https:\/\/www.biotope-communication.fr\/accueil\">Biotope Communication<\/a><\/p>\n<p style=\"text-align: justify;\"><a href=\" https:\/\/www.pic-bois.com\/produits\/references\/exposition-biotresors-des-monts-d-ardeche-392.html\" target=\"_blank\" rel=\"noopener\">www.pic-bois.com<\/a><\/p>\n<p style=\"text-align: justify;\"><strong>Consultez la <a href=\"http:\/\/www.museumexperts.com\/nos_services\/annuaire\/prestataire\/4921\" target=\"_blank\" rel=\"noopener\">Fiche Annuaire<\/a> de PIC BOIS<\/strong><\/p>\n","protected":false},"excerpt":{"rendered":"La sc\u00e9nographie de l\u2019exposition \u00ab\u00a0Bio tr\u00e9sors des Monts d\u2019Ard\u00e8che\u00a0\u00bb, \u00e0 la Maison du Parc Naturel R\u00e9gional des Monts d\u2019Ard\u00e8che, plonge le visiteur dans un v\u00e9ritable voyage ludique et sensoriel. Le public est invit\u00e9 \u00e0 la d\u00e9couvrir les esp\u00e8ces animales et v\u00e9g\u00e9tales rares et prot\u00e9g\u00e9es, et les paysages des espaces naturels sensibles du Parc. PIC BOIS&#8230; <br><a class=\"readm\" href=\"https:\/\/www.sitem.fr\/en\/decouverte-bio-tresors-monts-dardeche-picbois\/\">Read more<\/a>","protected":false},"author":2,"featured_media":10399,"comment_status":"open","ping_status":"open","sticky":false,"template":"","format":"standard","meta":{"_acf_changed":false,"footnotes":""},"categories":[144],"tags":[496],"class_list":["post-10415","post","type-post","status-publish","format-standard","has-post-thumbnail","hentry","category-mobilier","tag-pic-bois"],"acf":[],"_links":{"self":[{"href":"https:\/\/www.sitem.fr\/en\/wp-json\/wp\/v2\/posts\/10415","targetHints":{"allow":["GET"]}}],"collection":[{"href":"https:\/\/www.sitem.fr\/en\/wp-json\/wp\/v2\/posts"}],"about":[{"href":"https:\/\/www.sitem.fr\/en\/wp-json\/wp\/v2\/types\/post"}],"author":[{"embeddable":true,"href":"https:\/\/www.sitem.fr\/en\/wp-json\/wp\/v2\/users\/2"}],"replies":[{"embeddable":true,"href":"https:\/\/www.sitem.fr\/en\/wp-json\/wp\/v2\/comments?post=10415"}],"version-history":[{"count":3,"href":"https:\/\/www.sitem.fr\/en\/wp-json\/wp\/v2\/posts\/10415\/revisions"}],"predecessor-version":[{"id":10464,"href":"https:\/\/www.sitem.fr\/en\/wp-json\/wp\/v2\/posts\/10415\/revisions\/10464"}],"wp:featuredmedia":[{"embeddable":true,"href":"https:\/\/www.sitem.fr\/en\/wp-json\/wp\/v2\/media\/10399"}],"wp:attachment":[{"href":"https:\/\/www.sitem.fr\/en\/wp-json\/wp\/v2\/media?parent=10415"}],"wp:term":[{"taxonomy":"category","embeddable":true,"href":"https:\/\/www.sitem.fr\/en\/wp-json\/wp\/v2\/categories?post=10415"},{"taxonomy":"post_tag","embeddable":true,"href":"https:\/\/www.sitem.fr\/en\/wp-json\/wp\/v2\/tags?post=10415"}],"curies":[{"name":"wp","href":"https:\/\/api.w.org\/{rel}","templated":true}]}}