{"id":10547,"date":"2018-09-30T10:21:21","date_gmt":"2018-09-30T08:21:21","guid":{"rendered":"https:\/\/www.sitem.fr\/?p=10547"},"modified":"2018-10-08T17:29:33","modified_gmt":"2018-10-08T15:29:33","slug":"agence-point-de-fuite-scenographie-graphisme-exposition-musee-meaux-nogent-sur-marne","status":"publish","type":"post","link":"https:\/\/www.sitem.fr\/en\/agence-point-de-fuite-scenographie-graphisme-exposition-musee-meaux-nogent-sur-marne\/","title":{"rendered":"Une rentr\u00e9e riche pour l&#8217;agence Point de Fuite : sc\u00e9nographie et\/ou graphisme de deux expositions temporaires"},"content":{"rendered":"<p>Une rentr\u00e9e riche pour l&#8217;agence <strong>Point de Fuite<\/strong> qui voit s\u2019ouvrir pour les Journ\u00e9es du Patrimoine, deux expositions temporaires dont elle a sign\u00e9 la sc\u00e9nographie et\/ou le graphisme.<\/p>\n<p><a href=\"https:\/\/www.sitem.fr\/wp-content\/uploads\/2018\/10\/affiches-am\u00e9ricaines.jpg\"><img loading=\"lazy\" decoding=\"async\" class=\" wp-image-10548 alignleft\" src=\"https:\/\/www.sitem.fr\/wp-content\/uploads\/2018\/10\/affiches-am\u00e9ricaines.jpg\" alt=\"pointdefuite-wakeupamerica-musee-meaux\" width=\"184\" height=\"274\" \/><\/a><\/p>\n<p>La premi\u00e8re, <em>WAKE UP AMERICA !<\/em>, se tient au Mus\u00e9e de la Grande Guerre (Meaux-77).<br \/>\nCette exposition accueille des affiches am\u00e9ricaines produites pendant la Premi\u00e8re Guerre mondiale provenant de la Biblioth\u00e8que de San Antonio.<br \/>\n<strong>Point de Fuite<\/strong> en a con\u00e7u le graphisme de communication (affiche, dossier de presse) et le design graphique de l\u2019exposition (grands visuels, kak\u00e9mono).<\/p>\n<p>La seconde exposition, <em>FERDINAND GUELDRY, PEINTRE DE L\u2019EAU ET DE LA LUMI\u00c8RE<\/em>, se tient au Mus\u00e9e de Nogent-sur-Marne (94).<br \/>\nL\u2019\u0153uvre de Ferdinand Gueldry est red\u00e9couverte depuis une trentaine d\u2019ann\u00e9es et suscite aujourd\u2019hui un v\u00e9ritable engouement. Cette premi\u00e8re exposition enti\u00e8rement consacr\u00e9e au peintre permet au grand public de d\u00e9couvrir ses sujets de pr\u00e9dilection : les bords de la Marne et le canotage, mais aussi l\u2019industrie, l\u2019Histoire (avec notamment une partie sur la Premi\u00e8re Guerre mondiale), l\u2019actualit\u00e9, la d\u00e9coration et le paysage.<br \/>\nLa sc\u00e9nographie con\u00e7ue est moderne et immersive, mettant en jeu les tableaux plac\u00e9s sur des reproductions grand format.<\/p>\n<p><a href=\"https:\/\/www.sitem.fr\/wp-content\/uploads\/2018\/10\/bandeau-septembre18.jpg\"><img loading=\"lazy\" decoding=\"async\" class=\"aligncenter size-full wp-image-10549\" src=\"https:\/\/www.sitem.fr\/wp-content\/uploads\/2018\/10\/bandeau-septembre18.jpg\" alt=\"pointdefuite-musee-nogent-sur-marne\" width=\"3544\" height=\"1004\" \/><\/a><strong>Point de Fuite<\/strong> en a \u00e9galement con\u00e7u le design graphique : charte graphique d\u00e9clin\u00e9e sur tous les visuels (d\u00e9cors, panneaux, illustrations, cartels\u2026).<\/p>\n<p>L&#8217;agence continue sur cette lanc\u00e9e, avec une exposition temporaire pour le MUS (Suresnes-92) qui ouvrira ses portes le 17 octobre. \u00c9galement une exposition temporaire pour le D\u00e9partement de l\u2019Aisne ouvrant le 11 novembre et une exposition itin\u00e9rante pour la Ville de Gonesse inaugur\u00e9e \u00e0 Marly-la-Ville le 9 novembre.<\/p>\n<p>Cr\u00e9dits des visuels :\u00a0\u00a9Point de Fuite.<\/p>\n<p style=\"text-align: justify;\">www.pointdefuite.fr<\/p>\n<p style=\"text-align: justify;\"><strong>Consultez la <a href=\"http:\/\/www.museumexperts.com\/nos_services\/annuaire\/prestataire\/2465\" target=\"_blank\" rel=\"noopener\">Fiche Annuaire<\/a> de POINT DE FUITE<\/strong><\/p>\n","protected":false},"excerpt":{"rendered":"Une rentr\u00e9e riche pour l&#8217;agence Point de Fuite qui voit s\u2019ouvrir pour les Journ\u00e9es du Patrimoine, deux expositions temporaires dont elle a sign\u00e9 la sc\u00e9nographie et\/ou le graphisme. La premi\u00e8re, WAKE UP AMERICA !, se tient au Mus\u00e9e de la Grande Guerre (Meaux-77). Cette exposition accueille des affiches am\u00e9ricaines produites pendant la Premi\u00e8re Guerre mondiale&#8230; <br><a class=\"readm\" href=\"https:\/\/www.sitem.fr\/en\/agence-point-de-fuite-scenographie-graphisme-exposition-musee-meaux-nogent-sur-marne\/\">Read more<\/a>","protected":false},"author":2,"featured_media":10958,"comment_status":"open","ping_status":"open","sticky":false,"template":"","format":"standard","meta":{"_acf_changed":false,"footnotes":""},"categories":[1],"tags":[70,533,564],"class_list":["post-10547","post","type-post","status-publish","format-standard","has-post-thumbnail","hentry","category-non-classifiee","tag-agence-point-de-fuite","tag-musee-de-la-grande-guerre","tag-musee-de-nogent-sur-marne"],"acf":[],"_links":{"self":[{"href":"https:\/\/www.sitem.fr\/en\/wp-json\/wp\/v2\/posts\/10547","targetHints":{"allow":["GET"]}}],"collection":[{"href":"https:\/\/www.sitem.fr\/en\/wp-json\/wp\/v2\/posts"}],"about":[{"href":"https:\/\/www.sitem.fr\/en\/wp-json\/wp\/v2\/types\/post"}],"author":[{"embeddable":true,"href":"https:\/\/www.sitem.fr\/en\/wp-json\/wp\/v2\/users\/2"}],"replies":[{"embeddable":true,"href":"https:\/\/www.sitem.fr\/en\/wp-json\/wp\/v2\/comments?post=10547"}],"version-history":[{"count":4,"href":"https:\/\/www.sitem.fr\/en\/wp-json\/wp\/v2\/posts\/10547\/revisions"}],"predecessor-version":[{"id":10807,"href":"https:\/\/www.sitem.fr\/en\/wp-json\/wp\/v2\/posts\/10547\/revisions\/10807"}],"wp:featuredmedia":[{"embeddable":true,"href":"https:\/\/www.sitem.fr\/en\/wp-json\/wp\/v2\/media\/10958"}],"wp:attachment":[{"href":"https:\/\/www.sitem.fr\/en\/wp-json\/wp\/v2\/media?parent=10547"}],"wp:term":[{"taxonomy":"category","embeddable":true,"href":"https:\/\/www.sitem.fr\/en\/wp-json\/wp\/v2\/categories?post=10547"},{"taxonomy":"post_tag","embeddable":true,"href":"https:\/\/www.sitem.fr\/en\/wp-json\/wp\/v2\/tags?post=10547"}],"curies":[{"name":"wp","href":"https:\/\/api.w.org\/{rel}","templated":true}]}}