{"id":10572,"date":"2018-09-30T10:15:57","date_gmt":"2018-09-30T08:15:57","guid":{"rendered":"https:\/\/www.sitem.fr\/?p=10572"},"modified":"2018-10-07T20:33:44","modified_gmt":"2018-10-07T18:33:44","slug":"timescope-journees-europeennes-du-patrimoine-2018","status":"publish","type":"post","link":"https:\/\/www.sitem.fr\/en\/timescope-journees-europeennes-du-patrimoine-2018\/","title":{"rendered":"Timescope au coeur de l\u2019animation des Journ\u00e9es Europ\u00e9ennes du Patrimoine 2018"},"content":{"rendered":"<p>A l\u2019occasion des Journ\u00e9es Europ\u00e9ennes du Patrimoine 2018, la start-up fran\u00e7aise <strong>Timescope<\/strong> a \u00e9t\u00e9 sollicit\u00e9e pour mettre ses bornes de r\u00e9alit\u00e9 virtuelle au service du Patrimoine et raconter l\u2019Histoire de plusieurs lieux ouverts \u00e0 la visite pour le weekend.<\/p>\n<p>Les 15 et 16 Septembre dernier, trois bornes Timescope ont \u00e9t\u00e9 install\u00e9es \u00e0 Arras et \u00e0 Paris en pr\u00e9vision de cet \u00e9v\u00e9nement visant \u00e0 faire d\u00e9couvrir au public les monuments historiques fran\u00e7ais.<\/p>\n<p><a href=\"https:\/\/www.sitem.fr\/wp-content\/uploads\/2018\/10\/Timescope.jpg\"><img loading=\"lazy\" decoding=\"async\" class=\"aligncenter size-full wp-image-10564\" src=\"https:\/\/www.sitem.fr\/wp-content\/uploads\/2018\/10\/Timescope.jpg\" alt=\"\" width=\"768\" height=\"1024\" srcset=\"https:\/\/www.sitem.fr\/wp-content\/uploads\/2018\/10\/Timescope.jpg 768w, https:\/\/www.sitem.fr\/wp-content\/uploads\/2018\/10\/Timescope-600x800.jpg 600w, https:\/\/www.sitem.fr\/wp-content\/uploads\/2018\/10\/Timescope-225x300.jpg 225w\" sizes=\"auto, (max-width: 768px) 100vw, 768px\" \/><\/a><\/p>\n<p>Deux bornes <strong>Timescope<\/strong> ont \u00e9t\u00e9 install\u00e9es \u00e0 Paris, au 40, rue de S\u00e8vres dans la Cour d\u2019Honneur du si\u00e8ge de Kering, le c\u00e9l\u00e8bre groupe de luxe fran\u00e7ais comprenant entres autres les marques Gucci, Yves Saint Laurent, Boucheron et Alexander McQueen. C\u2019est la deuxi\u00e8me ann\u00e9e cons\u00e9cutive que Kering et <strong>Timescope<\/strong> s\u2019associent pour les Journ\u00e9es Europ\u00e9ennes du Patrimoine dans le but d\u2019offrir aux visiteurs une exp\u00e9rience ludique et p\u00e9dagogique.<\/p>\n<div id=\"attachment_10565\" style=\"width: 1446px\" class=\"wp-caption aligncenter\"><a href=\"https:\/\/www.sitem.fr\/wp-content\/uploads\/2018\/10\/Timescope2.png\"><img loading=\"lazy\" decoding=\"async\" aria-describedby=\"caption-attachment-10565\" class=\"size-full wp-image-10565\" src=\"https:\/\/www.sitem.fr\/wp-content\/uploads\/2018\/10\/Timescope2.png\" alt=\"timescope-hopital-laennec-reconstitution3d\" width=\"1436\" height=\"712\" srcset=\"https:\/\/www.sitem.fr\/wp-content\/uploads\/2018\/10\/Timescope2.png 1436w, https:\/\/www.sitem.fr\/wp-content\/uploads\/2018\/10\/Timescope2-600x297.png 600w, https:\/\/www.sitem.fr\/wp-content\/uploads\/2018\/10\/Timescope2-300x149.png 300w, https:\/\/www.sitem.fr\/wp-content\/uploads\/2018\/10\/Timescope2-768x381.png 768w, https:\/\/www.sitem.fr\/wp-content\/uploads\/2018\/10\/Timescope2-1024x508.png 1024w\" sizes=\"auto, (max-width: 1436px) 100vw, 1436px\" \/><\/a><p id=\"caption-attachment-10565\" class=\"wp-caption-text\">Reconstitution 3D de l\u2019H\u00f4pital Laennec en 1898 \u00a9Timescope<\/p><\/div>\n<p>Ces deux dispositifs de r\u00e9alit\u00e9 virtuelle ont permis aux curieux de d\u00e9couvrir l\u2019Histoire de ce superbe b\u00e2timent, r\u00e9cemment r\u00e9habilit\u00e9 et investi par le groupe Kering trois ans auparavant. Autrefois un hospice, construit au XVIIe si\u00e8cle, l\u2019H\u00f4pital Laennec recueillit d\u2019abord les malades trop \u00e2g\u00e9s ou trop pauvres pour \u00eatre re\u00e7us ailleurs, et souffrant de maux \u00ab qu\u2019on ne pouvait esp\u00e9rer gu\u00e9rir \u00bb ; avant de se sp\u00e9cialiser dans le traitement de la tuberculose.<\/p>\n<p>Cette plong\u00e9e \u00e0 la Belle Epoque permet aux visiteurs d\u2019admirer les travaux de r\u00e9habilitation op\u00e9r\u00e9 par Kering sur ce b\u00e2timent bien connu des Parisiens, et de souligner l\u2019engagement du groupe dans la protection du patrimoine historique.<\/p>\n<p>Dans le m\u00eame temps, <strong>Timescope<\/strong> a install\u00e9 une borne accessible en libre-service sur la Place des H\u00e9ros d\u2019Arras, qui ainsi rejoint la borne implant\u00e9e \u00e0 la Citadelle d\u2019Arras depuis Juillet 2018 et celle install\u00e9e au Monument des Fraternisations depuis D\u00e9cembre 2017. Le <strong>Timescope<\/strong> de la Place des H\u00e9ros permet aux passants de retourner au Moyen-\u00c2ge et de d\u00e9couvrir la Place telle qu\u2019elle \u00e9tait en 1518, \u00e0 360\u00b0. Face \u00e0 eux se dressent l\u2019H\u00f4tel de Ville et le Beffroi, alors en construction, mais aussi la Maison Rouge et la Chapelle de la Sainte Chandelle, aujourd\u2019hui disparues.<\/p>\n<div id=\"attachment_10566\" style=\"width: 1448px\" class=\"wp-caption aligncenter\"><a href=\"https:\/\/www.sitem.fr\/wp-content\/uploads\/2018\/10\/Timescope3.png\"><img loading=\"lazy\" decoding=\"async\" aria-describedby=\"caption-attachment-10566\" class=\"size-full wp-image-10566\" src=\"https:\/\/www.sitem.fr\/wp-content\/uploads\/2018\/10\/Timescope3.png\" alt=\"timescope-place-heros-arras-reconstitution3d\" width=\"1438\" height=\"658\" srcset=\"https:\/\/www.sitem.fr\/wp-content\/uploads\/2018\/10\/Timescope3.png 1438w, https:\/\/www.sitem.fr\/wp-content\/uploads\/2018\/10\/Timescope3-600x275.png 600w, https:\/\/www.sitem.fr\/wp-content\/uploads\/2018\/10\/Timescope3-680x311.png 680w, https:\/\/www.sitem.fr\/wp-content\/uploads\/2018\/10\/Timescope3-1024x469.png 1024w, https:\/\/www.sitem.fr\/wp-content\/uploads\/2018\/10\/Timescope3-768x351.png 768w, https:\/\/www.sitem.fr\/wp-content\/uploads\/2018\/10\/Timescope3-300x137.png 300w\" sizes=\"auto, (max-width: 1438px) 100vw, 1438px\" \/><\/a><p id=\"caption-attachment-10566\" class=\"wp-caption-text\">Reconstitution 3D de la Place des H\u00e9ros d\u2019Arras en 1518 \u00a9Timescope<\/p><\/div>\n<p>A l\u2019occasion des Journ\u00e9es Europ\u00e9ennes du Patrimoine, les visiteurs ont \u00e9t\u00e9 nombreux \u00e0 essayer la borne et profiter de l\u2019exp\u00e9rience de voyage dans le temps. Ils ont pu \u00e9galement se rendre aux bornes de la Citadelle et du Monument des Fraternisations de Neuville-Saint-Vaast pour se plonger respectivement en 1678 et en 1915 gr\u00e2ce \u00e0 la r\u00e9alit\u00e9 virtuelle.<br \/>\nL\u2019occasion pour eux de d\u00e9couvrir le patrimoine historique d\u2019Arras autrement.<\/p>\n<p style=\"text-align: justify;\"><a href=\"http:\/\/www.timescope.co\/\" target=\"_blank\" rel=\"noopener\">www.timescope.co<\/a><\/p>\n<p style=\"text-align: justify;\"><strong>Consultez la <a href=\"http:\/\/www.museumexperts.com\/nos_services\/annuaire\/prestataire\/4818\" target=\"_blank\" rel=\"noopener\">Fiche Annuaire<\/a> de TIMESCOPE<\/strong><\/p>\n","protected":false},"excerpt":{"rendered":"A l\u2019occasion des Journ\u00e9es Europ\u00e9ennes du Patrimoine 2018, la start-up fran\u00e7aise Timescope a \u00e9t\u00e9 sollicit\u00e9e pour mettre ses bornes de r\u00e9alit\u00e9 virtuelle au service du Patrimoine et raconter l\u2019Histoire de plusieurs lieux ouverts \u00e0 la visite pour le weekend. Les 15 et 16 Septembre dernier, trois bornes Timescope ont \u00e9t\u00e9 install\u00e9es \u00e0 Arras et \u00e0&#8230; <br><a class=\"readm\" href=\"https:\/\/www.sitem.fr\/en\/timescope-journees-europeennes-du-patrimoine-2018\/\">Read more<\/a>","protected":false},"author":2,"featured_media":10566,"comment_status":"open","ping_status":"open","sticky":false,"template":"","format":"standard","meta":{"_acf_changed":false,"footnotes":""},"categories":[149],"tags":[560,472],"class_list":["post-10572","post","type-post","status-publish","format-standard","has-post-thumbnail","hentry","category-interactivite-2","tag-journees-europeennes-du-patrimoine","tag-timescope"],"acf":[],"_links":{"self":[{"href":"https:\/\/www.sitem.fr\/en\/wp-json\/wp\/v2\/posts\/10572","targetHints":{"allow":["GET"]}}],"collection":[{"href":"https:\/\/www.sitem.fr\/en\/wp-json\/wp\/v2\/posts"}],"about":[{"href":"https:\/\/www.sitem.fr\/en\/wp-json\/wp\/v2\/types\/post"}],"author":[{"embeddable":true,"href":"https:\/\/www.sitem.fr\/en\/wp-json\/wp\/v2\/users\/2"}],"replies":[{"embeddable":true,"href":"https:\/\/www.sitem.fr\/en\/wp-json\/wp\/v2\/comments?post=10572"}],"version-history":[{"count":2,"href":"https:\/\/www.sitem.fr\/en\/wp-json\/wp\/v2\/posts\/10572\/revisions"}],"predecessor-version":[{"id":10590,"href":"https:\/\/www.sitem.fr\/en\/wp-json\/wp\/v2\/posts\/10572\/revisions\/10590"}],"wp:featuredmedia":[{"embeddable":true,"href":"https:\/\/www.sitem.fr\/en\/wp-json\/wp\/v2\/media\/10566"}],"wp:attachment":[{"href":"https:\/\/www.sitem.fr\/en\/wp-json\/wp\/v2\/media?parent=10572"}],"wp:term":[{"taxonomy":"category","embeddable":true,"href":"https:\/\/www.sitem.fr\/en\/wp-json\/wp\/v2\/categories?post=10572"},{"taxonomy":"post_tag","embeddable":true,"href":"https:\/\/www.sitem.fr\/en\/wp-json\/wp\/v2\/tags?post=10572"}],"curies":[{"name":"wp","href":"https:\/\/api.w.org\/{rel}","templated":true}]}}