{"id":10574,"date":"2018-09-30T10:22:16","date_gmt":"2018-09-30T08:22:16","guid":{"rendered":"https:\/\/www.sitem.fr\/?p=10574"},"modified":"2018-10-07T20:27:34","modified_gmt":"2018-10-07T18:27:34","slug":"les-vergers-dajoie-soffrent-un-nouveau-site-scenographie-et-agence-par-presence","status":"publish","type":"post","link":"https:\/\/www.sitem.fr\/en\/les-vergers-dajoie-soffrent-un-nouveau-site-scenographie-et-agence-par-presence\/","title":{"rendered":"Les Vergers d\u2019Ajoie s\u2019offrent un nouveau site, sc\u00e9nographi\u00e9 et agenc\u00e9 par Pr\u00e9sence"},"content":{"rendered":"<p>C\u2019est sur les hauteurs de la commune suisse de Porrentruy, dans le canton du Jura, que s\u2019\u00e9panouit la plus grande plantation de damassiniers (arbre fruitier du prunier de Damas) d\u2019Europe, aux c\u00f4t\u00e9s de 15 autres vari\u00e9t\u00e9s de pommes\u2026 Le site accueille aussi, depuis peu, le tr\u00e9sor de la R\u00e9gie f\u00e9d\u00e9rale des alcools.<br \/>\n\u00d4 Vergers d\u2019Ajoie \u2013 Mus\u00e9e suisse des fruits et de la distillation s\u2019offre un \u00e9crin id\u00e9alement situ\u00e9 au c\u0153ur de l\u2019Ajoie, sign\u00e9 par Pr\u00e9sence. Le site fonctionne autour de la d\u00e9couverte de plusieurs espaces r\u00e9unis autour d\u2019un m\u00eame objectif\u00a0: celui de faire d\u00e9couvrir les fruits embl\u00e9matiques de la Suisse et leur processus de distillation.<\/p>\n<div id=\"attachment_10554\" style=\"width: 810px\" class=\"wp-caption aligncenter\"><a href=\"https:\/\/www.sitem.fr\/wp-content\/uploads\/2018\/10\/Mapping-Alambics_MovingStar2.jpg\"><img loading=\"lazy\" decoding=\"async\" aria-describedby=\"caption-attachment-10554\" class=\"size-full wp-image-10554\" src=\"https:\/\/www.sitem.fr\/wp-content\/uploads\/2018\/10\/Mapping-Alambics_MovingStar2.jpg\" alt=\"Mapping-Alambics_MovingStar2\" width=\"800\" height=\"450\" srcset=\"https:\/\/www.sitem.fr\/wp-content\/uploads\/2018\/10\/Mapping-Alambics_MovingStar2.jpg 800w, https:\/\/www.sitem.fr\/wp-content\/uploads\/2018\/10\/Mapping-Alambics_MovingStar2-600x338.jpg 600w, https:\/\/www.sitem.fr\/wp-content\/uploads\/2018\/10\/Mapping-Alambics_MovingStar2-300x169.jpg 300w, https:\/\/www.sitem.fr\/wp-content\/uploads\/2018\/10\/Mapping-Alambics_MovingStar2-768x432.jpg 768w\" sizes=\"auto, (max-width: 800px) 100vw, 800px\" \/><\/a><p id=\"caption-attachment-10554\" class=\"wp-caption-text\">Simulation du Mapping \u00ab\u00a0Alambics anim\u00e9s\u00a0\u00bb \u00a9Moving Star<\/p><\/div>\n<div id=\"attachment_10556\" style=\"width: 810px\" class=\"wp-caption aligncenter\"><a href=\"https:\/\/www.sitem.fr\/wp-content\/uploads\/2018\/10\/Vue_boutique_Presence.jpg\"><img loading=\"lazy\" decoding=\"async\" aria-describedby=\"caption-attachment-10556\" class=\"size-full wp-image-10556\" src=\"https:\/\/www.sitem.fr\/wp-content\/uploads\/2018\/10\/Vue_boutique_Presence.jpg\" alt=\"Vue_boutique_Presence\" width=\"800\" height=\"500\" srcset=\"https:\/\/www.sitem.fr\/wp-content\/uploads\/2018\/10\/Vue_boutique_Presence.jpg 800w, https:\/\/www.sitem.fr\/wp-content\/uploads\/2018\/10\/Vue_boutique_Presence-600x375.jpg 600w, https:\/\/www.sitem.fr\/wp-content\/uploads\/2018\/10\/Vue_boutique_Presence-680x425.jpg 680w, https:\/\/www.sitem.fr\/wp-content\/uploads\/2018\/10\/Vue_boutique_Presence-768x480.jpg 768w, https:\/\/www.sitem.fr\/wp-content\/uploads\/2018\/10\/Vue_boutique_Presence-300x188.jpg 300w, https:\/\/www.sitem.fr\/wp-content\/uploads\/2018\/10\/Vue_boutique_Presence-222x140.jpg 222w\" sizes=\"auto, (max-width: 800px) 100vw, 800px\" \/><\/a><p id=\"caption-attachment-10556\" class=\"wp-caption-text\">\u00adVue de la \u00ab\u00a0Halle aux gourmandises\u00a0\u00bb \u00a9Pr\u00e9sence<\/p><\/div>\n<div id=\"attachment_10555\" style=\"width: 810px\" class=\"wp-caption aligncenter\"><a href=\"https:\/\/www.sitem.fr\/wp-content\/uploads\/2018\/10\/Site_OVA_overgersdajoie.ch_.jpg\"><img loading=\"lazy\" decoding=\"async\" aria-describedby=\"caption-attachment-10555\" class=\"size-full wp-image-10555\" src=\"https:\/\/www.sitem.fr\/wp-content\/uploads\/2018\/10\/Site_OVA_overgersdajoie.ch_.jpg\" alt=\"Site_OVA_overgersdajoie.ch\" width=\"800\" height=\"529\" srcset=\"https:\/\/www.sitem.fr\/wp-content\/uploads\/2018\/10\/Site_OVA_overgersdajoie.ch_.jpg 800w, https:\/\/www.sitem.fr\/wp-content\/uploads\/2018\/10\/Site_OVA_overgersdajoie.ch_-600x397.jpg 600w, https:\/\/www.sitem.fr\/wp-content\/uploads\/2018\/10\/Site_OVA_overgersdajoie.ch_-300x198.jpg 300w, https:\/\/www.sitem.fr\/wp-content\/uploads\/2018\/10\/Site_OVA_overgersdajoie.ch_-768x508.jpg 768w\" sizes=\"auto, (max-width: 800px) 100vw, 800px\" \/><\/a><p id=\"caption-attachment-10555\" class=\"wp-caption-text\">Site \u00d4 Vergers d\u2019Ajoie \u2013 Porrentruy \u00a9 overgersdajoie.ch<\/p><\/div>\n<p>La visite d\u00e9bute par la d\u00e9couverte d\u2019une collection historique d\u2019alambics, emmenant les visiteurs dans un voyage interactif \u00e0 travers leur histoire et leur utilisation. Elle se poursuit au sein de l\u2019espace \u00ab\u00a0Grange aux fruits\u00a0\u00bb qui embarque les visiteurs \u00e0 la d\u00e9couverte des vergers, des fruits et de leur transformation. De la graine de l\u2019arbre jusqu\u2019\u00e0 la transformation des fruits en produits finis, cet espace propose une palette d&#8217;activit\u00e9s multisensorielles pour les familles, gr\u00e2ce \u00e0 des dispositifs m\u00e9caniques et num\u00e9riques, dans une dimension ludique et p\u00e9dagogique. En ext\u00e9rieur, la visite est compl\u00e9t\u00e9e par des activit\u00e9s de plein air. La boutique cl\u00f4t l\u2019exp\u00e9rience en proposant une d\u00e9gustation des produits du terroir du Jura Suisse.<\/p>\n<p>En collaboration avec\u00a0: \u00c2me en science, Aurore Soares, Lumid\u00e9co, Moving Star, Videmus, Uditek, Toys Films, Dompteur de lux, Sceneo Nord, Novelty.<\/p>\n<p style=\"text-align: justify;\"><a href=\"http:\/\/www.presence-agence.fr\/\" target=\"_blank\" rel=\"noopener\">www.presence-agence.fr<\/a><\/p>\n<p style=\"text-align: justify;\"><strong>Consultez la <a href=\"http:\/\/www.museumexperts.com\/nos_services\/annuaire\/prestataire\/3527\" target=\"_blank\" rel=\"noopener\">Fiche Annuaire<\/a> de l&#8217;AGENCE PRESENCE<\/strong><\/p>\n","protected":false},"excerpt":{"rendered":"C\u2019est sur les hauteurs de la commune suisse de Porrentruy, dans le canton du Jura, que s\u2019\u00e9panouit la plus grande plantation de damassiniers (arbre fruitier du prunier de Damas) d\u2019Europe, aux c\u00f4t\u00e9s de 15 autres vari\u00e9t\u00e9s de pommes\u2026 Le site accueille aussi, depuis peu, le tr\u00e9sor de la R\u00e9gie f\u00e9d\u00e9rale des alcools. \u00d4 Vergers d\u2019Ajoie&#8230; <br><a class=\"readm\" href=\"https:\/\/www.sitem.fr\/en\/les-vergers-dajoie-soffrent-un-nouveau-site-scenographie-et-agence-par-presence\/\">Read more<\/a>","protected":false},"author":2,"featured_media":10556,"comment_status":"open","ping_status":"open","sticky":false,"template":"","format":"standard","meta":{"_acf_changed":false,"footnotes":""},"categories":[1],"tags":[524],"class_list":["post-10574","post","type-post","status-publish","format-standard","has-post-thumbnail","hentry","category-non-classifiee","tag-agence-presence"],"acf":[],"_links":{"self":[{"href":"https:\/\/www.sitem.fr\/en\/wp-json\/wp\/v2\/posts\/10574","targetHints":{"allow":["GET"]}}],"collection":[{"href":"https:\/\/www.sitem.fr\/en\/wp-json\/wp\/v2\/posts"}],"about":[{"href":"https:\/\/www.sitem.fr\/en\/wp-json\/wp\/v2\/types\/post"}],"author":[{"embeddable":true,"href":"https:\/\/www.sitem.fr\/en\/wp-json\/wp\/v2\/users\/2"}],"replies":[{"embeddable":true,"href":"https:\/\/www.sitem.fr\/en\/wp-json\/wp\/v2\/comments?post=10574"}],"version-history":[{"count":1,"href":"https:\/\/www.sitem.fr\/en\/wp-json\/wp\/v2\/posts\/10574\/revisions"}],"predecessor-version":[{"id":10575,"href":"https:\/\/www.sitem.fr\/en\/wp-json\/wp\/v2\/posts\/10574\/revisions\/10575"}],"wp:featuredmedia":[{"embeddable":true,"href":"https:\/\/www.sitem.fr\/en\/wp-json\/wp\/v2\/media\/10556"}],"wp:attachment":[{"href":"https:\/\/www.sitem.fr\/en\/wp-json\/wp\/v2\/media?parent=10574"}],"wp:term":[{"taxonomy":"category","embeddable":true,"href":"https:\/\/www.sitem.fr\/en\/wp-json\/wp\/v2\/categories?post=10574"},{"taxonomy":"post_tag","embeddable":true,"href":"https:\/\/www.sitem.fr\/en\/wp-json\/wp\/v2\/tags?post=10574"}],"curies":[{"name":"wp","href":"https:\/\/api.w.org\/{rel}","templated":true}]}}