{"id":11024,"date":"2018-10-31T10:25:33","date_gmt":"2018-10-31T09:25:33","guid":{"rendered":"https:\/\/www.sitem.fr\/?p=11024"},"modified":"2018-11-12T17:41:48","modified_gmt":"2018-11-12T16:41:48","slug":"polymorphe-design-atelier-tous-au-parc-congres-national-des-parcs-naturels-regionaux","status":"publish","type":"post","link":"https:\/\/www.sitem.fr\/en\/polymorphe-design-atelier-tous-au-parc-congres-national-des-parcs-naturels-regionaux\/","title":{"rendered":"Polymorphe Design co-anime l\u2019atelier \u00ab Tous au Parc, Parc pour tous ! \u00bb au congr\u00e8s national des parcs naturels r\u00e9gionaux"},"content":{"rendered":"<h2><a href=\"https:\/\/www.sitem.fr\/wp-content\/uploads\/2018\/10\/CONGRES-DS-PARCS_2018.png\"><img loading=\"lazy\" decoding=\"async\" class=\"aligncenter size-full wp-image-11009\" src=\"https:\/\/www.sitem.fr\/wp-content\/uploads\/2018\/10\/CONGRES-DS-PARCS_2018.png\" alt=\"CONGRES-DES-PARCS_2018\" width=\"1940\" height=\"702\" srcset=\"https:\/\/www.sitem.fr\/wp-content\/uploads\/2018\/10\/CONGRES-DS-PARCS_2018.png 1940w, https:\/\/www.sitem.fr\/wp-content\/uploads\/2018\/10\/CONGRES-DS-PARCS_2018-600x217.png 600w, https:\/\/www.sitem.fr\/wp-content\/uploads\/2018\/10\/CONGRES-DS-PARCS_2018-300x109.png 300w, https:\/\/www.sitem.fr\/wp-content\/uploads\/2018\/10\/CONGRES-DS-PARCS_2018-768x278.png 768w, https:\/\/www.sitem.fr\/wp-content\/uploads\/2018\/10\/CONGRES-DS-PARCS_2018-1024x371.png 1024w\" sizes=\"auto, (max-width: 1940px) 100vw, 1940px\" \/><\/a>Et si pour rendre accessible un lieu, un patrimoine ou une activit\u00e9, il ne fallait pas uniquement se baser sur des crit\u00e8res techniques normatifs, mais plut\u00f4t s\u2019inspirer des usages et des pratiques de leurs publics ?<\/h2>\n<p>&nbsp;<\/p>\n<p>C\u2019est pour r\u00e9pondre \u00e0 cette question, que Maud DUPUIS est intervenue avec Axel MARTICHE, directeur adjoint au Parc du Pilat, pour co-animer un atelier d\u2019initiation au design de politique publique. Cette journ\u00e9e avait un double enjeu : montrer l\u2019accessibilit\u00e9 sous un angle humain, et refonder des m\u00e9thodes de conception des am\u00e9nagements publics.<\/p>\n<p>L\u2019atelier a \u00e9t\u00e9 l\u2019occasion de tester les fondements du design en partant prioritairement de l\u2019exp\u00e9rience v\u00e9cue par les utilisateurs. Via des interviews d\u2019accompagnants et de personnes handicap\u00e9es, la matin\u00e9e a permis d\u2019identifier des usages, des pratiques et les attentes de ces publics.<\/p>\n<p><a href=\"https:\/\/www.sitem.fr\/wp-content\/uploads\/2018\/10\/CONGRES-DES-PARCS_PILAT.jpg\"><img loading=\"lazy\" decoding=\"async\" class=\"aligncenter size-full wp-image-11008\" src=\"https:\/\/www.sitem.fr\/wp-content\/uploads\/2018\/10\/CONGRES-DES-PARCS_PILAT.jpg\" alt=\"CONGRES-DES-PARCS_PILAT-POLYMORPHE_DESIGN\" width=\"1252\" height=\"939\" srcset=\"https:\/\/www.sitem.fr\/wp-content\/uploads\/2018\/10\/CONGRES-DES-PARCS_PILAT.jpg 1252w, https:\/\/www.sitem.fr\/wp-content\/uploads\/2018\/10\/CONGRES-DES-PARCS_PILAT-600x450.jpg 600w, https:\/\/www.sitem.fr\/wp-content\/uploads\/2018\/10\/CONGRES-DES-PARCS_PILAT-587x440.jpg 587w, https:\/\/www.sitem.fr\/wp-content\/uploads\/2018\/10\/CONGRES-DES-PARCS_PILAT-1024x768.jpg 1024w, https:\/\/www.sitem.fr\/wp-content\/uploads\/2018\/10\/CONGRES-DES-PARCS_PILAT-768x576.jpg 768w, https:\/\/www.sitem.fr\/wp-content\/uploads\/2018\/10\/CONGRES-DES-PARCS_PILAT-300x225.jpg 300w, https:\/\/www.sitem.fr\/wp-content\/uploads\/2018\/10\/CONGRES-DES-PARCS_PILAT-80x60.jpg 80w\" sizes=\"auto, (max-width: 1252px) 100vw, 1252px\" \/><\/a><\/p>\n<p>Puis, la pr\u00e9sentation des actions mises en \u0153uvre par le Parc du Pilat pour renforcer l\u2019accessibilit\u00e9 \u00e0 tous a permis d\u2019aborder l\u2019accessibilit\u00e9 de demain. Pour innover, il faut savoir transcender ces attentes d\u2019aujourd\u2019hui pour anticiper ce que seront les d\u00e9placements individuels et la future mobilit\u00e9 territoriale.<\/p>\n<p>Enfin il faut savoir \u00e0 qui servira l\u2019accessibilit\u00e9 de demain. La population vieillissante, les babybomers, les personnes handicap\u00e9es vieillissantes, le vieillissement des accompagnants\u2026 tous ces publics repr\u00e9sentent les enjeux de demain, et par cons\u00e9quent notre pr\u00e9occupation actuelle d\u2019am\u00e9nagement durable des territoires.<\/p>\n<p>Plus d&#8217;information : <a href=\"http:\/\/2018.congres-des-parcs.fr\">http:\/\/2018.congres-des-parcs.fr<\/a><\/p>\n<p style=\"text-align: justify;\"><a href=\"http:\/\/www.polymorphe-design.fr\/\" target=\"_blank\" rel=\"noopener\">www.polymorphe-design.fr<\/a><\/p>\n<p style=\"text-align: justify;\"><strong>Consultez la <a href=\"http:\/\/www.museumexperts.com\/nos_services\/annuaire\/prestataire\/2015\" target=\"_blank\" rel=\"noopener\">Fiche Annuaire<\/a> de POLYMORPHE DESIGN<\/strong><\/p>\n","protected":false},"excerpt":{"rendered":"Et si pour rendre accessible un lieu, un patrimoine ou une activit\u00e9, il ne fallait pas uniquement se baser sur des crit\u00e8res techniques normatifs, mais plut\u00f4t s\u2019inspirer des usages et des pratiques de leurs publics ? &nbsp; C\u2019est pour r\u00e9pondre \u00e0 cette question, que Maud DUPUIS est intervenue avec Axel MARTICHE, directeur adjoint au Parc&#8230; <br><a class=\"readm\" href=\"https:\/\/www.sitem.fr\/en\/polymorphe-design-atelier-tous-au-parc-congres-national-des-parcs-naturels-regionaux\/\">Read more<\/a>","protected":false},"author":2,"featured_media":11008,"comment_status":"open","ping_status":"open","sticky":false,"template":"","format":"standard","meta":{"_acf_changed":false,"footnotes":""},"categories":[87,144],"tags":[330,329],"class_list":["post-11024","post","type-post","status-publish","format-standard","has-post-thumbnail","hentry","category-accessibilite","category-mobilier","tag-parc-du-pilat","tag-polymorphe-design"],"acf":[],"_links":{"self":[{"href":"https:\/\/www.sitem.fr\/en\/wp-json\/wp\/v2\/posts\/11024","targetHints":{"allow":["GET"]}}],"collection":[{"href":"https:\/\/www.sitem.fr\/en\/wp-json\/wp\/v2\/posts"}],"about":[{"href":"https:\/\/www.sitem.fr\/en\/wp-json\/wp\/v2\/types\/post"}],"author":[{"embeddable":true,"href":"https:\/\/www.sitem.fr\/en\/wp-json\/wp\/v2\/users\/2"}],"replies":[{"embeddable":true,"href":"https:\/\/www.sitem.fr\/en\/wp-json\/wp\/v2\/comments?post=11024"}],"version-history":[{"count":3,"href":"https:\/\/www.sitem.fr\/en\/wp-json\/wp\/v2\/posts\/11024\/revisions"}],"predecessor-version":[{"id":11148,"href":"https:\/\/www.sitem.fr\/en\/wp-json\/wp\/v2\/posts\/11024\/revisions\/11148"}],"wp:featuredmedia":[{"embeddable":true,"href":"https:\/\/www.sitem.fr\/en\/wp-json\/wp\/v2\/media\/11008"}],"wp:attachment":[{"href":"https:\/\/www.sitem.fr\/en\/wp-json\/wp\/v2\/media?parent=11024"}],"wp:term":[{"taxonomy":"category","embeddable":true,"href":"https:\/\/www.sitem.fr\/en\/wp-json\/wp\/v2\/categories?post=11024"},{"taxonomy":"post_tag","embeddable":true,"href":"https:\/\/www.sitem.fr\/en\/wp-json\/wp\/v2\/tags?post=11024"}],"curies":[{"name":"wp","href":"https:\/\/api.w.org\/{rel}","templated":true}]}}