{"id":11027,"date":"2018-10-31T10:30:52","date_gmt":"2018-10-31T09:30:52","guid":{"rendered":"https:\/\/www.sitem.fr\/?p=11027"},"modified":"2018-11-12T17:57:29","modified_gmt":"2018-11-12T16:57:29","slug":"exposition-cites-jardins-ile-de-france-mus-suresnes","status":"publish","type":"post","link":"https:\/\/www.sitem.fr\/en\/exposition-cites-jardins-ile-de-france-mus-suresnes\/","title":{"rendered":"Inauguration de l&#8217;exposition \u00ab Les cit\u00e9s-jardins en Ile de France, une certaine id\u00e9e du bonheur \u00bb au Mus\u00e9e d\u2019Histoire Urbaine et Sociale de Suresnes"},"content":{"rendered":"<p>Le 16 octobre 2018 a \u00e9t\u00e9 inaugur\u00e9e l\u2019exposition \u00abLes cit\u00e9s-jardins en Ile de France, une certaine id\u00e9e du bonheur\u00bb au Mus\u00e9e d\u2019Histoire Urbaine et Sociale de Suresnes (92) qui s\u2019y tiendra jusqu\u2019au 2 juin 2019, avant de prendre une forme itin\u00e9rante.<\/p>\n<p>Cette exposition, con\u00e7ue par l\u2019agence <strong>Point de Fuite<\/strong>, montre la diversit\u00e9 des cit\u00e9s-jardins tout en d\u00e9terminant leurs traits communs. De nombreux t\u00e9moignages des habitants, d\u2019hier et aujourd\u2019hui, rythment l\u2019exposition aux c\u00f4t\u00e9s de documents rarement montr\u00e9s, ainsi que la reconstitution de l\u2019int\u00e9rieur d\u2019un appartement tel que l\u2019ont connu les premiers occupants.<\/p>\n<p>L\u2019exposition, dont l&#8217;agence <strong>Point de Fuite<\/strong> signe la sc\u00e9nographie et de le graphisme, est une exp\u00e9rience immersive, notamment gr\u00e2ce \u00e0 de grandes fresques pr\u00e9sentant d\u2019images, mots-clefs, quiz et donn\u00e9es statistiques.<\/p>\n<div id=\"attachment_11011\" style=\"width: 3554px\" class=\"wp-caption aligncenter\"><a href=\"https:\/\/www.sitem.fr\/wp-content\/uploads\/2018\/10\/bandeau-octobre18.jpg\"><img loading=\"lazy\" decoding=\"async\" aria-describedby=\"caption-attachment-11011\" class=\"size-full wp-image-11011\" src=\"https:\/\/www.sitem.fr\/wp-content\/uploads\/2018\/10\/bandeau-octobre18.jpg\" alt=\"exposition-cites-jardins-point-de-fuite\" width=\"3544\" height=\"1004\" \/><\/a><p id=\"caption-attachment-11011\" class=\"wp-caption-text\">\u00a9 Agence Point de Fuite.<\/p><\/div>\n<p>L\u2019int\u00e9rieur de l\u2019appartement est trait\u00e9 en d\u00e9cor r\u00e9aliste avec la cr\u00e9ation, notamment, d\u2019un papier peint inspir\u00e9 des documents d\u2019archives. Le principe sc\u00e9nographique repose sur des panneaux de bois imprim\u00e9s en parcelles qui offrent naturellement diff\u00e9rents niveaux de lecture aux visiteurs. L\u2019ambiance g\u00e9n\u00e9rale est moderne, lumineuse et color\u00e9e.<\/p>\n<p>Les verbatims (paroles des t\u00e9moins) prennent place tout le long du parcours et deviennent le fil rouge de cette exposition. Enfin, une grande table tactile compl\u00e8te les outils de m\u00e9diation fournis par l\u2019agence <strong>Point de Fuite<\/strong>.<\/p>\n<p>Avec cette exposition, Fr\u00e9d\u00e9ric Chauvaux signe sa cinqui\u00e8me exposition pour le Mus\u00e9e de Suresnes.<\/p>\n<p style=\"text-align: justify;\"><a href=\"http:\/\/www.pointdefuite.fr\">www.pointdefuite.fr<\/a><\/p>\n<p style=\"text-align: justify;\"><strong>Consultez la <a href=\"http:\/\/www.museumexperts.com\/nos_services\/annuaire\/prestataire\/2465\" target=\"_blank\" rel=\"noopener\">Fiche Annuaire<\/a> de POINT DE FUITE<\/strong><\/p>\n","protected":false},"excerpt":{"rendered":"Le 16 octobre 2018 a \u00e9t\u00e9 inaugur\u00e9e l\u2019exposition \u00abLes cit\u00e9s-jardins en Ile de France, une certaine id\u00e9e du bonheur\u00bb au Mus\u00e9e d\u2019Histoire Urbaine et Sociale de Suresnes (92) qui s\u2019y tiendra jusqu\u2019au 2 juin 2019, avant de prendre une forme itin\u00e9rante. Cette exposition, con\u00e7ue par l\u2019agence Point de Fuite, montre la diversit\u00e9 des cit\u00e9s-jardins tout&#8230; <br><a class=\"readm\" href=\"https:\/\/www.sitem.fr\/en\/exposition-cites-jardins-ile-de-france-mus-suresnes\/\">Read more<\/a>","protected":false},"author":2,"featured_media":11157,"comment_status":"open","ping_status":"open","sticky":false,"template":"","format":"standard","meta":{"_acf_changed":false,"footnotes":""},"categories":[1],"tags":[70,511],"class_list":["post-11027","post","type-post","status-publish","format-standard","has-post-thumbnail","hentry","category-non-classifiee","tag-agence-point-de-fuite","tag-mus-suresnes"],"acf":[],"_links":{"self":[{"href":"https:\/\/www.sitem.fr\/en\/wp-json\/wp\/v2\/posts\/11027","targetHints":{"allow":["GET"]}}],"collection":[{"href":"https:\/\/www.sitem.fr\/en\/wp-json\/wp\/v2\/posts"}],"about":[{"href":"https:\/\/www.sitem.fr\/en\/wp-json\/wp\/v2\/types\/post"}],"author":[{"embeddable":true,"href":"https:\/\/www.sitem.fr\/en\/wp-json\/wp\/v2\/users\/2"}],"replies":[{"embeddable":true,"href":"https:\/\/www.sitem.fr\/en\/wp-json\/wp\/v2\/comments?post=11027"}],"version-history":[{"count":5,"href":"https:\/\/www.sitem.fr\/en\/wp-json\/wp\/v2\/posts\/11027\/revisions"}],"predecessor-version":[{"id":11158,"href":"https:\/\/www.sitem.fr\/en\/wp-json\/wp\/v2\/posts\/11027\/revisions\/11158"}],"wp:featuredmedia":[{"embeddable":true,"href":"https:\/\/www.sitem.fr\/en\/wp-json\/wp\/v2\/media\/11157"}],"wp:attachment":[{"href":"https:\/\/www.sitem.fr\/en\/wp-json\/wp\/v2\/media?parent=11027"}],"wp:term":[{"taxonomy":"category","embeddable":true,"href":"https:\/\/www.sitem.fr\/en\/wp-json\/wp\/v2\/categories?post=11027"},{"taxonomy":"post_tag","embeddable":true,"href":"https:\/\/www.sitem.fr\/en\/wp-json\/wp\/v2\/tags?post=11027"}],"curies":[{"name":"wp","href":"https:\/\/api.w.org\/{rel}","templated":true}]}}