{"id":11085,"date":"2018-10-31T10:18:50","date_gmt":"2018-10-31T09:18:50","guid":{"rendered":"https:\/\/www.sitem.fr\/?p=11085"},"modified":"2018-11-12T18:06:00","modified_gmt":"2018-11-12T17:06:00","slug":"pic-bois-scenographie-maison-pnr-pyrenees-catalanes","status":"publish","type":"post","link":"https:\/\/www.sitem.fr\/en\/pic-bois-scenographie-maison-pnr-pyrenees-catalanes\/","title":{"rendered":"PIC BOIS : sc\u00e9nographie de la Maison du PNR des Pyr\u00e9n\u00e9es catalanes"},"content":{"rendered":"<p>La Maison du Parc Naturel R\u00e9gional des Pyr\u00e9n\u00e9es catalanes \u00e0 Olette, ancienne ferme r\u00e9habilit\u00e9e et v\u00e9ritable dialogue entre pass\u00e9 et pr\u00e9sent, a souhait\u00e9 mettre en valeur ses abords tout en retra\u00e7ant l\u2019histoire de ce site class\u00e9. <strong>PIC BOIS<\/strong> a fabriqu\u00e9 la signal\u00e9tique en acier, con\u00e7ue par l\u2019association le Passe Muraille.<br \/>\nChaque mobilier est d\u00e9coup\u00e9 et repr\u00e9sente un fait marquant de l\u2019histoire du lieu :<\/p>\n<p>\u2022 Le territoire a \u00e9t\u00e9 marqu\u00e9 par l\u2019exploitation mini\u00e8re du fer depuis la Rome antique jusque dans les ann\u00e9es 1960\/1970. Le mat\u00e9riau choisi met en valeur les nombreuses mines pr\u00e9sentes sur tout le massif.<\/p>\n<div id=\"attachment_11089\" style=\"width: 217px\" class=\"wp-caption aligncenter\"><a href=\"https:\/\/www.sitem.fr\/wp-content\/uploads\/2018\/10\/totem-mines-Cre\u0301dits-Pic-Bois.jpg\"><img loading=\"lazy\" decoding=\"async\" aria-describedby=\"caption-attachment-11089\" class=\" wp-image-11089\" src=\"https:\/\/www.sitem.fr\/wp-content\/uploads\/2018\/10\/totem-mines-Cre\u0301dits-Pic-Bois.jpg\" alt=\"totem-mines-pic-bois-maison-pnr-pyren\u00e9es\" width=\"207\" height=\"280\" srcset=\"https:\/\/www.sitem.fr\/wp-content\/uploads\/2018\/10\/totem-mines-Cre\u0301dits-Pic-Bois.jpg 800w, https:\/\/www.sitem.fr\/wp-content\/uploads\/2018\/10\/totem-mines-Cre\u0301dits-Pic-Bois-600x815.jpg 600w, https:\/\/www.sitem.fr\/wp-content\/uploads\/2018\/10\/totem-mines-Cre\u0301dits-Pic-Bois-221x300.jpg 221w, https:\/\/www.sitem.fr\/wp-content\/uploads\/2018\/10\/totem-mines-Cre\u0301dits-Pic-Bois-768x1044.jpg 768w, https:\/\/www.sitem.fr\/wp-content\/uploads\/2018\/10\/totem-mines-Cre\u0301dits-Pic-Bois-754x1024.jpg 754w\" sizes=\"auto, (max-width: 207px) 100vw, 207px\" \/><\/a><p id=\"caption-attachment-11089\" class=\"wp-caption-text\">Totem sur le th\u00e8me de la mine \u00a9 PIC BOIS<\/p><\/div>\n<p>\u2022 Le paravent, v\u00e9ritable observatoire sur la vall\u00e9e, permet de d\u00e9couvrir diff\u00e9rents \u00e9l\u00e9ments de paysage : l\u2019amont et l\u2019aval \u00e0 travers les triangles, les terrasses gr\u00e2ce aux lignes horizontales ainsi que des points particuliers en regardant par les ronds\u2026<\/p>\n<div id=\"attachment_11087\" style=\"width: 387px\" class=\"wp-caption aligncenter\"><a href=\"https:\/\/www.sitem.fr\/wp-content\/uploads\/2018\/10\/paravent-observatoire-credits-Pic-Bois.jpg\"><img loading=\"lazy\" decoding=\"async\" aria-describedby=\"caption-attachment-11087\" class=\" wp-image-11087\" src=\"https:\/\/www.sitem.fr\/wp-content\/uploads\/2018\/10\/paravent-observatoire-credits-Pic-Bois.jpg\" alt=\"paravent-observatoire-maison-PNR-pyr\u00e9n\u00e9es-pic-bois\" width=\"377\" height=\"280\" \/><\/a><p id=\"caption-attachment-11087\" class=\"wp-caption-text\">Paravent d&#8217;observation en acier \u00a9 PIC BOIS<\/p><\/div>\n<p>\u2022 Chaque mobilier est accessible aux personnes \u00e0 mobilit\u00e9 r\u00e9duite : panneaux install\u00e9s de fa\u00e7on \u00e0 \u00eatre lus par une personne en fauteuil roulant, graphismes contrast\u00e9s pour les personnes malvoyantes\u2026<\/p>\n<p>\u2022 Les plots temporels comme les autres mobiliers permettent ainsi de se promener \u00e0 travers l\u2019histoire tout en rajoutant une ambiance au lieu.<\/p>\n<div id=\"attachment_11088\" style=\"width: 381px\" class=\"wp-caption aligncenter\"><a href=\"https:\/\/www.sitem.fr\/wp-content\/uploads\/2018\/10\/plots-temporels-cre\u0301dits-PNRPC.jpg\"><img loading=\"lazy\" decoding=\"async\" aria-describedby=\"caption-attachment-11088\" class=\" wp-image-11088\" src=\"https:\/\/www.sitem.fr\/wp-content\/uploads\/2018\/10\/plots-temporels-cre\u0301dits-PNRPC.jpg\" alt=\"plots-temporels-maison-pnr-pyrenees-pic-bois\" width=\"371\" height=\"280\" srcset=\"https:\/\/www.sitem.fr\/wp-content\/uploads\/2018\/10\/plots-temporels-cre\u0301dits-PNRPC-300x225.jpg 300w, https:\/\/www.sitem.fr\/wp-content\/uploads\/2018\/10\/plots-temporels-cre\u0301dits-PNRPC-80x60.jpg 80w\" sizes=\"auto, (max-width: 371px) 100vw, 371px\" \/><\/a><p id=\"caption-attachment-11088\" class=\"wp-caption-text\">Les plots temporels nous permettent de nous promener a\u0300 travers l\u2019histoire \u00a9 PNRPC<\/p><\/div>\n<p>Ma\u00eetre d\u2019ouvrage : Maison du PNR des Pyr\u00e9n\u00e9es Catalanes<br \/>\nMa\u00eetre d\u2019\u0153uvre : <a href=\"http:\/\/www.lepassemuraille.org\">Association le Passe Muraille<\/a><\/p>\n<p style=\"text-align: justify;\"><a href=\"https:\/\/www.pic-bois.com\/\" target=\"_blank\" rel=\"noopener\">www.pic-bois.com<\/a><\/p>\n<p style=\"text-align: justify;\"><strong>Consultez la <a href=\"http:\/\/www.museumexperts.com\/nos_services\/annuaire\/prestataire\/4921\" target=\"_blank\" rel=\"noopener\">Fiche Annuaire<\/a> de PIC BOIS<\/strong><\/p>\n","protected":false},"excerpt":{"rendered":"La Maison du Parc Naturel R\u00e9gional des Pyr\u00e9n\u00e9es catalanes \u00e0 Olette, ancienne ferme r\u00e9habilit\u00e9e et v\u00e9ritable dialogue entre pass\u00e9 et pr\u00e9sent, a souhait\u00e9 mettre en valeur ses abords tout en retra\u00e7ant l\u2019histoire de ce site class\u00e9. PIC BOIS a fabriqu\u00e9 la signal\u00e9tique en acier, con\u00e7ue par l\u2019association le Passe Muraille. Chaque mobilier est d\u00e9coup\u00e9 et&#8230; <br><a class=\"readm\" href=\"https:\/\/www.sitem.fr\/en\/pic-bois-scenographie-maison-pnr-pyrenees-catalanes\/\">Read more<\/a>","protected":false},"author":2,"featured_media":11087,"comment_status":"open","ping_status":"open","sticky":false,"template":"","format":"standard","meta":{"_acf_changed":false,"footnotes":""},"categories":[144],"tags":[496],"class_list":["post-11085","post","type-post","status-publish","format-standard","has-post-thumbnail","hentry","category-mobilier","tag-pic-bois"],"acf":[],"_links":{"self":[{"href":"https:\/\/www.sitem.fr\/en\/wp-json\/wp\/v2\/posts\/11085","targetHints":{"allow":["GET"]}}],"collection":[{"href":"https:\/\/www.sitem.fr\/en\/wp-json\/wp\/v2\/posts"}],"about":[{"href":"https:\/\/www.sitem.fr\/en\/wp-json\/wp\/v2\/types\/post"}],"author":[{"embeddable":true,"href":"https:\/\/www.sitem.fr\/en\/wp-json\/wp\/v2\/users\/2"}],"replies":[{"embeddable":true,"href":"https:\/\/www.sitem.fr\/en\/wp-json\/wp\/v2\/comments?post=11085"}],"version-history":[{"count":4,"href":"https:\/\/www.sitem.fr\/en\/wp-json\/wp\/v2\/posts\/11085\/revisions"}],"predecessor-version":[{"id":11159,"href":"https:\/\/www.sitem.fr\/en\/wp-json\/wp\/v2\/posts\/11085\/revisions\/11159"}],"wp:featuredmedia":[{"embeddable":true,"href":"https:\/\/www.sitem.fr\/en\/wp-json\/wp\/v2\/media\/11087"}],"wp:attachment":[{"href":"https:\/\/www.sitem.fr\/en\/wp-json\/wp\/v2\/media?parent=11085"}],"wp:term":[{"taxonomy":"category","embeddable":true,"href":"https:\/\/www.sitem.fr\/en\/wp-json\/wp\/v2\/categories?post=11085"},{"taxonomy":"post_tag","embeddable":true,"href":"https:\/\/www.sitem.fr\/en\/wp-json\/wp\/v2\/tags?post=11085"}],"curies":[{"name":"wp","href":"https:\/\/api.w.org\/{rel}","templated":true}]}}