{"id":11180,"date":"2018-11-30T10:28:06","date_gmt":"2018-11-30T09:28:06","guid":{"rendered":"https:\/\/www.sitem.fr\/?p=11180"},"modified":"2018-12-15T13:38:51","modified_gmt":"2018-12-15T12:38:51","slug":"sonopluie-akken-maladrerie-saint-lazare-beauvais","status":"publish","type":"post","link":"https:\/\/www.sitem.fr\/en\/sonopluie-akken-maladrerie-saint-lazare-beauvais\/","title":{"rendered":"SonoPluie \u00e0 la Maladrerie Saint Lazare"},"content":{"rendered":"<p>Lundi 26 novembre, le ciel est bas et lourd sur la Maladrerie Saint Lazare \u00e0 Beauvais, mais les c\u0153urs sont l\u00e9gers car l&#8217;\u00e9quipe d&#8217;<strong>Akken<\/strong> d\u00e9marre une nouvelle balade sonore en parapluie g\u00e9olocalis\u00e9, qui sera propos\u00e9e aux visiteurs d\u00e8s avril 2019.<\/p>\n<p><a href=\"https:\/\/www.sitem.fr\/wp-content\/uploads\/2018\/12\/Beauvais-112018_1.jpeg\"><img loading=\"lazy\" decoding=\"async\" class=\"aligncenter size-full wp-image-11182\" src=\"https:\/\/www.sitem.fr\/wp-content\/uploads\/2018\/12\/Beauvais-112018_1.jpeg\" alt=\"akken-sonopluie-Maladrerie-Saint-Lazare-beauvais-exterieur\" width=\"1280\" height=\"818\" srcset=\"https:\/\/www.sitem.fr\/wp-content\/uploads\/2018\/12\/Beauvais-112018_1.jpeg 1280w, https:\/\/www.sitem.fr\/wp-content\/uploads\/2018\/12\/Beauvais-112018_1-600x383.jpeg 600w, https:\/\/www.sitem.fr\/wp-content\/uploads\/2018\/12\/Beauvais-112018_1-680x435.jpeg 680w, https:\/\/www.sitem.fr\/wp-content\/uploads\/2018\/12\/Beauvais-112018_1-1024x654.jpeg 1024w, https:\/\/www.sitem.fr\/wp-content\/uploads\/2018\/12\/Beauvais-112018_1-768x491.jpeg 768w, https:\/\/www.sitem.fr\/wp-content\/uploads\/2018\/12\/Beauvais-112018_1-300x192.jpeg 300w\" sizes=\"auto, (max-width: 1280px) 100vw, 1280px\" \/><\/a>La proposition sonore fera voyager le visiteur dans le temps, de son statut historique de l\u00e9proserie qui voit son \u00e2ge d&#8217;or au XIII\u00e8me si\u00e8cle, en passant par son pass\u00e9 r\u00e9cent d&#8217;exploitation agricole, puis de lieu quasi abandonn\u00e9 et livr\u00e9 aux jeux d&#8217;enfants, pour en arriver \u00e0 son usage actuel en tant que lieu patrimonial et de diffusion culturelle.<\/p>\n<p><a href=\"https:\/\/www.sitem.fr\/wp-content\/uploads\/2018\/12\/Beauvais-112018_2.jpeg\"><img loading=\"lazy\" decoding=\"async\" class=\"wp-image-11183 aligncenter\" src=\"https:\/\/www.sitem.fr\/wp-content\/uploads\/2018\/12\/Beauvais-112018_2.jpeg\" alt=\"akken-sonopluie-Maladrerie-Saint-Lazare-beauvais-interieur\" width=\"405\" height=\"308\" \/><\/a>Paroles de personnes ressources, t\u00e9moignages d&#8217;habitants, compositions bruitistes et musicales \u00e9graineront le parcours du visiteur, nich\u00e9 sous son parapluie, \u00e0 la fois cocon et petit toit portatif qui participe de son immersion en terre m\u00e9dievale&#8230;<\/p>\n<p style=\"text-align: justify;\"><a href=\"http:\/\/www.akken.fr\" target=\"_blank\" rel=\"noopener\">www.akken.fr<\/a><\/p>\n<p style=\"text-align: justify;\"><strong>Consultez la <a href=\"http:\/\/www.museumexperts.com\/nos_services\/annuaire\/prestataire\/4911\" target=\"_blank\" rel=\"noopener\">Fiche Annuaire<\/a> de AKKEN<\/strong><\/p>\n","protected":false},"excerpt":{"rendered":"Lundi 26 novembre, le ciel est bas et lourd sur la Maladrerie Saint Lazare \u00e0 Beauvais, mais les c\u0153urs sont l\u00e9gers car l&#8217;\u00e9quipe d&#8217;Akken d\u00e9marre une nouvelle balade sonore en parapluie g\u00e9olocalis\u00e9, qui sera propos\u00e9e aux visiteurs d\u00e8s avril 2019. La proposition sonore fera voyager le visiteur dans le temps, de son statut historique de&#8230; <br><a class=\"readm\" href=\"https:\/\/www.sitem.fr\/en\/sonopluie-akken-maladrerie-saint-lazare-beauvais\/\">Read more<\/a>","protected":false},"author":2,"featured_media":11182,"comment_status":"open","ping_status":"open","sticky":false,"template":"","format":"standard","meta":{"_acf_changed":false,"footnotes":""},"categories":[149,154],"tags":[491],"class_list":["post-11180","post","type-post","status-publish","format-standard","has-post-thumbnail","hentry","category-interactivite-2","category-son-2","tag-akken"],"acf":[],"_links":{"self":[{"href":"https:\/\/www.sitem.fr\/en\/wp-json\/wp\/v2\/posts\/11180","targetHints":{"allow":["GET"]}}],"collection":[{"href":"https:\/\/www.sitem.fr\/en\/wp-json\/wp\/v2\/posts"}],"about":[{"href":"https:\/\/www.sitem.fr\/en\/wp-json\/wp\/v2\/types\/post"}],"author":[{"embeddable":true,"href":"https:\/\/www.sitem.fr\/en\/wp-json\/wp\/v2\/users\/2"}],"replies":[{"embeddable":true,"href":"https:\/\/www.sitem.fr\/en\/wp-json\/wp\/v2\/comments?post=11180"}],"version-history":[{"count":13,"href":"https:\/\/www.sitem.fr\/en\/wp-json\/wp\/v2\/posts\/11180\/revisions"}],"predecessor-version":[{"id":11387,"href":"https:\/\/www.sitem.fr\/en\/wp-json\/wp\/v2\/posts\/11180\/revisions\/11387"}],"wp:featuredmedia":[{"embeddable":true,"href":"https:\/\/www.sitem.fr\/en\/wp-json\/wp\/v2\/media\/11182"}],"wp:attachment":[{"href":"https:\/\/www.sitem.fr\/en\/wp-json\/wp\/v2\/media?parent=11180"}],"wp:term":[{"taxonomy":"category","embeddable":true,"href":"https:\/\/www.sitem.fr\/en\/wp-json\/wp\/v2\/categories?post=11180"},{"taxonomy":"post_tag","embeddable":true,"href":"https:\/\/www.sitem.fr\/en\/wp-json\/wp\/v2\/tags?post=11180"}],"curies":[{"name":"wp","href":"https:\/\/api.w.org\/{rel}","templated":true}]}}