{"id":11264,"date":"2018-11-30T10:07:32","date_gmt":"2018-11-30T09:07:32","guid":{"rendered":"https:\/\/www.sitem.fr\/?p=11264"},"modified":"2018-12-15T14:25:00","modified_gmt":"2018-12-15T13:25:00","slug":"fourreau-associes-renovation-chapelle-la-catho","status":"publish","type":"post","link":"https:\/\/www.sitem.fr\/en\/fourreau-associes-renovation-chapelle-la-catho\/","title":{"rendered":"Fourreau &#038; Associ\u00e9s accompagne \u00ab La Catho \u00bb"},"content":{"rendered":"<p align=\"justify\"><a href=\"https:\/\/www.sitem.fr\/wp-content\/uploads\/2018\/12\/fourreau-associ\u00e9s-renovation-chapelle-lille.png\"><img loading=\"lazy\" decoding=\"async\" class=\"aligncenter wp-image-11266\" src=\"https:\/\/www.sitem.fr\/wp-content\/uploads\/2018\/12\/fourreau-associ\u00e9s-renovation-chapelle-lille.png\" alt=\"fourreau-associ\u00e9s-renovation-chapelle-lille\" width=\"327\" height=\"151\" \/><\/a><\/p>\n<div id=\"attachment_11267\" style=\"width: 176px\" class=\"wp-caption alignleft\"><a href=\"https:\/\/www.sitem.fr\/wp-content\/uploads\/2018\/12\/renovation-lille-chapelle-universite-fourreau-associes.jpg\"><img loading=\"lazy\" decoding=\"async\" aria-describedby=\"caption-attachment-11267\" class=\"wp-image-11267\" src=\"https:\/\/www.sitem.fr\/wp-content\/uploads\/2018\/12\/renovation-lille-chapelle-universite-fourreau-associes.jpg\" alt=\"renovation-lille-chapelle-universite-fourreau-associes\" width=\"166\" height=\"217\" \/><\/a><p id=\"caption-attachment-11267\" class=\"wp-caption-text\">\u00a9CC BY-SA 3.0<\/p><\/div>\n<p align=\"justify\">Le cabinet <strong>Fourreau &amp; Associ\u00e9s<\/strong> a \u00e9t\u00e9 choisi par &#8221; La Catho &#8220;, l\u2019Universit\u00e9 Catholique de Lille pour l\u2019accompagner dans une mission de lev\u00e9e de fonds autour de la r\u00e9novation de sa chapelle. Un projet sur deux ans que les \u00e9quipes de <strong>Fourreau &amp; Associ\u00e9s<\/strong> sont particuli\u00e8rement fi\u00e8res d\u2019accompagner\u00a0: l\u2019universit\u00e9 est un lieu embl\u00e9matique de la capitale du Nord et sa chapelle, un \u00e9difice majeur de l\u2019architecture n\u00e9ogothique dans la r\u00e9gion.<\/p>\n<p align=\"justify\">L&#8217;Universit\u00e9 catholique de Lille souhaite moderniser sa chapelle pour en faire un \u00e9l\u00e9ment central de son campus, un espace propice aux rencontres, entre connaissance, culture et spiritualit\u00e9. Le lieu accueillera diverses manifestations : c\u00e9l\u00e9brations, conf\u00e9rences, d\u00e9bats, examens ou encore expositions et concerts.<\/p>\n<p>&nbsp;<\/p>\n<p style=\"text-align: justify;\"><a href=\"http:\/\/www.fourreau-associes.com\/\" target=\"_blank\" rel=\"noopener\">www.fourreau-associes.com<\/a><\/p>\n<p style=\"text-align: justify;\"><strong>Consultez la <a href=\"http:\/\/www.museumexperts.com\/nos_services\/annuaire\/prestataire\/4815\" target=\"_blank\" rel=\"noopener\">Fiche Annuaire<\/a> de FOURREAU &amp; ASSOCIES<\/strong><\/p>\n","protected":false},"excerpt":{"rendered":"Le cabinet Fourreau &amp; Associ\u00e9s a \u00e9t\u00e9 choisi par &#8221; La Catho &#8220;, l\u2019Universit\u00e9 Catholique de Lille pour l\u2019accompagner dans une mission de lev\u00e9e de fonds autour de la r\u00e9novation de sa chapelle. Un projet sur deux ans que les \u00e9quipes de Fourreau &amp; Associ\u00e9s sont particuli\u00e8rement fi\u00e8res d\u2019accompagner\u00a0: l\u2019universit\u00e9 est un lieu embl\u00e9matique de&#8230; <br><a class=\"readm\" href=\"https:\/\/www.sitem.fr\/en\/fourreau-associes-renovation-chapelle-la-catho\/\">Read more<\/a>","protected":false},"author":2,"featured_media":11266,"comment_status":"open","ping_status":"open","sticky":false,"template":"","format":"standard","meta":{"_acf_changed":false,"footnotes":""},"categories":[1],"tags":[471],"class_list":["post-11264","post","type-post","status-publish","format-standard","has-post-thumbnail","hentry","category-non-classifiee","tag-fourreau-associes"],"acf":[],"_links":{"self":[{"href":"https:\/\/www.sitem.fr\/en\/wp-json\/wp\/v2\/posts\/11264","targetHints":{"allow":["GET"]}}],"collection":[{"href":"https:\/\/www.sitem.fr\/en\/wp-json\/wp\/v2\/posts"}],"about":[{"href":"https:\/\/www.sitem.fr\/en\/wp-json\/wp\/v2\/types\/post"}],"author":[{"embeddable":true,"href":"https:\/\/www.sitem.fr\/en\/wp-json\/wp\/v2\/users\/2"}],"replies":[{"embeddable":true,"href":"https:\/\/www.sitem.fr\/en\/wp-json\/wp\/v2\/comments?post=11264"}],"version-history":[{"count":15,"href":"https:\/\/www.sitem.fr\/en\/wp-json\/wp\/v2\/posts\/11264\/revisions"}],"predecessor-version":[{"id":11419,"href":"https:\/\/www.sitem.fr\/en\/wp-json\/wp\/v2\/posts\/11264\/revisions\/11419"}],"wp:featuredmedia":[{"embeddable":true,"href":"https:\/\/www.sitem.fr\/en\/wp-json\/wp\/v2\/media\/11266"}],"wp:attachment":[{"href":"https:\/\/www.sitem.fr\/en\/wp-json\/wp\/v2\/media?parent=11264"}],"wp:term":[{"taxonomy":"category","embeddable":true,"href":"https:\/\/www.sitem.fr\/en\/wp-json\/wp\/v2\/categories?post=11264"},{"taxonomy":"post_tag","embeddable":true,"href":"https:\/\/www.sitem.fr\/en\/wp-json\/wp\/v2\/tags?post=11264"}],"curies":[{"name":"wp","href":"https:\/\/api.w.org\/{rel}","templated":true}]}}