{"id":11279,"date":"2018-11-30T10:10:34","date_gmt":"2018-11-30T09:10:34","guid":{"rendered":"https:\/\/www.sitem.fr\/?p=11279"},"modified":"2018-12-15T14:22:24","modified_gmt":"2018-12-15T13:22:24","slug":"etude-publics-gece-chateau-versailles-spectacles","status":"publish","type":"post","link":"https:\/\/www.sitem.fr\/en\/etude-publics-gece-chateau-versailles-spectacles\/","title":{"rendered":"Une \u00e9tude de publics sign\u00e9e Gece pour Ch\u00e2teau de Versailles Spectacles"},"content":{"rendered":"<p align=\"justify\">Depuis 10 ans, l\u2019Op\u00e9ra Royal du Ch\u00e2teau de Versailles, rouvert apr\u00e8s d\u2019importants travaux de r\u00e9novation et de mise en s\u00e9curit\u00e9, accueille une centaine de repr\u00e9sentations par saison musicale. Les plus grands noms et interpr\u00e8tes se sont succ\u00e9d\u00e9 sur cette sc\u00e8ne prestigieuse, qui a accueilli pr\u00e8s de 75 000 spectateurs en 2017, malgr\u00e9 une jauge de 700 places environ selon les configurations.<\/p>\n<p align=\"justify\"><a href=\"https:\/\/www.sitem.fr\/wp-content\/uploads\/2018\/12\/chateau-versailles-spectacle-gece.png\"><img loading=\"lazy\" decoding=\"async\" class=\"aligncenter  wp-image-11281\" src=\"https:\/\/www.sitem.fr\/wp-content\/uploads\/2018\/12\/chateau-versailles-spectacle-gece.png\" alt=\"chateau-versailles-exterieur-spectacle-gece\" width=\"481\" height=\"275\" \/><\/a>Ch\u00e2teau de Versailles Spectacles a souhait\u00e9, dans le cadre de sa politique de d\u00e9veloppement et de bilan de ces 10 ans, conna\u00eetre de mani\u00e8re exhaustive le public fr\u00e9quentant les spectacles donn\u00e9s \u00e0 l\u2019Op\u00e9ra Royal, ainsi que ceux se d\u00e9roulant \u00e0 la Chapelle Royale, au Salon d\u2019Hercule et \u00e0 la Salle Marengo.<\/p>\n<p align=\"justify\"><a href=\"https:\/\/www.sitem.fr\/wp-content\/uploads\/2018\/12\/chateau-versailles-gece.png\"><img loading=\"lazy\" decoding=\"async\" class=\"wp-image-11280 aligncenter\" src=\"https:\/\/www.sitem.fr\/wp-content\/uploads\/2018\/12\/chateau-versailles-gece.png\" alt=\"chateau-versailles-exterieur-spectacle-gece\" width=\"469\" height=\"318\" \/><\/a><strong>Gece<\/strong> va conduire cette \u00e9tude sur les publics de la saison musicale 2018 et analyser les caract\u00e9ristiques socio-d\u00e9mographiques des spectateurs, les motivations et les freins de leur fr\u00e9quentation des lieux, leur fid\u00e9lit\u00e9, leur perception de l\u2019Op\u00e9ra Royal et leur satisfaction, leur connaissance et leur fr\u00e9quentation des autres propositions de Ch\u00e2teau de Versailles Spectacles etc.<\/p>\n<p style=\"text-align: justify;\"><a href=\"http:\/\/www.gece.fr\/ \" target=\"_blank\" rel=\"noopener\">www.gece.fr<\/a><\/p>\n<p style=\"text-align: justify;\"><strong>Consultez la <a href=\"http:\/\/www.museumexperts.com\/nos_services\/annuaire\/prestataire\/4247\" target=\"_blank\" rel=\"noopener\">Fiche Annuaire<\/a> de GECE<\/strong><\/p>\n","protected":false},"excerpt":{"rendered":"Depuis 10 ans, l\u2019Op\u00e9ra Royal du Ch\u00e2teau de Versailles, rouvert apr\u00e8s d\u2019importants travaux de r\u00e9novation et de mise en s\u00e9curit\u00e9, accueille une centaine de repr\u00e9sentations par saison musicale. Les plus grands noms et interpr\u00e8tes se sont succ\u00e9d\u00e9 sur cette sc\u00e8ne prestigieuse, qui a accueilli pr\u00e8s de 75 000 spectateurs en 2017, malgr\u00e9 une jauge de&#8230; <br><a class=\"readm\" href=\"https:\/\/www.sitem.fr\/en\/etude-publics-gece-chateau-versailles-spectacles\/\">Read more<\/a>","protected":false},"author":2,"featured_media":11280,"comment_status":"open","ping_status":"open","sticky":false,"template":"","format":"standard","meta":{"_acf_changed":false,"footnotes":""},"categories":[1],"tags":[334,285],"class_list":["post-11279","post","type-post","status-publish","format-standard","has-post-thumbnail","hentry","category-non-classifiee","tag-chateau-de-versailles","tag-gece"],"acf":[],"_links":{"self":[{"href":"https:\/\/www.sitem.fr\/en\/wp-json\/wp\/v2\/posts\/11279","targetHints":{"allow":["GET"]}}],"collection":[{"href":"https:\/\/www.sitem.fr\/en\/wp-json\/wp\/v2\/posts"}],"about":[{"href":"https:\/\/www.sitem.fr\/en\/wp-json\/wp\/v2\/types\/post"}],"author":[{"embeddable":true,"href":"https:\/\/www.sitem.fr\/en\/wp-json\/wp\/v2\/users\/2"}],"replies":[{"embeddable":true,"href":"https:\/\/www.sitem.fr\/en\/wp-json\/wp\/v2\/comments?post=11279"}],"version-history":[{"count":2,"href":"https:\/\/www.sitem.fr\/en\/wp-json\/wp\/v2\/posts\/11279\/revisions"}],"predecessor-version":[{"id":11416,"href":"https:\/\/www.sitem.fr\/en\/wp-json\/wp\/v2\/posts\/11279\/revisions\/11416"}],"wp:featuredmedia":[{"embeddable":true,"href":"https:\/\/www.sitem.fr\/en\/wp-json\/wp\/v2\/media\/11280"}],"wp:attachment":[{"href":"https:\/\/www.sitem.fr\/en\/wp-json\/wp\/v2\/media?parent=11279"}],"wp:term":[{"taxonomy":"category","embeddable":true,"href":"https:\/\/www.sitem.fr\/en\/wp-json\/wp\/v2\/categories?post=11279"},{"taxonomy":"post_tag","embeddable":true,"href":"https:\/\/www.sitem.fr\/en\/wp-json\/wp\/v2\/tags?post=11279"}],"curies":[{"name":"wp","href":"https:\/\/api.w.org\/{rel}","templated":true}]}}