{"id":11321,"date":"2018-11-30T10:20:57","date_gmt":"2018-11-30T09:20:57","guid":{"rendered":"https:\/\/www.sitem.fr\/?p=11321"},"modified":"2018-12-15T14:09:55","modified_gmt":"2018-12-15T13:09:55","slug":"mba-france-cloisons-prince-jacques","status":"publish","type":"post","link":"https:\/\/www.sitem.fr\/en\/mba-france-cloisons-prince-jacques\/","title":{"rendered":"Les cloisons Mila-wall de MBA France au Centre Culturel Prince Jacques de Beausoleil"},"content":{"rendered":"<p align=\"justify\">La ville de Beausoleil, limitrophe \u00e0 la principaut\u00e9 de Monaco, a inaugur\u00e9 son nouveau centre culturel le 24 novembre 2018. Le Centre Culturel Prince Jacques, nomm\u00e9 en l&#8217;honneur du prince h\u00e9ritier de Monaco, a \u00e9t\u00e9 inaugur\u00e9 par le prince Albert II et G\u00e9rard Spinelli, maire de la ville de Beausoleil, devant une salle emplie d&#8217;enfants, adolescents et parents.<\/p>\n<p align=\"justify\">Ancienne friche industrielle r\u00e9habilit\u00e9e, le Centre Culturel Prince Jacques offre une surface au sol de 2000 m2 et peut accueillir jusqu&#8217;\u00e0 700 personnes simultan\u00e9ment. Le Centre Culturel de Beausoleil se veut un lieu polyvalent, r\u00e9unissant \u00e0 la fois l&#8217;offre culturelle et socio-\u00e9ducative de la ville, les \u00e9coles municipales de musique et de danse, une ludoth\u00e8que mais \u00e9galement un vaste espace d&#8217;exposition : un lieu convivial r\u00eav\u00e9 par G\u00e9rard Spinelli depuis 18 ans.<\/p>\n<div id=\"attachment_11322\" style=\"width: 4458px\" class=\"wp-caption aligncenter\"><a href=\"https:\/\/www.sitem.fr\/wp-content\/uploads\/2018\/12\/BIBLIO-41.jpg\"><img loading=\"lazy\" decoding=\"async\" aria-describedby=\"caption-attachment-11322\" class=\"wp-image-11322 size-full\" src=\"https:\/\/www.sitem.fr\/wp-content\/uploads\/2018\/12\/BIBLIO-41.jpg\" alt=\"mba-france-mila-wall-centre-culturel-prince jacques\" width=\"4448\" height=\"2971\" srcset=\"https:\/\/www.sitem.fr\/wp-content\/uploads\/2018\/12\/BIBLIO-41.jpg 4448w, https:\/\/www.sitem.fr\/wp-content\/uploads\/2018\/12\/BIBLIO-41-300x200.jpg 300w, https:\/\/www.sitem.fr\/wp-content\/uploads\/2018\/12\/BIBLIO-41-768x513.jpg 768w, https:\/\/www.sitem.fr\/wp-content\/uploads\/2018\/12\/BIBLIO-41-1024x684.jpg 1024w\" sizes=\"auto, (max-width: 4448px) 100vw, 4448px\" \/><\/a><p id=\"caption-attachment-11322\" class=\"wp-caption-text\">Cloisons Mila-Wall 100 de MBA France pour une exposition \u00e0 la biblioth\u00e8que humaniste de S\u00e9lestat. \u00a9Roland Letscher<\/p><\/div>\n<p align=\"justify\"><strong>MBA France<\/strong> a ainsi \u00e9quip\u00e9 le Centre Culturel Prince Jacques avec son syst\u00e8me phare de murs modulaires : les cloisons Mila-wall (s\u00e9rie 100). La neutralit\u00e9, la maniabilit\u00e9 et la durabilit\u00e9 de ces cloisons en font un outil sc\u00e9nographie essentiel pour un lieu aussi divers et flexible que le Centre Culturel Prince Jacques.<\/p>\n<p style=\"text-align: justify;\"><a href=\"http:\/\/www.mba-france.fr\" target=\"_blank\" rel=\"noopener\">www.mba-france.fr<\/a><\/p>\n<p style=\"text-align: justify;\"><strong>Consultez la <a href=\"http:\/\/www.museumexperts.com\/nos_services\/annuaire\/prestataire\/1442\" target=\"_blank\" rel=\"noopener\">Fiche Annuaire<\/a> de MBA FRANCE <\/strong><\/p>\n","protected":false},"excerpt":{"rendered":"La ville de Beausoleil, limitrophe \u00e0 la principaut\u00e9 de Monaco, a inaugur\u00e9 son nouveau centre culturel le 24 novembre 2018. Le Centre Culturel Prince Jacques, nomm\u00e9 en l&#8217;honneur du prince h\u00e9ritier de Monaco, a \u00e9t\u00e9 inaugur\u00e9 par le prince Albert II et G\u00e9rard Spinelli, maire de la ville de Beausoleil, devant une salle emplie d&#8217;enfants,&#8230; <br><a class=\"readm\" href=\"https:\/\/www.sitem.fr\/en\/mba-france-cloisons-prince-jacques\/\">Read more<\/a>","protected":false},"author":2,"featured_media":11322,"comment_status":"open","ping_status":"open","sticky":false,"template":"","format":"standard","meta":{"_acf_changed":false,"footnotes":""},"categories":[139],"tags":[14],"class_list":["post-11321","post","type-post","status-publish","format-standard","has-post-thumbnail","hentry","category-cloisons","tag-mba-france"],"acf":[],"_links":{"self":[{"href":"https:\/\/www.sitem.fr\/en\/wp-json\/wp\/v2\/posts\/11321","targetHints":{"allow":["GET"]}}],"collection":[{"href":"https:\/\/www.sitem.fr\/en\/wp-json\/wp\/v2\/posts"}],"about":[{"href":"https:\/\/www.sitem.fr\/en\/wp-json\/wp\/v2\/types\/post"}],"author":[{"embeddable":true,"href":"https:\/\/www.sitem.fr\/en\/wp-json\/wp\/v2\/users\/2"}],"replies":[{"embeddable":true,"href":"https:\/\/www.sitem.fr\/en\/wp-json\/wp\/v2\/comments?post=11321"}],"version-history":[{"count":3,"href":"https:\/\/www.sitem.fr\/en\/wp-json\/wp\/v2\/posts\/11321\/revisions"}],"predecessor-version":[{"id":11408,"href":"https:\/\/www.sitem.fr\/en\/wp-json\/wp\/v2\/posts\/11321\/revisions\/11408"}],"wp:featuredmedia":[{"embeddable":true,"href":"https:\/\/www.sitem.fr\/en\/wp-json\/wp\/v2\/media\/11322"}],"wp:attachment":[{"href":"https:\/\/www.sitem.fr\/en\/wp-json\/wp\/v2\/media?parent=11321"}],"wp:term":[{"taxonomy":"category","embeddable":true,"href":"https:\/\/www.sitem.fr\/en\/wp-json\/wp\/v2\/categories?post=11321"},{"taxonomy":"post_tag","embeddable":true,"href":"https:\/\/www.sitem.fr\/en\/wp-json\/wp\/v2\/tags?post=11321"}],"curies":[{"name":"wp","href":"https:\/\/api.w.org\/{rel}","templated":true}]}}