{"id":11325,"date":"2018-11-30T10:22:26","date_gmt":"2018-11-30T09:22:26","guid":{"rendered":"https:\/\/www.sitem.fr\/?p=11325"},"modified":"2018-12-15T14:07:47","modified_gmt":"2018-12-15T13:07:47","slug":"musee-fabre-the-city-mediation-opixido","status":"publish","type":"post","link":"https:\/\/www.sitem.fr\/en\/musee-fabre-the-city-mediation-opixido\/","title":{"rendered":"Fabre &#038; the City : nouvel outil de m\u00e9diation et de communication par Opixido"},"content":{"rendered":"<p align=\"justify\"><a href=\"https:\/\/www.sitem.fr\/wp-content\/uploads\/2018\/12\/IMG_3474.jpg\"><img loading=\"lazy\" decoding=\"async\" class=\"wp-image-11328 alignleft\" src=\"https:\/\/www.sitem.fr\/wp-content\/uploads\/2018\/12\/IMG_3474.jpg\" alt=\"musee-fabre-city-opixido\" width=\"262\" height=\"262\" srcset=\"https:\/\/www.sitem.fr\/wp-content\/uploads\/2018\/12\/IMG_3474.jpg 920w, https:\/\/www.sitem.fr\/wp-content\/uploads\/2018\/12\/IMG_3474-300x300.jpg 300w, https:\/\/www.sitem.fr\/wp-content\/uploads\/2018\/12\/IMG_3474-100x100.jpg 100w, https:\/\/www.sitem.fr\/wp-content\/uploads\/2018\/12\/IMG_3474-600x600.jpg 600w, https:\/\/www.sitem.fr\/wp-content\/uploads\/2018\/12\/IMG_3474-150x150.jpg 150w, https:\/\/www.sitem.fr\/wp-content\/uploads\/2018\/12\/IMG_3474-768x768.jpg 768w\" sizes=\"auto, (max-width: 262px) 100vw, 262px\" \/><\/a>Dans le cadre de la valorisation de ses collections permanentes,\u00a0le mus\u00e9e Fabre de Montpellier M\u00e9diterran\u00e9e M\u00e9tropole a lanc\u00e9\u00a0en novembre un nouvel outil de m\u00e9diation et de communication.<\/p>\n<p align=\"justify\">Con\u00e7ue sous la forme d\u2019une webs\u00e9rie graphique num\u00e9rique,\u00a0\u00ab Fabre &amp; The City \u00bb invite les visiteurs et les curieux dans les coulisses\u00a0du mus\u00e9e et dans la vie intime des \u0153uvres d\u2019art qui l\u2019habitent,\u00a0\u00e0 la d\u00e9couverte du Montpellier du si\u00e8cle des Lumi\u00e8res. Cette s\u00e9rie num\u00e9rique en 7 \u00e9pisodes est diffus\u00e9e sur <a href=\"http:\/\/fabreandthecity.montpellier3m.fr\/\">fabreandthecity.montpellier3m.fr<\/a> et b\u00e9n\u00e9ficie d\u2019une application mobile t\u00e9l\u00e9chargeable sur les stores.<\/p>\n<p>&nbsp;<\/p>\n<p align=\"justify\">L\u2019agence <strong>Opixido<\/strong> a assur\u00e9 la conception et la r\u00e9alisation du dispositif\u00a0en partenariat avec l\u2019artiste montpelli\u00e9rain C\u00e9p\u00e9 pour les illustrations.<\/p>\n<p align=\"justify\">La diffusion de la web-s\u00e9rie est relay\u00e9e \u00e0 travers les r\u00e9seaux sociaux\u00a0(Twitter, Facebook, Instagram) du mus\u00e9e Fabre, dont le plan d\u2019animation\u00a0a \u00e9t\u00e9 con\u00e7u par <strong>Opixido<\/strong>.\u00a0Le d\u00e9veloppement de l&#8217;appli a \u00e9t\u00e9 confi\u00e9 Synox.<\/p>\n<p style=\"text-align: justify;\"><a href=\"http:\/\/opixido.com\/\" target=\"_blank\" rel=\"noopener\">www.opixido.com<\/a><\/p>\n<p style=\"text-align: justify;\"><strong>Consultez la <a href=\"http:\/\/www.museumexperts.com\/nos_services\/annuaire\/prestataire\/1579\" target=\"_blank\" rel=\"noopener\">Fiche Annuaire<\/a> de OPIXIDO<\/strong><\/p>\n<p align=\"justify\"><a href=\"https:\/\/www.sitem.fr\/wp-content\/uploads\/2018\/12\/IMG_3400.jpg\"><img loading=\"lazy\" decoding=\"async\" class=\"wp-image-11326 alignnone aligncenter\" src=\"https:\/\/www.sitem.fr\/wp-content\/uploads\/2018\/12\/IMG_3400.jpg\" alt=\"musee-fabre-city-opixido\" width=\"210\" height=\"276\" \/><\/a><a href=\"https:\/\/www.sitem.fr\/wp-content\/uploads\/2018\/12\/IMG_3401.jpg\"><img loading=\"lazy\" decoding=\"async\" class=\"wp-image-11327 alignnone\" src=\"https:\/\/www.sitem.fr\/wp-content\/uploads\/2018\/12\/IMG_3401.jpg\" alt=\"musee-fabre-city-opixido\" width=\"210\" height=\"277\" \/><\/a><\/p>\n<p>&nbsp;<\/p>\n<p style=\"text-align: justify;\">\n","protected":false},"excerpt":{"rendered":"Dans le cadre de la valorisation de ses collections permanentes,\u00a0le mus\u00e9e Fabre de Montpellier M\u00e9diterran\u00e9e M\u00e9tropole a lanc\u00e9\u00a0en novembre un nouvel outil de m\u00e9diation et de communication. Con\u00e7ue sous la forme d\u2019une webs\u00e9rie graphique num\u00e9rique,\u00a0\u00ab Fabre &amp; The City \u00bb invite les visiteurs et les curieux dans les coulisses\u00a0du mus\u00e9e et dans la vie intime&#8230; <br><a class=\"readm\" href=\"https:\/\/www.sitem.fr\/en\/musee-fabre-the-city-mediation-opixido\/\">Read more<\/a>","protected":false},"author":2,"featured_media":11338,"comment_status":"open","ping_status":"open","sticky":false,"template":"","format":"standard","meta":{"_acf_changed":false,"footnotes":""},"categories":[137,140],"tags":[103,435],"class_list":["post-11325","post","type-post","status-publish","format-standard","has-post-thumbnail","hentry","category-audiovisuel-multimedia","category-communication","tag-musee-fabre","tag-opixido"],"acf":[],"_links":{"self":[{"href":"https:\/\/www.sitem.fr\/en\/wp-json\/wp\/v2\/posts\/11325","targetHints":{"allow":["GET"]}}],"collection":[{"href":"https:\/\/www.sitem.fr\/en\/wp-json\/wp\/v2\/posts"}],"about":[{"href":"https:\/\/www.sitem.fr\/en\/wp-json\/wp\/v2\/types\/post"}],"author":[{"embeddable":true,"href":"https:\/\/www.sitem.fr\/en\/wp-json\/wp\/v2\/users\/2"}],"replies":[{"embeddable":true,"href":"https:\/\/www.sitem.fr\/en\/wp-json\/wp\/v2\/comments?post=11325"}],"version-history":[{"count":10,"href":"https:\/\/www.sitem.fr\/en\/wp-json\/wp\/v2\/posts\/11325\/revisions"}],"predecessor-version":[{"id":11407,"href":"https:\/\/www.sitem.fr\/en\/wp-json\/wp\/v2\/posts\/11325\/revisions\/11407"}],"wp:featuredmedia":[{"embeddable":true,"href":"https:\/\/www.sitem.fr\/en\/wp-json\/wp\/v2\/media\/11338"}],"wp:attachment":[{"href":"https:\/\/www.sitem.fr\/en\/wp-json\/wp\/v2\/media?parent=11325"}],"wp:term":[{"taxonomy":"category","embeddable":true,"href":"https:\/\/www.sitem.fr\/en\/wp-json\/wp\/v2\/categories?post=11325"},{"taxonomy":"post_tag","embeddable":true,"href":"https:\/\/www.sitem.fr\/en\/wp-json\/wp\/v2\/tags?post=11325"}],"curies":[{"name":"wp","href":"https:\/\/api.w.org\/{rel}","templated":true}]}}