{"id":11342,"date":"2018-11-30T10:08:59","date_gmt":"2018-11-30T09:08:59","guid":{"rendered":"https:\/\/www.sitem.fr\/?p=11342"},"modified":"2018-12-15T14:01:25","modified_gmt":"2018-12-15T13:01:25","slug":"pic-bois-scenographie-plateau-dambel","status":"publish","type":"post","link":"https:\/\/www.sitem.fr\/en\/pic-bois-scenographie-plateau-dambel\/","title":{"rendered":"PIC BOIS fabrique une sc\u00e9nographie pour le plateau d\u2019Ambel"},"content":{"rendered":"<p align=\"justify\">Le plateau d\u2019Ambel, lieu de pratique de randonn\u00e9e, t\u00e9moigne \u00e9galement des \u00e9v\u00e9nements li\u00e9s \u00e0 la r\u00e9sistance dans le Vercors. Le Conseil G\u00e9n\u00e9ral de la Dr\u00f4me a mandat\u00e9 le bureau d\u2019\u00e9tudes Atemia afin d\u2019\u00e9quiper l\u2019aire d\u2019accueil du public d\u2019un parcours sc\u00e9nographique dont l\u2019objectif principal est de faire connaitre les forces g\u00e9ologiques, climatiques, et humaines qui contribuent \u00e0 l\u2019harmonie de cet Espace Naturel Sensible.<\/p>\n<p align=\"justify\">Cet am\u00e9nagement original, fabriqu\u00e9 par <strong>PIC BOIS<\/strong>, comporte :<br \/>\n\u2022 des stations-photos utilisables en stations de pause : les b\u00e2ches imprim\u00e9es, capables de supporter le poids d\u2019un homme, peuvent servir de hamacs,<\/p>\n<div id=\"attachment_11345\" style=\"width: 360px\" class=\"wp-caption aligncenter\"><a href=\"https:\/\/www.sitem.fr\/wp-content\/uploads\/2018\/12\/Station-photo-hamac.jpg\"><img loading=\"lazy\" decoding=\"async\" aria-describedby=\"caption-attachment-11345\" class=\" wp-image-11345\" src=\"https:\/\/www.sitem.fr\/wp-content\/uploads\/2018\/12\/Station-photo-hamac.jpg\" alt=\"plateau d'ambel-station-photo-hamac\" width=\"350\" height=\"261\" \/><\/a><p id=\"caption-attachment-11345\" class=\"wp-caption-text\">Temps 1 : Station photo-hamac<\/p><\/div>\n<p align=\"justify\">\u2022 des pupitres p\u00e9dagogiques au design nature, dot\u00e9s de petits rondins \u00e9corc\u00e9s en guise de structure,<br \/>\n\u2022 des installations artistiques : sur le principe de l\u2019anamorphose, le visiteur doit se placer sur un rep\u00e8re en pierre pour que l\u2019\u0153uvre d\u00e9form\u00e9e se reconstitue et fasse appara\u00eetre des symboles grav\u00e9s,<\/p>\n<div id=\"attachment_11343\" style=\"width: 361px\" class=\"wp-caption aligncenter\"><a href=\"https:\/\/www.sitem.fr\/wp-content\/uploads\/2018\/12\/Anamorphose-et-\u00e9quipements-interactifs.jpg\"><img loading=\"lazy\" decoding=\"async\" aria-describedby=\"caption-attachment-11343\" class=\" wp-image-11343\" src=\"https:\/\/www.sitem.fr\/wp-content\/uploads\/2018\/12\/Anamorphose-et-\u00e9quipements-interactifs.jpg\" alt=\"plateau d'ambel-anamorphose-\u00e9quipements-interactifs\" width=\"351\" height=\"262\" \/><\/a><p id=\"caption-attachment-11343\" class=\"wp-caption-text\">Temps 2 : Anamorphose et \u00e9quipement interactifs<\/p><\/div>\n<p align=\"justify\">\u2022 une composition de cubes ludiques et mobiles : chaque volet soulev\u00e9 d\u00e9voile contenus et animations th\u00e9matiques pour petits et grands : borne sonore, plaque \u00e0 dessiner, silhouettes grav\u00e9es\u2026<\/p>\n<div id=\"attachment_11344\" style=\"width: 360px\" class=\"wp-caption aligncenter\"><a href=\"https:\/\/www.sitem.fr\/wp-content\/uploads\/2018\/12\/mobiliers-interpretation-cubes-plateau-ambel.jpg\"><img loading=\"lazy\" decoding=\"async\" aria-describedby=\"caption-attachment-11344\" class=\" wp-image-11344\" src=\"https:\/\/www.sitem.fr\/wp-content\/uploads\/2018\/12\/mobiliers-interpretation-cubes-plateau-ambel.jpg\" alt=\"plateau d'ambel-mobiliers-interpretation-cubes\" width=\"350\" height=\"260\" \/><\/a><p id=\"caption-attachment-11344\" class=\"wp-caption-text\">Temps 3 : Mobilier d&#8217;interpr\u00e9tation avec animations th\u00e9matiques<\/p><\/div>\n<p align=\"justify\">L\u2019aire d\u2019accueil de Gardiol b\u00e9n\u00e9ficie d\u00e9sormais de mobiliers d\u2019interpr\u00e9tation uniques qui renforcent l\u2019identit\u00e9 de ce site : authentique.<\/p>\n<p align=\"justify\">Ma\u00eetre d&#8217;ouvrage : Conseil g\u00e9n\u00e9ral de la Dr\u00f4me<br \/>\nMa\u00eetre d&#8217;oeuvre : Atemia<\/p>\n<p style=\"text-align: justify;\"><a href=\"https:\/\/www.pic-bois.com\/produits\/references\/amenagement-de-site18-397.html\" target=\"_blank\" rel=\"noopener\">www.pic-bois.com<\/a><\/p>\n<p style=\"text-align: justify;\"><strong>Consultez la <a href=\"http:\/\/www.museumexperts.com\/nos_services\/annuaire\/prestataire\/4921\" target=\"_blank\" rel=\"noopener\">Fiche Annuaire<\/a> de PIC BOIS<\/strong><\/p>\n","protected":false},"excerpt":{"rendered":"Le plateau d\u2019Ambel, lieu de pratique de randonn\u00e9e, t\u00e9moigne \u00e9galement des \u00e9v\u00e9nements li\u00e9s \u00e0 la r\u00e9sistance dans le Vercors. Le Conseil G\u00e9n\u00e9ral de la Dr\u00f4me a mandat\u00e9 le bureau d\u2019\u00e9tudes Atemia afin d\u2019\u00e9quiper l\u2019aire d\u2019accueil du public d\u2019un parcours sc\u00e9nographique dont l\u2019objectif principal est de faire connaitre les forces g\u00e9ologiques, climatiques, et humaines qui contribuent&#8230; <br><a class=\"readm\" href=\"https:\/\/www.sitem.fr\/en\/pic-bois-scenographie-plateau-dambel\/\">Read more<\/a>","protected":false},"author":2,"featured_media":11343,"comment_status":"open","ping_status":"open","sticky":false,"template":"","format":"standard","meta":{"_acf_changed":false,"footnotes":""},"categories":[144],"tags":[496],"class_list":["post-11342","post","type-post","status-publish","format-standard","has-post-thumbnail","hentry","category-mobilier","tag-pic-bois"],"acf":[],"_links":{"self":[{"href":"https:\/\/www.sitem.fr\/en\/wp-json\/wp\/v2\/posts\/11342","targetHints":{"allow":["GET"]}}],"collection":[{"href":"https:\/\/www.sitem.fr\/en\/wp-json\/wp\/v2\/posts"}],"about":[{"href":"https:\/\/www.sitem.fr\/en\/wp-json\/wp\/v2\/types\/post"}],"author":[{"embeddable":true,"href":"https:\/\/www.sitem.fr\/en\/wp-json\/wp\/v2\/users\/2"}],"replies":[{"embeddable":true,"href":"https:\/\/www.sitem.fr\/en\/wp-json\/wp\/v2\/comments?post=11342"}],"version-history":[{"count":2,"href":"https:\/\/www.sitem.fr\/en\/wp-json\/wp\/v2\/posts\/11342\/revisions"}],"predecessor-version":[{"id":11404,"href":"https:\/\/www.sitem.fr\/en\/wp-json\/wp\/v2\/posts\/11342\/revisions\/11404"}],"wp:featuredmedia":[{"embeddable":true,"href":"https:\/\/www.sitem.fr\/en\/wp-json\/wp\/v2\/media\/11343"}],"wp:attachment":[{"href":"https:\/\/www.sitem.fr\/en\/wp-json\/wp\/v2\/media?parent=11342"}],"wp:term":[{"taxonomy":"category","embeddable":true,"href":"https:\/\/www.sitem.fr\/en\/wp-json\/wp\/v2\/categories?post=11342"},{"taxonomy":"post_tag","embeddable":true,"href":"https:\/\/www.sitem.fr\/en\/wp-json\/wp\/v2\/tags?post=11342"}],"curies":[{"name":"wp","href":"https:\/\/api.w.org\/{rel}","templated":true}]}}