{"id":11347,"date":"2018-11-30T10:14:13","date_gmt":"2018-11-30T09:14:13","guid":{"rendered":"https:\/\/www.sitem.fr\/?p=11347"},"modified":"2018-12-15T13:59:49","modified_gmt":"2018-12-15T12:59:49","slug":"point-de-fuite-exposition-revivre-1918","status":"publish","type":"post","link":"https:\/\/www.sitem.fr\/en\/point-de-fuite-exposition-revivre-1918\/","title":{"rendered":"Nouvelle exposition pour l&#8217;agence Point de Fuite : REVIVRE ! 1918 L\u2019AISNE SE RECONSTRUIT au Centre des Archives de l\u2019Aisne"},"content":{"rendered":"<div id=\"attachment_11348\" style=\"width: 198px\" class=\"wp-caption alignleft\"><a href=\"https:\/\/www.sitem.fr\/wp-content\/uploads\/2018\/12\/affiche-revivre-.jpg\"><img loading=\"lazy\" decoding=\"async\" aria-describedby=\"caption-attachment-11348\" class=\"wp-image-11348\" src=\"https:\/\/www.sitem.fr\/wp-content\/uploads\/2018\/12\/affiche-revivre-.jpg\" alt=\"affiche-revivre 1918-archives-aisne\" width=\"188\" height=\"276\" \/><\/a><p id=\"caption-attachment-11348\" class=\"wp-caption-text\">\u00a9 point de fuite 2018<\/p><\/div>\n<p align=\"justify\">Le 10 novembre a \u00e9t\u00e9 inaugur\u00e9e l\u2019exposition &#8220;REVIVRE ! 1918 L\u2019AISNE SE RECONSTRUIT&#8221; au Centre des Archives de l\u2019Aisne \u00e0 Laon (02) et s\u2019y tiendra jusqu\u2019au 28 juin 2019.<\/p>\n<p align=\"justify\">Cette exposition, con\u00e7ue par l\u2019agence <strong>Point de Fuite<\/strong>, pr\u00e9sente l\u2019\u00e9tat du d\u00e9partement de l\u2019Aisne au sortir de quatre ann\u00e9es de guerre. D\u00e8s 1918, il faut reconstruire, faire red\u00e9marrer l\u2019\u00e9conomie, permettre le retour des habitants. C\u2019est \u00e9galement l\u2019occasion d\u2019\u00e9voquer comment a perdur\u00e9 le souvenir de la Grande Guerre.<\/p>\n<p align=\"justify\">Pr\u00e9sentant des documents et objets issus de plusieurs services du d\u00e9partement de l\u2019Aisne (le mus\u00e9e du Chemin des Dames, le centre des Archives et la Biblioth\u00e8que d\u00e9partementales), ce projet permet de faire le point des connaissances sur la sortie de guerre et la reconstruction d\u2019un d\u00e9partement particuli\u00e8rement \u00e9prouv\u00e9 par ce conflit.<\/p>\n<p align=\"justify\">L\u2019agence<strong> Point de Fuite<\/strong> en signe la sc\u00e9nographie et le graphisme.<\/p>\n<p align=\"justify\">L\u2019exposition est construite autour d\u2019un long d\u00e9cor central, de 11 m\u00e8tres de long, \u00e9voquant les cimeti\u00e8res militaires, les arbres d\u00e9truits, les villages en ruines et le d\u00e9but de la reconstruction. La m\u00e9diation prend place en p\u00e9riph\u00e9rie sur des mobiliers originaux con\u00e7us en contreplaqu\u00e9 imprim\u00e9. Certains panneaux sont br\u00fbl\u00e9s. Des silhouettes, figures tot\u00e9miques de personnalit\u00e9s clefs de la reconstruction, prennent place dans le d\u00e9cor et \u00e9tablissent un dialogue plus intime avec les visiteurs.<\/p>\n<div id=\"attachment_11349\" style=\"width: 460px\" class=\"wp-caption aligncenter\"><a href=\"https:\/\/www.sitem.fr\/wp-content\/uploads\/2018\/12\/bandeau-nov.2018.jpg\"><img loading=\"lazy\" decoding=\"async\" aria-describedby=\"caption-attachment-11349\" class=\"wp-image-11349\" src=\"https:\/\/www.sitem.fr\/wp-content\/uploads\/2018\/12\/bandeau-nov.2018.jpg\" alt=\"scenographie-revivre 1918-archives-aisne\" width=\"450\" height=\"281\" \/><\/a><p id=\"caption-attachment-11349\" class=\"wp-caption-text\">\u00a9 point de fuite 2018<\/p><\/div>\n<p align=\"justify\">L\u2019agence a \u00e9galement propos\u00e9 un parcours jeune public sous la forme d\u2019un fil rouge tout au long de l\u2019exposition.<\/p>\n<p align=\"justify\">L\u2019ensemble est tr\u00e8s immersif et place le visiteur au c\u0153ur d\u2019une histoire dont les traces sont encore bien pr\u00e9sentes sur le territoire.<\/p>\n<p align=\"justify\">Avec &#8220;REVIVRE ! 1918 L\u2019AISNE SE RECONSTRUIT&#8221;, Fr\u00e9d\u00e9ric Chauvaux signe sa 11\u00e8me exposition consacr\u00e9e au premier conflit mondial pour le d\u00e9partement de l\u2019Aisne.<\/p>\n<p style=\"text-align: justify;\"><a href=\"http:\/\/www.pointdefuite.fr\" target=\"_blank\" rel=\"noopener\">www.pointdefuite.fr<\/a><\/p>\n<p style=\"text-align: justify;\"><strong>Consultez la <a href=\"http:\/\/www.museumexperts.com\/nos_services\/annuaire\/prestataire\/2465\" target=\"_blank\" rel=\"noopener\">Fiche Annuaire<\/a> de POINT DE FUITE<\/strong><\/p>\n","protected":false},"excerpt":{"rendered":"Le 10 novembre a \u00e9t\u00e9 inaugur\u00e9e l\u2019exposition &#8220;REVIVRE ! 1918 L\u2019AISNE SE RECONSTRUIT&#8221; au Centre des Archives de l\u2019Aisne \u00e0 Laon (02) et s\u2019y tiendra jusqu\u2019au 28 juin 2019. Cette exposition, con\u00e7ue par l\u2019agence Point de Fuite, pr\u00e9sente l\u2019\u00e9tat du d\u00e9partement de l\u2019Aisne au sortir de quatre ann\u00e9es de guerre. D\u00e8s 1918, il faut reconstruire,&#8230; <br><a class=\"readm\" href=\"https:\/\/www.sitem.fr\/en\/point-de-fuite-exposition-revivre-1918\/\">Read more<\/a>","protected":false},"author":2,"featured_media":11349,"comment_status":"open","ping_status":"open","sticky":false,"template":"","format":"standard","meta":{"_acf_changed":false,"footnotes":""},"categories":[1],"tags":[70],"class_list":["post-11347","post","type-post","status-publish","format-standard","has-post-thumbnail","hentry","category-non-classifiee","tag-agence-point-de-fuite"],"acf":[],"_links":{"self":[{"href":"https:\/\/www.sitem.fr\/en\/wp-json\/wp\/v2\/posts\/11347","targetHints":{"allow":["GET"]}}],"collection":[{"href":"https:\/\/www.sitem.fr\/en\/wp-json\/wp\/v2\/posts"}],"about":[{"href":"https:\/\/www.sitem.fr\/en\/wp-json\/wp\/v2\/types\/post"}],"author":[{"embeddable":true,"href":"https:\/\/www.sitem.fr\/en\/wp-json\/wp\/v2\/users\/2"}],"replies":[{"embeddable":true,"href":"https:\/\/www.sitem.fr\/en\/wp-json\/wp\/v2\/comments?post=11347"}],"version-history":[{"count":6,"href":"https:\/\/www.sitem.fr\/en\/wp-json\/wp\/v2\/posts\/11347\/revisions"}],"predecessor-version":[{"id":11403,"href":"https:\/\/www.sitem.fr\/en\/wp-json\/wp\/v2\/posts\/11347\/revisions\/11403"}],"wp:featuredmedia":[{"embeddable":true,"href":"https:\/\/www.sitem.fr\/en\/wp-json\/wp\/v2\/media\/11349"}],"wp:attachment":[{"href":"https:\/\/www.sitem.fr\/en\/wp-json\/wp\/v2\/media?parent=11347"}],"wp:term":[{"taxonomy":"category","embeddable":true,"href":"https:\/\/www.sitem.fr\/en\/wp-json\/wp\/v2\/categories?post=11347"},{"taxonomy":"post_tag","embeddable":true,"href":"https:\/\/www.sitem.fr\/en\/wp-json\/wp\/v2\/tags?post=11347"}],"curies":[{"name":"wp","href":"https:\/\/api.w.org\/{rel}","templated":true}]}}