{"id":11364,"date":"2018-11-30T10:13:11","date_gmt":"2018-11-30T09:13:11","guid":{"rendered":"https:\/\/www.sitem.fr\/?p=11364"},"modified":"2018-12-15T14:32:38","modified_gmt":"2018-12-15T13:32:38","slug":"sound4museum-lecture-lettres-gustave-revilliod","status":"publish","type":"post","link":"https:\/\/www.sitem.fr\/en\/sound4museum-lecture-lettres-gustave-revilliod\/","title":{"rendered":"Avec Sound 4 Museum, la lecture de lettres anciennes comme t\u00e9moignage historique"},"content":{"rendered":"<p align=\"justify\">Le mus\u00e9e Ariana de Gen\u00e8ve organise du 02 novembre 2018 au 02 juin 2019 une exposition consacr\u00e9e \u00e0 Gustave Revilliod, son fondateur. Collectionneur, voyageur, homme de lettre et philanthrope, ce genevois du 19e si\u00e8cle cr\u00e9a le mus\u00e9e Ariana pour abriter ses collections et les partager avec le plus grand nombre. Peintures et sculptures, horlogerie, bijoux, armes, m\u00e9dailles, mobilier, c\u00e9ramique, verre, vitraux, curiosit\u00e9s de voyage et une imposante biblioth\u00e8que, ce sont au total plus de 30 000 pi\u00e8ces qui trouvent place au Mus\u00e9e.<\/p>\n<div id=\"attachment_11366\" style=\"width: 810px\" class=\"wp-caption aligncenter\"><a href=\"https:\/\/www.sitem.fr\/wp-content\/uploads\/2018\/12\/Musee_Ariana_1_Guillaume-F\u00fcrst.jpg\"><img loading=\"lazy\" decoding=\"async\" aria-describedby=\"caption-attachment-11366\" class=\"size-full wp-image-11366\" src=\"https:\/\/www.sitem.fr\/wp-content\/uploads\/2018\/12\/Musee_Ariana_1_Guillaume-F\u00fcrst.jpg\" alt=\"Musee_Ariana_1_Guillaume-F\u00fcrst\" width=\"800\" height=\"529\" srcset=\"https:\/\/www.sitem.fr\/wp-content\/uploads\/2018\/12\/Musee_Ariana_1_Guillaume-F\u00fcrst.jpg 800w, https:\/\/www.sitem.fr\/wp-content\/uploads\/2018\/12\/Musee_Ariana_1_Guillaume-F\u00fcrst-600x397.jpg 600w, https:\/\/www.sitem.fr\/wp-content\/uploads\/2018\/12\/Musee_Ariana_1_Guillaume-F\u00fcrst-665x440.jpg 665w, https:\/\/www.sitem.fr\/wp-content\/uploads\/2018\/12\/Musee_Ariana_1_Guillaume-F\u00fcrst-768x508.jpg 768w, https:\/\/www.sitem.fr\/wp-content\/uploads\/2018\/12\/Musee_Ariana_1_Guillaume-F\u00fcrst-300x198.jpg 300w\" sizes=\"auto, (max-width: 800px) 100vw, 800px\" \/><\/a><p id=\"caption-attachment-11366\" class=\"wp-caption-text\">Le mus\u00e9e Ariana de Gen\u00e8ve fond\u00e9 par Gustave Revilliod. \u00a9 Guillaume F\u00fcrst<\/p><\/div>\n<div id=\"attachment_11365\" style=\"width: 810px\" class=\"wp-caption aligncenter\"><a href=\"https:\/\/www.sitem.fr\/wp-content\/uploads\/2018\/12\/Gustave_Revilliod_par_Alexandre_dAlbert-Durade.jpg\"><img loading=\"lazy\" decoding=\"async\" aria-describedby=\"caption-attachment-11365\" class=\"size-full wp-image-11365\" src=\"https:\/\/www.sitem.fr\/wp-content\/uploads\/2018\/12\/Gustave_Revilliod_par_Alexandre_dAlbert-Durade.jpg\" alt=\"Gustave_Revilliod_par_Alexandre_d'Albert-Durade\" width=\"800\" height=\"573\" srcset=\"https:\/\/www.sitem.fr\/wp-content\/uploads\/2018\/12\/Gustave_Revilliod_par_Alexandre_dAlbert-Durade.jpg 800w, https:\/\/www.sitem.fr\/wp-content\/uploads\/2018\/12\/Gustave_Revilliod_par_Alexandre_dAlbert-Durade-600x430.jpg 600w, https:\/\/www.sitem.fr\/wp-content\/uploads\/2018\/12\/Gustave_Revilliod_par_Alexandre_dAlbert-Durade-300x215.jpg 300w, https:\/\/www.sitem.fr\/wp-content\/uploads\/2018\/12\/Gustave_Revilliod_par_Alexandre_dAlbert-Durade-768x550.jpg 768w\" sizes=\"auto, (max-width: 800px) 100vw, 800px\" \/><\/a><p id=\"caption-attachment-11365\" class=\"wp-caption-text\">Gustave Revilliod par Alexandre d&#8217;Albert-Durade. \u00a9 Mus\u00e9e d&#8217;Art et d&#8217;Histoire de Gen\u00e8ve<\/p><\/div>\n<p align=\"justify\">Afin d&#8217;apporter un t\u00e9moignage vivant des aventures du genevois, le mus\u00e9e a confi\u00e9 \u00e0 <strong>Sound 4 Museum<\/strong> la r\u00e9alisation d&#8217;une bande son comprenant des lectures de lettres \u00e9crites de la main de Gustave Revilliod, notamment lors de ses voyages autour du monde.<br \/>\nUne quinzaine de lettres, lues par le com\u00e9dien Marc Brunet, s&#8217;enchainent et r\u00e9pondent aux accents exotiques d&#8217;interm\u00e8des musicaux r\u00e9alis\u00e9s par Alain Bruel et Nicolas Dubois.<br \/>\nUne installation qui permettra \u00e0 chacun de se d\u00e9lecter du verbe et du ressenti de cet aventurier du 19\u00e8me si\u00e8cle.<\/p>\n<p style=\"text-align: justify;\"><a href=\"http:\/\/www.sound4museum.com\" target=\"_blank\" rel=\"noopener\">www.sound4museum.com<\/a><\/p>\n<p style=\"text-align: justify;\"><strong>Consultez la <a href=\"http:\/\/www.museumexperts.com\/nos_services\/annuaire\/prestataire\/3752\" target=\"_blank\" rel=\"noopener\">Fiche Annuaire<\/a> de SOUND 4 MUSEUM<\/strong><\/p>\n","protected":false},"excerpt":{"rendered":"Le mus\u00e9e Ariana de Gen\u00e8ve organise du 02 novembre 2018 au 02 juin 2019 une exposition consacr\u00e9e \u00e0 Gustave Revilliod, son fondateur. Collectionneur, voyageur, homme de lettre et philanthrope, ce genevois du 19e si\u00e8cle cr\u00e9a le mus\u00e9e Ariana pour abriter ses collections et les partager avec le plus grand nombre. Peintures et sculptures, horlogerie, bijoux,&#8230; <br><a class=\"readm\" href=\"https:\/\/www.sitem.fr\/en\/sound4museum-lecture-lettres-gustave-revilliod\/\">Read more<\/a>","protected":false},"author":2,"featured_media":11366,"comment_status":"open","ping_status":"open","sticky":false,"template":"","format":"standard","meta":{"_acf_changed":false,"footnotes":""},"categories":[154],"tags":[119],"class_list":["post-11364","post","type-post","status-publish","format-standard","has-post-thumbnail","hentry","category-son-2","tag-sound-4-museum"],"acf":[],"_links":{"self":[{"href":"https:\/\/www.sitem.fr\/en\/wp-json\/wp\/v2\/posts\/11364","targetHints":{"allow":["GET"]}}],"collection":[{"href":"https:\/\/www.sitem.fr\/en\/wp-json\/wp\/v2\/posts"}],"about":[{"href":"https:\/\/www.sitem.fr\/en\/wp-json\/wp\/v2\/types\/post"}],"author":[{"embeddable":true,"href":"https:\/\/www.sitem.fr\/en\/wp-json\/wp\/v2\/users\/2"}],"replies":[{"embeddable":true,"href":"https:\/\/www.sitem.fr\/en\/wp-json\/wp\/v2\/comments?post=11364"}],"version-history":[{"count":3,"href":"https:\/\/www.sitem.fr\/en\/wp-json\/wp\/v2\/posts\/11364\/revisions"}],"predecessor-version":[{"id":11397,"href":"https:\/\/www.sitem.fr\/en\/wp-json\/wp\/v2\/posts\/11364\/revisions\/11397"}],"wp:featuredmedia":[{"embeddable":true,"href":"https:\/\/www.sitem.fr\/en\/wp-json\/wp\/v2\/media\/11366"}],"wp:attachment":[{"href":"https:\/\/www.sitem.fr\/en\/wp-json\/wp\/v2\/media?parent=11364"}],"wp:term":[{"taxonomy":"category","embeddable":true,"href":"https:\/\/www.sitem.fr\/en\/wp-json\/wp\/v2\/categories?post=11364"},{"taxonomy":"post_tag","embeddable":true,"href":"https:\/\/www.sitem.fr\/en\/wp-json\/wp\/v2\/tags?post=11364"}],"curies":[{"name":"wp","href":"https:\/\/api.w.org\/{rel}","templated":true}]}}