{"id":11453,"date":"2018-12-31T10:19:19","date_gmt":"2018-12-31T09:19:19","guid":{"rendered":"https:\/\/www.sitem.fr\/?p=11453"},"modified":"2019-01-13T23:13:12","modified_gmt":"2019-01-13T22:13:12","slug":"decalog-flora-gestion-phototheque","status":"publish","type":"post","link":"https:\/\/www.sitem.fr\/en\/decalog-flora-gestion-phototheque\/","title":{"rendered":"Decalog Flora et la gestion d\u2019une phototh\u00e8que"},"content":{"rendered":"<p align=\"justify\">Face aux images hautes d\u00e9finitions et avec la baisse des co\u00fbts de stockage, les outils de gestion de collections, notamment les syst\u00e8me de phototh\u00e8que, sont confront\u00e9s au m\u00eame d\u00e9fi qu&#8217;il y 20 ans lorsque le format .jpeg a d\u00e9mocratis\u00e9 la couleur sur les \u00e9crans de PC.<\/p>\n<p align=\"justify\"><strong>Decalog<\/strong> a int\u00e9gr\u00e9 un viewer open source IIP dans la phototh\u00e8que de son SIGC (Syst\u00e8me Int\u00e9gr\u00e9 de Gestion de Collections) <strong>Decalog Flora<\/strong>, avec les outils permettant de r\u00e9aliser les imports en masse de campagnes de num\u00e9risation. Une image haute r\u00e9solution est consultable en d\u00e9monstration <a href=\"http:\/\/merovingio.c2rmf.cnrs.fr\/iipimage\/iipmooviewer\/vangogh.html\" target=\"_blank\" rel=\"noopener\">en cliquant ici\u00a0<\/a>(d\u00e9mo IIP).<\/p>\n<div id=\"attachment_11454\" style=\"width: 810px\" class=\"wp-caption aligncenter\"><a href=\"https:\/\/www.sitem.fr\/wp-content\/uploads\/2019\/01\/Flora_Phototheque_Archives37.png\"><img loading=\"lazy\" decoding=\"async\" aria-describedby=\"caption-attachment-11454\" class=\"wp-image-11454 size-full\" src=\"https:\/\/www.sitem.fr\/wp-content\/uploads\/2019\/01\/Flora_Phototheque_Archives37.png\" alt=\"Flora_Phototh\u00e8que_Archives37\" width=\"800\" height=\"476\" srcset=\"https:\/\/www.sitem.fr\/wp-content\/uploads\/2019\/01\/Flora_Phototheque_Archives37.png 800w, https:\/\/www.sitem.fr\/wp-content\/uploads\/2019\/01\/Flora_Phototheque_Archives37-600x357.png 600w, https:\/\/www.sitem.fr\/wp-content\/uploads\/2019\/01\/Flora_Phototheque_Archives37-680x405.png 680w, https:\/\/www.sitem.fr\/wp-content\/uploads\/2019\/01\/Flora_Phototheque_Archives37-768x457.png 768w, https:\/\/www.sitem.fr\/wp-content\/uploads\/2019\/01\/Flora_Phototheque_Archives37-300x179.png 300w\" sizes=\"auto, (max-width: 800px) 100vw, 800px\" \/><\/a><p id=\"caption-attachment-11454\" class=\"wp-caption-text\">Gestion de la phototh\u00e8que des archives d&#8217;Indre et Loire dans Decalog Flora<\/p><\/div>\n<p align=\"justify\">S&#8217;appuyer sur une vraie phototh\u00e8que permet de d\u00e9passer la simple gestion d&#8217;illustration des biens et de traiter les reportages et fonds photographiques en tirant partie des fonctionnalit\u00e9s du standard IIIF (filigrane, extraction de donn\u00e9es IPTC-EXIF, redimensionnement \u00e0 la vol\u00e9e).<\/p>\n<p align=\"justify\">Associ\u00e9es aux ARK (web s\u00e9mantique), les photos deviennent des objets documentaires \u00e0 part enti\u00e8re.<\/p>\n<p align=\"justify\">Le service photo des archives d&#8217;Indre et Loire utilise <strong>Decalog Flora<\/strong> pour g\u00e9rer ses collections : <a href=\"http:\/\/collections.departement-touraine.fr\/web\/ark:\/37621\/0023\">consulter leur base de donn\u00e9es en cliquant ici.<\/a><\/p>\n<p style=\"text-align: justify;\"><a href=\"http:\/\/www.decalog.net\/fr\/musees\/\" target=\"_blank\" rel=\"noopener\">www.decalog.net<\/a><\/p>\n<p style=\"text-align: justify;\"><strong>Consultez la <a href=\"http:\/\/www.museumexperts.com\/nos_services\/annuaire\/prestataire\/4671\" target=\"_blank\" rel=\"noopener\">Fiche Annuaire<\/a> de DECALOG <\/strong><\/p>\n","protected":false},"excerpt":{"rendered":"Face aux images hautes d\u00e9finitions et avec la baisse des co\u00fbts de stockage, les outils de gestion de collections, notamment les syst\u00e8me de phototh\u00e8que, sont confront\u00e9s au m\u00eame d\u00e9fi qu&#8217;il y 20 ans lorsque le format .jpeg a d\u00e9mocratis\u00e9 la couleur sur les \u00e9crans de PC. Decalog a int\u00e9gr\u00e9 un viewer open source IIP dans&#8230; <br><a class=\"readm\" href=\"https:\/\/www.sitem.fr\/en\/decalog-flora-gestion-phototheque\/\">Read more<\/a>","protected":false},"author":2,"featured_media":11454,"comment_status":"open","ping_status":"open","sticky":false,"template":"","format":"standard","meta":{"_acf_changed":false,"footnotes":""},"categories":[147],"tags":[459],"class_list":["post-11453","post","type-post","status-publish","format-standard","has-post-thumbnail","hentry","category-gestion-informatisee-des-collections-2","tag-decalog"],"acf":[],"_links":{"self":[{"href":"https:\/\/www.sitem.fr\/en\/wp-json\/wp\/v2\/posts\/11453","targetHints":{"allow":["GET"]}}],"collection":[{"href":"https:\/\/www.sitem.fr\/en\/wp-json\/wp\/v2\/posts"}],"about":[{"href":"https:\/\/www.sitem.fr\/en\/wp-json\/wp\/v2\/types\/post"}],"author":[{"embeddable":true,"href":"https:\/\/www.sitem.fr\/en\/wp-json\/wp\/v2\/users\/2"}],"replies":[{"embeddable":true,"href":"https:\/\/www.sitem.fr\/en\/wp-json\/wp\/v2\/comments?post=11453"}],"version-history":[{"count":3,"href":"https:\/\/www.sitem.fr\/en\/wp-json\/wp\/v2\/posts\/11453\/revisions"}],"predecessor-version":[{"id":11620,"href":"https:\/\/www.sitem.fr\/en\/wp-json\/wp\/v2\/posts\/11453\/revisions\/11620"}],"wp:featuredmedia":[{"embeddable":true,"href":"https:\/\/www.sitem.fr\/en\/wp-json\/wp\/v2\/media\/11454"}],"wp:attachment":[{"href":"https:\/\/www.sitem.fr\/en\/wp-json\/wp\/v2\/media?parent=11453"}],"wp:term":[{"taxonomy":"category","embeddable":true,"href":"https:\/\/www.sitem.fr\/en\/wp-json\/wp\/v2\/categories?post=11453"},{"taxonomy":"post_tag","embeddable":true,"href":"https:\/\/www.sitem.fr\/en\/wp-json\/wp\/v2\/tags?post=11453"}],"curies":[{"name":"wp","href":"https:\/\/api.w.org\/{rel}","templated":true}]}}