{"id":11467,"date":"2018-12-31T10:21:28","date_gmt":"2018-12-31T09:21:28","guid":{"rendered":"https:\/\/www.sitem.fr\/?p=11467"},"modified":"2019-01-13T23:01:53","modified_gmt":"2019-01-13T22:01:53","slug":"fourreau-associes-vallee-de-la-culture","status":"publish","type":"post","link":"https:\/\/www.sitem.fr\/en\/fourreau-associes-vallee-de-la-culture\/","title":{"rendered":"Fourreau &#038; Associ\u00e9s l\u00e8ve des fonds pour la \u00ab Vall\u00e9e de la culture \u00bb"},"content":{"rendered":"<p align=\"justify\">Le cabinet <strong>Fourreau &amp; Associ\u00e9s<\/strong>, cabinet expert en lev\u00e9e de fonds et m\u00e9c\u00e9nat, a remport\u00e9 l\u2019appel d\u2019offre du D\u00e9partement des Hauts-de-Seine li\u00e9 \u00e0 une mission de m\u00e9c\u00e9nat.\u00a0L\u2019objectif est d&#8217;accompagner le D\u00e9partement dans une d\u00e9marche de mise en \u0153uvre op\u00e9rationnelle de lev\u00e9e de fonds autour des structures culturelles, musicales et patrimoniales de la Vall\u00e9e de la culture.<\/p>\n<div id=\"attachment_11468\" style=\"width: 291px\" class=\"wp-caption alignleft\"><a href=\"https:\/\/www.sitem.fr\/wp-content\/uploads\/2019\/01\/Sans-titre-2.png\"><img loading=\"lazy\" decoding=\"async\" aria-describedby=\"caption-attachment-11468\" class=\" wp-image-11468\" src=\"https:\/\/www.sitem.fr\/wp-content\/uploads\/2019\/01\/Sans-titre-2.png\" alt=\"fourreau associes vall\u00e9e de la culture m\u00e9c\u00e9nat\" width=\"281\" height=\"186\" \/><\/a><p id=\"caption-attachment-11468\" class=\"wp-caption-text\">Le Jardin Albert Kahn<\/p><\/div>\n<div id=\"attachment_11469\" style=\"width: 291px\" class=\"wp-caption alignleft\"><a href=\"https:\/\/www.sitem.fr\/wp-content\/uploads\/2019\/01\/Sans-titre2-2.png\"><img loading=\"lazy\" decoding=\"async\" aria-describedby=\"caption-attachment-11469\" class=\" wp-image-11469\" src=\"https:\/\/www.sitem.fr\/wp-content\/uploads\/2019\/01\/Sans-titre2-2.png\" alt=\"fourreau associes vall\u00e9e de la culture m\u00e9c\u00e9nat\" width=\"281\" height=\"187\" \/><\/a><p id=\"caption-attachment-11469\" class=\"wp-caption-text\">Mus\u00e9e Chateaubriand<\/p><\/div>\n<p>&nbsp;<\/p>\n<p>&nbsp;<\/p>\n<p>&nbsp;<\/p>\n<p>&nbsp;<\/p>\n<p>&nbsp;<\/p>\n<p align=\"justify\">La Vall\u00e9e de la culture du d\u00e9partement des Hauts-de-Seine s&#8217;\u00e9tend sur l&#8217;ensemble de la boucle de la Seine d&#8217;Issy-les-Moulineaux \u00e0 Nanterre. Ce projet a pour but de cr\u00e9er une offre artistique qualitative et accessible \u00e0 par le biais de lieux culturels tels que La Seine Musicale, le mus\u00e9e Albert Kahn, la maison de Chateaubriand ou encore la caserne Sully.<\/p>\n<p style=\"text-align: justify;\"><a href=\"http:\/\/www.fourreau-associes.com\/\" target=\"_blank\" rel=\"noopener\">www.fourreau-associes.com<\/a><\/p>\n<p style=\"text-align: justify;\"><strong>Consultez la <a href=\"http:\/\/www.museumexperts.com\/nos_services\/annuaire\/prestataire\/4815\" target=\"_blank\" rel=\"noopener\">Fiche Annuaire<\/a> de FOURREAU &amp; ASSOCIES<\/strong><\/p>\n","protected":false},"excerpt":{"rendered":"Le cabinet Fourreau &amp; Associ\u00e9s, cabinet expert en lev\u00e9e de fonds et m\u00e9c\u00e9nat, a remport\u00e9 l\u2019appel d\u2019offre du D\u00e9partement des Hauts-de-Seine li\u00e9 \u00e0 une mission de m\u00e9c\u00e9nat.\u00a0L\u2019objectif est d&#8217;accompagner le D\u00e9partement dans une d\u00e9marche de mise en \u0153uvre op\u00e9rationnelle de lev\u00e9e de fonds autour des structures culturelles, musicales et patrimoniales de la Vall\u00e9e de la&#8230; <br><a class=\"readm\" href=\"https:\/\/www.sitem.fr\/en\/fourreau-associes-vallee-de-la-culture\/\">Read more<\/a>","protected":false},"author":2,"featured_media":11266,"comment_status":"open","ping_status":"open","sticky":false,"template":"","format":"standard","meta":{"_acf_changed":false,"footnotes":""},"categories":[1],"tags":[471],"class_list":["post-11467","post","type-post","status-publish","format-standard","has-post-thumbnail","hentry","category-non-classifiee","tag-fourreau-associes"],"acf":[],"_links":{"self":[{"href":"https:\/\/www.sitem.fr\/en\/wp-json\/wp\/v2\/posts\/11467","targetHints":{"allow":["GET"]}}],"collection":[{"href":"https:\/\/www.sitem.fr\/en\/wp-json\/wp\/v2\/posts"}],"about":[{"href":"https:\/\/www.sitem.fr\/en\/wp-json\/wp\/v2\/types\/post"}],"author":[{"embeddable":true,"href":"https:\/\/www.sitem.fr\/en\/wp-json\/wp\/v2\/users\/2"}],"replies":[{"embeddable":true,"href":"https:\/\/www.sitem.fr\/en\/wp-json\/wp\/v2\/comments?post=11467"}],"version-history":[{"count":11,"href":"https:\/\/www.sitem.fr\/en\/wp-json\/wp\/v2\/posts\/11467\/revisions"}],"predecessor-version":[{"id":11643,"href":"https:\/\/www.sitem.fr\/en\/wp-json\/wp\/v2\/posts\/11467\/revisions\/11643"}],"wp:featuredmedia":[{"embeddable":true,"href":"https:\/\/www.sitem.fr\/en\/wp-json\/wp\/v2\/media\/11266"}],"wp:attachment":[{"href":"https:\/\/www.sitem.fr\/en\/wp-json\/wp\/v2\/media?parent=11467"}],"wp:term":[{"taxonomy":"category","embeddable":true,"href":"https:\/\/www.sitem.fr\/en\/wp-json\/wp\/v2\/categories?post=11467"},{"taxonomy":"post_tag","embeddable":true,"href":"https:\/\/www.sitem.fr\/en\/wp-json\/wp\/v2\/tags?post=11467"}],"curies":[{"name":"wp","href":"https:\/\/api.w.org\/{rel}","templated":true}]}}