{"id":11499,"date":"2018-12-31T10:16:21","date_gmt":"2018-12-31T09:16:21","guid":{"rendered":"https:\/\/www.sitem.fr\/?p=11499"},"modified":"2019-01-13T23:07:37","modified_gmt":"2019-01-13T22:07:37","slug":"fabrique-creative-narbonne","status":"publish","type":"post","link":"https:\/\/www.sitem.fr\/en\/fabrique-creative-narbonne\/","title":{"rendered":"La Fabrique Cr\u00e9ative pour la ville de Narbonne : r\u00e9alisation de la maison de la Narbonnaise"},"content":{"rendered":"<p style=\"text-align: justify;\"><strong><a href=\"https:\/\/www.sitem.fr\/wp-content\/uploads\/2019\/01\/Narbonne-MuseuExpert.jpg\"><img loading=\"lazy\" decoding=\"async\" class=\"aligncenter size-full wp-image-11500\" src=\"https:\/\/www.sitem.fr\/wp-content\/uploads\/2019\/01\/Narbonne-MuseuExpert.jpg\" alt=\"Narbonne la fabrique cr\u00e9ative\" width=\"2983\" height=\"982\" \/><\/a>La Fabrique Cr\u00e9ative<\/strong> est\u00a0laur\u00e9ate du concours lanc\u00e9 par la ville de Narbonne pour la r\u00e9alisation de la maison de la Narbonnaise, maison du parc naturel r\u00e9gional, valorisation \u00e9cotouristique du domaine du Grand Castelou. Le parcours mus\u00e9ographique proposera ainsi la d\u00e9couverte du territoire de la Narbonnaise \u00e0 travers le temps et ses caract\u00e9ristiques et s\u2019articulera autour de 4 s\u00e9quences\u00a0: terre \u00e0 d\u00e9crypter, terre \u00e0 naviguer, terre \u00e0 observer et terre \u00e0 prot\u00e9ger. Il s\u2019articulera \u00e0 la fois en int\u00e9rieur et ext\u00e9rieur, sur l\u2019ensemble du domaine.<\/p>\n<p style=\"text-align: justify;\">L&#8217;ouverture de la maison de la Narbonnaise est pr\u00e9vue pour le premier trimestre 2020.<\/p>\n<p>Ma\u00eetre d&#8217;ouvrage\u00a0: Ville de Narbonne<br \/>\nMa\u00eetre d\u2019\u0153uvre\u00a0: Groupement <strong>La Fabrique Cr\u00e9ative<\/strong>, Coco architecture (mandataire)<br \/>\nAtelier Nao, Texus architecture, Base paysage, OTCE, US&amp;CO<\/p>\n<p style=\"text-align: justify;\"><a href=\"http:\/\/www.la-fabrique-creative.fr\">www.la-fabrique-creative.fr<\/a> et sur <a href=\"https:\/\/www.facebook.com\/La-fabrique-cr%C3%A9ative-267993320032069\/\" target=\"_blank\" rel=\"noopener\">Facebook<\/a><\/p>\n<p style=\"text-align: justify;\"><strong>Consultez la <a href=\"http:\/\/www.museumexperts.com\/nos_services\/annuaire\/prestataire\/2399\" target=\"_blank\" rel=\"noopener\">Fiche Annuaire<\/a> de LA FABRIQUE CR\u00c9ATIVE <\/strong><\/p>\n","protected":false},"excerpt":{"rendered":"La Fabrique Cr\u00e9ative est\u00a0laur\u00e9ate du concours lanc\u00e9 par la ville de Narbonne pour la r\u00e9alisation de la maison de la Narbonnaise, maison du parc naturel r\u00e9gional, valorisation \u00e9cotouristique du domaine du Grand Castelou. Le parcours mus\u00e9ographique proposera ainsi la d\u00e9couverte du territoire de la Narbonnaise \u00e0 travers le temps et ses caract\u00e9ristiques et s\u2019articulera autour&#8230; <br><a class=\"readm\" href=\"https:\/\/www.sitem.fr\/en\/fabrique-creative-narbonne\/\">Read more<\/a>","protected":false},"author":2,"featured_media":11500,"comment_status":"open","ping_status":"open","sticky":false,"template":"","format":"standard","meta":{"_acf_changed":false,"footnotes":""},"categories":[1],"tags":[44],"class_list":["post-11499","post","type-post","status-publish","format-standard","has-post-thumbnail","hentry","category-non-classifiee","tag-la-fabrique-creative"],"acf":[],"_links":{"self":[{"href":"https:\/\/www.sitem.fr\/en\/wp-json\/wp\/v2\/posts\/11499","targetHints":{"allow":["GET"]}}],"collection":[{"href":"https:\/\/www.sitem.fr\/en\/wp-json\/wp\/v2\/posts"}],"about":[{"href":"https:\/\/www.sitem.fr\/en\/wp-json\/wp\/v2\/types\/post"}],"author":[{"embeddable":true,"href":"https:\/\/www.sitem.fr\/en\/wp-json\/wp\/v2\/users\/2"}],"replies":[{"embeddable":true,"href":"https:\/\/www.sitem.fr\/en\/wp-json\/wp\/v2\/comments?post=11499"}],"version-history":[{"count":2,"href":"https:\/\/www.sitem.fr\/en\/wp-json\/wp\/v2\/posts\/11499\/revisions"}],"predecessor-version":[{"id":11502,"href":"https:\/\/www.sitem.fr\/en\/wp-json\/wp\/v2\/posts\/11499\/revisions\/11502"}],"wp:featuredmedia":[{"embeddable":true,"href":"https:\/\/www.sitem.fr\/en\/wp-json\/wp\/v2\/media\/11500"}],"wp:attachment":[{"href":"https:\/\/www.sitem.fr\/en\/wp-json\/wp\/v2\/media?parent=11499"}],"wp:term":[{"taxonomy":"category","embeddable":true,"href":"https:\/\/www.sitem.fr\/en\/wp-json\/wp\/v2\/categories?post=11499"},{"taxonomy":"post_tag","embeddable":true,"href":"https:\/\/www.sitem.fr\/en\/wp-json\/wp\/v2\/tags?post=11499"}],"curies":[{"name":"wp","href":"https:\/\/api.w.org\/{rel}","templated":true}]}}