{"id":11511,"date":"2018-12-31T10:30:51","date_gmt":"2018-12-31T09:30:51","guid":{"rendered":"https:\/\/www.sitem.fr\/?p=11511"},"modified":"2019-01-14T01:00:40","modified_gmt":"2019-01-14T00:00:40","slug":"le-crabe-fantome-expositions-immersives-2018","status":"publish","type":"post","link":"https:\/\/www.sitem.fr\/en\/le-crabe-fantome-expositions-immersives-2018\/","title":{"rendered":"Le Crabe Fant\u00f4me : retour sur deux expositions immersives r\u00e9alis\u00e9es en 2018"},"content":{"rendered":"<p align=\"justify\">Poursuivre le projet de Cit\u00e9 id\u00e9ale d\u2019explorateurs du 19\u00e8me si\u00e8cle ou d\u00e9ambuler dans un b\u00e2timent en proie \u00e0 une instabilit\u00e9 temporelle : deux exp\u00e9riences mus\u00e9ographiques imagin\u00e9es par <strong>Le<\/strong> <strong>Crabe Fant\u00f4me<\/strong> l\u2019ann\u00e9e pass\u00e9e.<\/p>\n<p align=\"justify\">En mai, le Mus\u00e9e de la Civilisation de Qu\u00e9bec a accueilli la conception puis la pr\u00e9sentation d\u2019une installation num\u00e9rique interactive, fruit de la collaboration entre des auteurs et artistes nantais et qu\u00e9b\u00e9cois. L\u2019\u00e9change va se poursuivre entre les deux m\u00e9tropoles avec une nouvelle exposition de plus grande ampleur, en 2020, toujours imagin\u00e9e par <strong>Le Crabe Fant\u00f4me<\/strong>.<\/p>\n<p align=\"justify\"><a href=\"https:\/\/www.sitem.fr\/wp-content\/uploads\/2019\/01\/quebec.jpg\"><img loading=\"lazy\" decoding=\"async\" class=\"aligncenter wp-image-11512\" src=\"https:\/\/www.sitem.fr\/wp-content\/uploads\/2019\/01\/quebec.jpg\" alt=\"quebec le crabe fant\u00f4me\" width=\"401\" height=\"272\" \/><\/a><\/p>\n<p align=\"justify\">Pendant le Voyage \u00e0 Nantes 2018, c\u2019est le Mus\u00e9e Dobr\u00e9e (Grand Patrimoine de Loire-Atlantique) qui \u00e9tait le th\u00e9\u00e2tre d\u2019un ph\u00e9nom\u00e8ne \u00e9trange : le b\u00e2timent (d\u00e9cors, sons, lumi\u00e8res) passait sans cesse d\u2019une \u00e9poque \u00e0 une autre, r\u00e9elle ou imaginaire. Temps Parall\u00e8les, cette exposition in\u00e9dite permettait aux visiteurs de voyager dans l\u2019histoire du lieu de mani\u00e8re d\u00e9cal\u00e9e et immersive, en mettant notamment \u00e0 l\u2019honneur la figure de Thomas Dobr\u00e9e, fondateur du mus\u00e9e. <strong>Le Crabe Fant\u00f4me<\/strong> a produit la sc\u00e9nographie et les contenus audiovisuels et a \u00e9galement accompagn\u00e9 la structure pour le d\u00e9ploiement du storytelling dans la communication et la m\u00e9diation.Un succ\u00e8s d\u2019audience avec plus de 7 600 visiteurs sur les 2 mois d\u2019\u00e9t\u00e9 et un taux de satisfaction de 82%.<\/p>\n<p align=\"justify\"><a href=\"https:\/\/www.sitem.fr\/wp-content\/uploads\/2019\/01\/Temps-Parall\u00e8les-VAN-2018.00_00_51_06.Still001.jpg\"><img loading=\"lazy\" decoding=\"async\" class=\"aligncenter wp-image-11513\" src=\"https:\/\/www.sitem.fr\/wp-content\/uploads\/2019\/01\/Temps-Parall\u00e8les-VAN-2018.00_00_51_06.Still001.jpg\" alt=\"Temps Parall\u00e8les Nantes le crabe fant\u00f4me\" width=\"400\" height=\"229\" \/><\/a><\/p>\n<p align=\"justify\"><a href=\"https:\/\/www.sitem.fr\/wp-content\/uploads\/2019\/01\/Temps-Parall\u00e8les-VAN-2018.00_02_41_16.Image-fixe001.jpg\"><img loading=\"lazy\" decoding=\"async\" class=\"aligncenter wp-image-11514\" src=\"https:\/\/www.sitem.fr\/wp-content\/uploads\/2019\/01\/Temps-Parall\u00e8les-VAN-2018.00_02_41_16.Image-fixe001.jpg\" alt=\"Temps Parall\u00e8les Nantes le crabe fant\u00f4me\" width=\"400\" height=\"229\" \/><\/a><\/p>\n<p style=\"text-align: justify;\"><a href=\"https:\/\/www.crabe-fantome.fr\" target=\"_blank\" rel=\"noopener\">www.crabe-fantome.fr<\/a><\/p>\n<p style=\"text-align: justify;\"><strong>Consultez la <a href=\"http:\/\/museumexperts.com\/nos_services\/annuaire\/prestataire\/5307\" target=\"_blank\" rel=\"noopener\">Fiche Annuaire<\/a> de LE CRABE FANT\u00d4ME<\/strong><\/p>\n","protected":false},"excerpt":{"rendered":"Poursuivre le projet de Cit\u00e9 id\u00e9ale d\u2019explorateurs du 19\u00e8me si\u00e8cle ou d\u00e9ambuler dans un b\u00e2timent en proie \u00e0 une instabilit\u00e9 temporelle : deux exp\u00e9riences mus\u00e9ographiques imagin\u00e9es par Le Crabe Fant\u00f4me l\u2019ann\u00e9e pass\u00e9e. En mai, le Mus\u00e9e de la Civilisation de Qu\u00e9bec a accueilli la conception puis la pr\u00e9sentation d\u2019une installation num\u00e9rique interactive, fruit de la&#8230; <br><a class=\"readm\" href=\"https:\/\/www.sitem.fr\/en\/le-crabe-fantome-expositions-immersives-2018\/\">Read more<\/a>","protected":false},"author":2,"featured_media":11512,"comment_status":"open","ping_status":"open","sticky":false,"template":"","format":"standard","meta":{"_acf_changed":false,"footnotes":""},"categories":[149],"tags":[571],"class_list":["post-11511","post","type-post","status-publish","format-standard","has-post-thumbnail","hentry","category-interactivite-2","tag-le-crabe-fantome"],"acf":[],"_links":{"self":[{"href":"https:\/\/www.sitem.fr\/en\/wp-json\/wp\/v2\/posts\/11511","targetHints":{"allow":["GET"]}}],"collection":[{"href":"https:\/\/www.sitem.fr\/en\/wp-json\/wp\/v2\/posts"}],"about":[{"href":"https:\/\/www.sitem.fr\/en\/wp-json\/wp\/v2\/types\/post"}],"author":[{"embeddable":true,"href":"https:\/\/www.sitem.fr\/en\/wp-json\/wp\/v2\/users\/2"}],"replies":[{"embeddable":true,"href":"https:\/\/www.sitem.fr\/en\/wp-json\/wp\/v2\/comments?post=11511"}],"version-history":[{"count":5,"href":"https:\/\/www.sitem.fr\/en\/wp-json\/wp\/v2\/posts\/11511\/revisions"}],"predecessor-version":[{"id":11634,"href":"https:\/\/www.sitem.fr\/en\/wp-json\/wp\/v2\/posts\/11511\/revisions\/11634"}],"wp:featuredmedia":[{"embeddable":true,"href":"https:\/\/www.sitem.fr\/en\/wp-json\/wp\/v2\/media\/11512"}],"wp:attachment":[{"href":"https:\/\/www.sitem.fr\/en\/wp-json\/wp\/v2\/media?parent=11511"}],"wp:term":[{"taxonomy":"category","embeddable":true,"href":"https:\/\/www.sitem.fr\/en\/wp-json\/wp\/v2\/categories?post=11511"},{"taxonomy":"post_tag","embeddable":true,"href":"https:\/\/www.sitem.fr\/en\/wp-json\/wp\/v2\/tags?post=11511"}],"curies":[{"name":"wp","href":"https:\/\/api.w.org\/{rel}","templated":true}]}}