{"id":11539,"date":"2018-12-31T10:08:42","date_gmt":"2018-12-31T09:08:42","guid":{"rendered":"https:\/\/www.sitem.fr\/?p=11539"},"modified":"2019-01-14T15:07:35","modified_gmt":"2019-01-14T14:07:35","slug":"prenez-vos-cahiers-point-fuite","status":"publish","type":"post","link":"https:\/\/www.sitem.fr\/en\/prenez-vos-cahiers-point-fuite\/","title":{"rendered":"L&#8217;agence Point de Fuite r\u00e9alise la conception sc\u00e9nographique et graphique de l&#8217;exposition &#8220;Prenez vos cahiers&#8221;"},"content":{"rendered":"<p align=\"justify\"><a href=\"https:\/\/www.sitem.fr\/wp-content\/uploads\/2019\/01\/bandeau.jpg\"><img loading=\"lazy\" decoding=\"async\" class=\"aligncenter size-full wp-image-11655\" src=\"https:\/\/www.sitem.fr\/wp-content\/uploads\/2019\/01\/bandeau.jpg\" alt=\"bandeau-point-de-fuite-prenez-vos-cahiers\" width=\"2362\" height=\"669\" srcset=\"https:\/\/www.sitem.fr\/wp-content\/uploads\/2019\/01\/bandeau.jpg 2362w, https:\/\/www.sitem.fr\/wp-content\/uploads\/2019\/01\/bandeau-600x170.jpg 600w, https:\/\/www.sitem.fr\/wp-content\/uploads\/2019\/01\/bandeau-300x85.jpg 300w, https:\/\/www.sitem.fr\/wp-content\/uploads\/2019\/01\/bandeau-768x218.jpg 768w, https:\/\/www.sitem.fr\/wp-content\/uploads\/2019\/01\/bandeau-1024x290.jpg 1024w\" sizes=\"auto, (max-width: 2362px) 100vw, 2362px\" \/><\/a>L\u2019association du Mus\u00e9e de l\u2019\u00e9ducation du Val d\u2019Oise et la ville de Gonesse ont mandat\u00e9 l\u2019<strong>agence Point de Fuite<\/strong> pour la conception sc\u00e9nographique et graphique d\u2019une exposition itin\u00e9rante consacr\u00e9e \u00e0 l\u2019\u00e9l\u00e8ve au 20e si\u00e8cle en Ile de France.<\/p>\n<p align=\"justify\">L\u2019exposition \u201cPrenez vos cahiers\u201c se d\u00e9ploie sur 8 modules pr\u00e9sentant un double parcours (adultes et jeune public) autour des th\u00e8mes : Filles-gar\u00e7ons &#8211; \u00e9galit\u00e9 des chances ?, Les rites scolaires, Des outils pour apprendre, Le temps du repas, La cour de r\u00e9cr\u00e9ation, Les travaux d\u2019\u00e9l\u00e8ves, Les outils de l\u2019\u00e9colier et R\u00e9compenses et punitions.<\/p>\n<p align=\"justify\">Le public d\u00e9couvre un contenu hi\u00e9rarchis\u00e9 organis\u00e9 autour d\u2019objets issus des collections du Mus\u00e9e de l\u2019\u00e9ducation renforc\u00e9es par ceux provenant des fonds de la ville accueillant l\u2019exposition.<\/p>\n<div id=\"attachment_11540\" style=\"width: 219px\" class=\"wp-caption alignleft\"><a href=\"https:\/\/www.sitem.fr\/wp-content\/uploads\/2019\/01\/affiche-Prenez-vos-cahiers-\u00a9point-de-fuite.jpg\"><img loading=\"lazy\" decoding=\"async\" aria-describedby=\"caption-attachment-11540\" class=\" wp-image-11540\" src=\"https:\/\/www.sitem.fr\/wp-content\/uploads\/2019\/01\/affiche-Prenez-vos-cahiers-\u00a9point-de-fuite.jpg\" alt=\"affiche prenez vos cahiers point de fuite\" width=\"209\" height=\"306\" \/><\/a><p id=\"caption-attachment-11540\" class=\"wp-caption-text\">Affiche Prenez vos cahiers \u00a9 Agence Point de Fuite<\/p><\/div>\n<p align=\"justify\">L\u2019<strong>agence Point de Fuite<\/strong> a con\u00e7u des structures innovantes en bois imprim\u00e9. Des volets coulissants, des focus, de petites vitrines et manipes compl\u00e8tent ces modules tr\u00e8s color\u00e9s. Autoportants, ces modules ne n\u00e9cessitent aucune accroche et peuvent donc se d\u00e9ployer rapidement dans n\u2019importe quel espace.<\/p>\n<p align=\"justify\">L\u2019agence a \u00e9galement con\u00e7u le graphisme de ces mobiliers et la communication (affiche, roll-up, etc).<\/p>\n<p align=\"justify\">La premi\u00e8re pr\u00e9sentation de cette exposition itin\u00e9rante a eu lieu \u00e0 Marly-la-Ville en novembre. Elle est amen\u00e9e \u00e0 circuler en Ile-de-France durant les prochaines ann\u00e9es.<\/p>\n<p style=\"text-align: justify;\"><a href=\"http:\/\/www.pointdefuite.fr\" target=\"_blank\" rel=\"noopener\">www.pointdefuite.fr<\/a><\/p>\n<p style=\"text-align: justify;\"><strong>Consultez la <a href=\"http:\/\/www.museumexperts.com\/nos_services\/annuaire\/prestataire\/2465\" target=\"_blank\" rel=\"noopener\">Fiche Annuaire<\/a> de POINT DE FUITE<\/strong><\/p>\n","protected":false},"excerpt":{"rendered":"L\u2019association du Mus\u00e9e de l\u2019\u00e9ducation du Val d\u2019Oise et la ville de Gonesse ont mandat\u00e9 l\u2019agence Point de Fuite pour la conception sc\u00e9nographique et graphique d\u2019une exposition itin\u00e9rante consacr\u00e9e \u00e0 l\u2019\u00e9l\u00e8ve au 20e si\u00e8cle en Ile de France. L\u2019exposition \u201cPrenez vos cahiers\u201c se d\u00e9ploie sur 8 modules pr\u00e9sentant un double parcours (adultes et jeune public)&#8230; <br><a class=\"readm\" href=\"https:\/\/www.sitem.fr\/en\/prenez-vos-cahiers-point-fuite\/\">Read more<\/a>","protected":false},"author":2,"featured_media":11660,"comment_status":"open","ping_status":"open","sticky":false,"template":"","format":"standard","meta":{"_acf_changed":false,"footnotes":""},"categories":[1],"tags":[70],"class_list":["post-11539","post","type-post","status-publish","format-standard","has-post-thumbnail","hentry","category-non-classifiee","tag-agence-point-de-fuite"],"acf":[],"_links":{"self":[{"href":"https:\/\/www.sitem.fr\/en\/wp-json\/wp\/v2\/posts\/11539","targetHints":{"allow":["GET"]}}],"collection":[{"href":"https:\/\/www.sitem.fr\/en\/wp-json\/wp\/v2\/posts"}],"about":[{"href":"https:\/\/www.sitem.fr\/en\/wp-json\/wp\/v2\/types\/post"}],"author":[{"embeddable":true,"href":"https:\/\/www.sitem.fr\/en\/wp-json\/wp\/v2\/users\/2"}],"replies":[{"embeddable":true,"href":"https:\/\/www.sitem.fr\/en\/wp-json\/wp\/v2\/comments?post=11539"}],"version-history":[{"count":7,"href":"https:\/\/www.sitem.fr\/en\/wp-json\/wp\/v2\/posts\/11539\/revisions"}],"predecessor-version":[{"id":11659,"href":"https:\/\/www.sitem.fr\/en\/wp-json\/wp\/v2\/posts\/11539\/revisions\/11659"}],"wp:featuredmedia":[{"embeddable":true,"href":"https:\/\/www.sitem.fr\/en\/wp-json\/wp\/v2\/media\/11660"}],"wp:attachment":[{"href":"https:\/\/www.sitem.fr\/en\/wp-json\/wp\/v2\/media?parent=11539"}],"wp:term":[{"taxonomy":"category","embeddable":true,"href":"https:\/\/www.sitem.fr\/en\/wp-json\/wp\/v2\/categories?post=11539"},{"taxonomy":"post_tag","embeddable":true,"href":"https:\/\/www.sitem.fr\/en\/wp-json\/wp\/v2\/tags?post=11539"}],"curies":[{"name":"wp","href":"https:\/\/api.w.org\/{rel}","templated":true}]}}