{"id":11571,"date":"2018-12-31T10:27:34","date_gmt":"2018-12-31T09:27:34","guid":{"rendered":"https:\/\/www.sitem.fr\/?p=11571"},"modified":"2019-01-14T00:21:36","modified_gmt":"2019-01-13T23:21:36","slug":"studio-adeline-rispal-cite-des-vins-climats-bourgogne","status":"publish","type":"post","link":"https:\/\/www.sitem.fr\/en\/studio-adeline-rispal-cite-des-vins-climats-bourgogne\/","title":{"rendered":"Le STUDIO ADELINE RISPAL r\u00e9alise le projet sc\u00e9nographique de la future Cit\u00e9 des Vins et des Climats de Bourgogne"},"content":{"rendered":"<div id=\"attachment_11576\" style=\"width: 4060px\" class=\"wp-caption aligncenter\"><a href=\"https:\/\/www.sitem.fr\/wp-content\/uploads\/2019\/01\/CVCB_CHABLIS_S1_-\u00a9STUDIO_ADELINE_RISPAL.jpg\"><img loading=\"lazy\" decoding=\"async\" aria-describedby=\"caption-attachment-11576\" class=\"size-full wp-image-11576\" src=\"https:\/\/www.sitem.fr\/wp-content\/uploads\/2019\/01\/CVCB_CHABLIS_S1_-\u00a9STUDIO_ADELINE_RISPAL.jpg\" alt=\"STUDIO ADELINE RASPAL vin Cit\u00e9 des Vins et des Climats de Bourgogne\" width=\"4050\" height=\"1850\" \/><\/a><p id=\"caption-attachment-11576\" class=\"wp-caption-text\">\u00a9STUDIO ADELINE RISPAL<\/p><\/div>\n<h4>En novembre dernier, le STUDIO ADELINE RISPAL a remport\u00e9 \u00e0 l&#8217;unanimit\u00e9 le concours de ma\u00eetrise d&#8217;oeuvre organis\u00e9 par le Bureau Interprofessionnel des Vins de Bourgogne (BIVB) pour la sc\u00e9nographie de la future Cit\u00e9 des Vins et des Climats de Bourgogne \u2014 Sites de Chablis et de M\u00e2con.<\/h4>\n<h3><\/h3>\n<h3>L&#8217;innovation singuli\u00e8re du projet sc\u00e9nographique<\/h3>\n<p style=\"text-align: justify;\">&#8220;Au vu des \u00e9quipements touristiques, anciens ou r\u00e9cents, qui existent aujourd&#8217;hui en France et sont d\u00e9di\u00e9s \u00e0 la culture et la promotion des vins et de leurs territoires, nous est apparue comme une imp\u00e9rieuse n\u00e9cessit\u00e9 d&#8217;imaginer une solution tr\u00e8s diff\u00e9renci\u00e9e pour la Cit\u00e9 des Vins et des Climats de Bourgogne&#8221; confie Adeline Rispal, architecte et sc\u00e9nographe.<\/p>\n<p style=\"text-align: justify;\">Le projet innovant du <strong>STUDIO ADELINE RISPAL<\/strong> repose sur deux id\u00e9es cl\u00e9s :<\/p>\n<ul>\n<li style=\"text-align: justify;\">Offrir une exp\u00e9rience de visite \u00e9motionnelle via trois principes : \u00e9prouver, comprendre et d\u00e9guster.<\/li>\n<li style=\"text-align: justify;\">Prendre conscience que le vin c&#8217;est une affaire de temps, courts ou longs, de plusieurs natures \u00e0 et plusieurs \u00e9chelles (cosmos, g\u00e9ologie, m\u00e9t\u00e9orologie, civilisation, culture, patrimoine, transmission, biologie, viticulture, vendanges, vinification, \u00e9levage, d\u00e9gustation, convivialit\u00e9, passion&#8230;). Toutes ces strates de temps sont contenues dans un verre de vin.<\/li>\n<\/ul>\n<h3>Une exp\u00e9rience visiteur 100% immersive dans un univers unique<\/h3>\n<div id=\"attachment_11578\" style=\"width: 310px\" class=\"wp-caption alignright\"><a href=\"https:\/\/www.sitem.fr\/wp-content\/uploads\/2019\/01\/CVCB_MACON_S1_-\u00a9STUDIO_ADELINE_RISPAL.jpg\"><img loading=\"lazy\" decoding=\"async\" aria-describedby=\"caption-attachment-11578\" class=\" wp-image-11578\" src=\"https:\/\/www.sitem.fr\/wp-content\/uploads\/2019\/01\/CVCB_MACON_S1_-\u00a9STUDIO_ADELINE_RISPAL.jpg\" alt=\"STUDIO ADELINE RASPAL vin Cit\u00e9 des Vins et des Climats de Bourgogne\" width=\"300\" height=\"143\" \/><\/a><p id=\"caption-attachment-11578\" class=\"wp-caption-text\">\u00a9STUDIO ADELINE RISPAL<\/p><\/div>\n<p style=\"text-align: justify;\">La promesse faite \u00e0 chaque visiteur est de faire soi-m\u00eame &#8220;son exp\u00e9rience int\u00e9rieure&#8221; de la belle complexit\u00e9 des vins de Bourgogne.<\/p>\n<p style=\"text-align: justify;\">A Chablis comme \u00e0 M\u00e2con, la sensation immersive sera totale d\u00e8s l&#8217;entr\u00e9e dans le site gr\u00e2ce au design du parcours, lequel invite le visiteur \u00e0 un voyage dans un paysage singulier de strates interalli\u00e9es.<\/p>\n<p>&nbsp;<\/p>\n<p style=\"text-align: justify;\">A chaque strate sont associ\u00e9s des qualificatifs du vin (sensations tactiles, visuelles, olfactives, acoustiques&#8230;) pour mieux r\u00e9v\u00e9ler le caract\u00e8re profond\u00e9ment organique qui lie l&#8217;homme au monde vivant \u00e0 travers le vin.<\/p>\n<p style=\"text-align: justify;\">Plusieurs s\u00e9quences th\u00e9matiques, chacune con\u00e7ue comme une &#8220;carottage&#8221; dans les strates, rythment la visite et invitent \u00e0 s&#8217;immerger plus profond\u00e9ment encore dans tel ou tel aspect du parcours (immersion dans le vignoble, l&#8217;homme et la nature, les facteurs naturels, la maquette interactive des Climats, les deux c\u00e9pages, la cave aux ar\u00f4mes, le nuancier des couleurs&#8230;).<\/p>\n<p style=\"text-align: justify;\">Partie prenante du dispositif de visite, un parcours num\u00e9rique fait \u00e9cho au parcours de visite physique. A l&#8217;aide d&#8217;un bracelet connect\u00e9, chaque visiteur pourra dresser son &#8220;profil gustatif&#8221; pour se voir proposer, dans l&#8217;espace oenotouristique en fin de visite, des renvois personnalis\u00e9s vers les vignobles du territoire. Ce dispositif sera accessible en 4 langues et via 2 niveaux (adultes\/enfants).<\/p>\n<h3>A propos du STUDIO ADELINE RISPAL et de l&#8217;\u00e9quipe laur\u00e9ate<\/h3>\n<p style=\"text-align: justify;\">L&#8217;\u00e9quipe laur\u00e9ate du projet sc\u00e9nographi\u00e9 con\u00e7u par le <strong>STUDIO ADELINE RISPAL<\/strong>, architecte sc\u00e9nographe et mandataire du groupement est compos\u00e9e des contractants suivants : INNOVISION (ing\u00e9nierie et design multim\u00e9dia), FLEUR DE PAPIER (contenus multim\u00e9dia), CHEVALVERT (signal\u00e9tique), LES ECLAIREURS (\u00e9clairage).<\/p>\n<p style=\"text-align: justify;\">Le <strong>STUDIO ADELINE RISPAL<\/strong> est une agence conseil &amp; cr\u00e9ation cr\u00e9\u00e9e en 2010 et sp\u00e9cialis\u00e9e dans les projets culturels dont le d\u00e9veloppement est \u00e0 la crois\u00e9e des dimensions mus\u00e9ale, territoriale et commerciale.<\/p>\n<p style=\"text-align: justify;\">Parmi ses r\u00e9alisations st\u00e9nographiques r\u00e9centes, on trouve le Pavillon de la France pour l&#8217;Expo 2015 Milan sur le th\u00e8me &#8220;Nourrir la plan\u00e8te, \u00e9nergie pour la vie&#8221; ou le MuCEM \u00e0 Marseille.<\/p>\n<div id=\"attachment_11579\" style=\"width: 4060px\" class=\"wp-caption aligncenter\"><a href=\"https:\/\/www.sitem.fr\/wp-content\/uploads\/2019\/01\/CVCB_CHABLIS_S3_-\u00a9STUDIO_ADELINE_RISPAL.jpg\"><img loading=\"lazy\" decoding=\"async\" aria-describedby=\"caption-attachment-11579\" class=\"size-full wp-image-11579\" src=\"https:\/\/www.sitem.fr\/wp-content\/uploads\/2019\/01\/CVCB_CHABLIS_S3_-\u00a9STUDIO_ADELINE_RISPAL.jpg\" alt=\"STUDIO ADELINE RASPAL vin Cit\u00e9 des Vins et des Climats de Bourgogne\" width=\"4050\" height=\"1850\" \/><\/a><p id=\"caption-attachment-11579\" class=\"wp-caption-text\">\u00a9STUDIO ADELINE RISPAL<\/p><\/div>\n<p style=\"text-align: justify;\"><a href=\"http:\/\/www.adelinerispal.com\/\" target=\"_blank\" rel=\"noopener\">www.adelinerispal.com<\/a><\/p>\n<p style=\"text-align: justify;\"><strong>Consultez la <a href=\"http:\/\/www.museumexperts.com\/nos_services\/annuaire\/prestataire\/1706\" target=\"_blank\" rel=\"noopener\">Fiche Annuaire<\/a> du STUDIO ADELINE RISPAL <\/strong><\/p>\n","protected":false},"excerpt":{"rendered":"En novembre dernier, le STUDIO ADELINE RISPAL a remport\u00e9 \u00e0 l&#8217;unanimit\u00e9 le concours de ma\u00eetrise d&#8217;oeuvre organis\u00e9 par le Bureau Interprofessionnel des Vins de Bourgogne (BIVB) pour la sc\u00e9nographie de la future Cit\u00e9 des Vins et des Climats de Bourgogne \u2014 Sites de Chablis et de M\u00e2con. L&#8217;innovation singuli\u00e8re du projet sc\u00e9nographique &#8220;Au vu des&#8230; <br><a class=\"readm\" href=\"https:\/\/www.sitem.fr\/en\/studio-adeline-rispal-cite-des-vins-climats-bourgogne\/\">Read more<\/a>","protected":false},"author":2,"featured_media":11576,"comment_status":"open","ping_status":"open","sticky":false,"template":"","format":"standard","meta":{"_acf_changed":false,"footnotes":""},"categories":[1],"tags":[54],"class_list":["post-11571","post","type-post","status-publish","format-standard","has-post-thumbnail","hentry","category-non-classifiee","tag-studio-adeline-rispal"],"acf":[],"_links":{"self":[{"href":"https:\/\/www.sitem.fr\/en\/wp-json\/wp\/v2\/posts\/11571","targetHints":{"allow":["GET"]}}],"collection":[{"href":"https:\/\/www.sitem.fr\/en\/wp-json\/wp\/v2\/posts"}],"about":[{"href":"https:\/\/www.sitem.fr\/en\/wp-json\/wp\/v2\/types\/post"}],"author":[{"embeddable":true,"href":"https:\/\/www.sitem.fr\/en\/wp-json\/wp\/v2\/users\/2"}],"replies":[{"embeddable":true,"href":"https:\/\/www.sitem.fr\/en\/wp-json\/wp\/v2\/comments?post=11571"}],"version-history":[{"count":15,"href":"https:\/\/www.sitem.fr\/en\/wp-json\/wp\/v2\/posts\/11571\/revisions"}],"predecessor-version":[{"id":11648,"href":"https:\/\/www.sitem.fr\/en\/wp-json\/wp\/v2\/posts\/11571\/revisions\/11648"}],"wp:featuredmedia":[{"embeddable":true,"href":"https:\/\/www.sitem.fr\/en\/wp-json\/wp\/v2\/media\/11576"}],"wp:attachment":[{"href":"https:\/\/www.sitem.fr\/en\/wp-json\/wp\/v2\/media?parent=11571"}],"wp:term":[{"taxonomy":"category","embeddable":true,"href":"https:\/\/www.sitem.fr\/en\/wp-json\/wp\/v2\/categories?post=11571"},{"taxonomy":"post_tag","embeddable":true,"href":"https:\/\/www.sitem.fr\/en\/wp-json\/wp\/v2\/tags?post=11571"}],"curies":[{"name":"wp","href":"https:\/\/api.w.org\/{rel}","templated":true}]}}