{"id":11604,"date":"2018-12-31T10:05:37","date_gmt":"2018-12-31T09:05:37","guid":{"rendered":"https:\/\/www.sitem.fr\/?p=11604"},"modified":"2019-01-13T22:09:02","modified_gmt":"2019-01-13T21:09:02","slug":"biin-leve-306-000e-de-fonds-pour-developper-biinlab-en-europe","status":"publish","type":"post","link":"https:\/\/www.sitem.fr\/en\/biin-leve-306-000e-de-fonds-pour-developper-biinlab-en-europe\/","title":{"rendered":"biin l\u00e8ve 306 000\u20ac de fonds pour d\u00e9velopper biinlab en Europe"},"content":{"rendered":"<p style=\"text-align: justify;\">Apr\u00e8s le territoire Fran\u00e7ais, <strong>biinlab<\/strong> part \u00e0 la conqu\u00eate du march\u00e9 Europ\u00e9en et plus pr\u00e9cis\u00e9ment de l\u2019Allemagne, l\u2019Autriche et la Suisse.<\/p>\n<p style=\"text-align: justify;\">Lors de sa participation \u00e0 un salon professionnel \u00e0 Leipzig, <strong>biin<\/strong> a pu approcher le Mumok (mus\u00e9e d\u2019art moderne) et le Jewish museum tous deux situ\u00e9s \u00e0 Vienne en Autriche.<\/p>\n<p><a href=\"https:\/\/www.sitem.fr\/wp-content\/uploads\/2019\/01\/mutec4.jpg\"><img loading=\"lazy\" decoding=\"async\" class=\"aligncenter size-full wp-image-11605\" src=\"https:\/\/www.sitem.fr\/wp-content\/uploads\/2019\/01\/mutec4.jpg\" alt=\"biin-stand-mutec \u00a9biin\" width=\"800\" height=\"600\" srcset=\"https:\/\/www.sitem.fr\/wp-content\/uploads\/2019\/01\/mutec4.jpg 800w, https:\/\/www.sitem.fr\/wp-content\/uploads\/2019\/01\/mutec4-600x450.jpg 600w, https:\/\/www.sitem.fr\/wp-content\/uploads\/2019\/01\/mutec4-587x440.jpg 587w, https:\/\/www.sitem.fr\/wp-content\/uploads\/2019\/01\/mutec4-768x576.jpg 768w, https:\/\/www.sitem.fr\/wp-content\/uploads\/2019\/01\/mutec4-300x225.jpg 300w, https:\/\/www.sitem.fr\/wp-content\/uploads\/2019\/01\/mutec4-80x60.jpg 80w\" sizes=\"auto, (max-width: 800px) 100vw, 800px\" \/><\/a>R\u00e9cemment, la ville de Gen\u00e8ve s\u2019est \u00e9galement montr\u00e9e int\u00e9ress\u00e9e par <strong>biinlab<\/strong> qui \u00e9quipera prochainement le mus\u00e9e Ariana (mus\u00e9e Suisse de la c\u00e9ramique et du verre).<\/p>\n<p style=\"text-align: justify;\">Chez <strong>biin<\/strong>, la nouvelle ann\u00e9e est d\u2019ores et d\u00e9j\u00e0 plac\u00e9e sous le signe de l\u2019ouverture \u00e0 l\u2019international.<\/p>\n<p style=\"text-align: justify;\"><a href=\"https:\/\/get.biinlab.com\" target=\"_blank\" rel=\"noopener\">www.biin.fr<\/a><\/p>\n<p style=\"text-align: justify;\"><strong>Consultez la <a href=\"http:\/\/www.museumexperts.com\/nos_services\/annuaire\/prestataire\/4810\" target=\"_blank\" rel=\"noopener\">Fiche Annuaire<\/a> de BIIN <\/strong><\/p>\n","protected":false},"excerpt":{"rendered":"Apr\u00e8s le territoire Fran\u00e7ais, biinlab part \u00e0 la conqu\u00eate du march\u00e9 Europ\u00e9en et plus pr\u00e9cis\u00e9ment de l\u2019Allemagne, l\u2019Autriche et la Suisse. Lors de sa participation \u00e0 un salon professionnel \u00e0 Leipzig, biin a pu approcher le Mumok (mus\u00e9e d\u2019art moderne) et le Jewish museum tous deux situ\u00e9s \u00e0 Vienne en Autriche. R\u00e9cemment, la ville de&#8230; <br><a class=\"readm\" href=\"https:\/\/www.sitem.fr\/en\/biin-leve-306-000e-de-fonds-pour-developper-biinlab-en-europe\/\">Read more<\/a>","protected":false},"author":2,"featured_media":11605,"comment_status":"open","ping_status":"open","sticky":false,"template":"","format":"standard","meta":{"_acf_changed":false,"footnotes":""},"categories":[147,149],"tags":[474],"class_list":["post-11604","post","type-post","status-publish","format-standard","has-post-thumbnail","hentry","category-gestion-informatisee-des-collections-2","category-interactivite-2","tag-biin"],"acf":[],"_links":{"self":[{"href":"https:\/\/www.sitem.fr\/en\/wp-json\/wp\/v2\/posts\/11604","targetHints":{"allow":["GET"]}}],"collection":[{"href":"https:\/\/www.sitem.fr\/en\/wp-json\/wp\/v2\/posts"}],"about":[{"href":"https:\/\/www.sitem.fr\/en\/wp-json\/wp\/v2\/types\/post"}],"author":[{"embeddable":true,"href":"https:\/\/www.sitem.fr\/en\/wp-json\/wp\/v2\/users\/2"}],"replies":[{"embeddable":true,"href":"https:\/\/www.sitem.fr\/en\/wp-json\/wp\/v2\/comments?post=11604"}],"version-history":[{"count":1,"href":"https:\/\/www.sitem.fr\/en\/wp-json\/wp\/v2\/posts\/11604\/revisions"}],"predecessor-version":[{"id":11614,"href":"https:\/\/www.sitem.fr\/en\/wp-json\/wp\/v2\/posts\/11604\/revisions\/11614"}],"wp:featuredmedia":[{"embeddable":true,"href":"https:\/\/www.sitem.fr\/en\/wp-json\/wp\/v2\/media\/11605"}],"wp:attachment":[{"href":"https:\/\/www.sitem.fr\/en\/wp-json\/wp\/v2\/media?parent=11604"}],"wp:term":[{"taxonomy":"category","embeddable":true,"href":"https:\/\/www.sitem.fr\/en\/wp-json\/wp\/v2\/categories?post=11604"},{"taxonomy":"post_tag","embeddable":true,"href":"https:\/\/www.sitem.fr\/en\/wp-json\/wp\/v2\/tags?post=11604"}],"curies":[{"name":"wp","href":"https:\/\/api.w.org\/{rel}","templated":true}]}}