{"id":11709,"date":"2019-01-31T10:31:25","date_gmt":"2019-01-31T09:31:25","guid":{"rendered":"https:\/\/www.sitem.fr\/?p=11709"},"modified":"2019-02-13T16:15:53","modified_gmt":"2019-02-13T15:15:53","slug":"jefile-palais-de-tokyo-on-air-visite","status":"publish","type":"post","link":"https:\/\/www.sitem.fr\/en\/jefile-palais-de-tokyo-on-air-visite\/","title":{"rendered":"50 000 utilisateurs de JeFile pour \u00ab ON AIR \u00bb au Palais de Tokyo"},"content":{"rendered":"<p style=\"text-align: justify;\">Mercredi 17 octobre 2018. Le Palais de Tokyo ouvre ses portes et accueille ses visiteurs avec une nouvelle exposition, \u00ab On Air, Carte Blanche \u00e0 Tomas Saraceno \u00bb. L\u2019exposition est un \u00e9cosyst\u00e8me en mouvement. A travers des \u0153uvres, anim\u00e9es et inanim\u00e9es, l\u2019on d\u00e9couvre la force des entit\u00e9s qui peuplent l\u2019air et la mani\u00e8re avec laquelle elles nous affectent. Parmi elles, l\u2019exp\u00e9rience \u00ab Algo-r(h)i(y)thm \u00bb, fresque tiss\u00e9e de plusieurs dizaines de toiles qui vibre et r\u00e9agit aux contacts des visiteurs.<\/p>\n<div id=\"attachment_11708\" style=\"width: 361px\" class=\"wp-caption aligncenter\"><a href=\"https:\/\/www.sitem.fr\/wp-content\/uploads\/2019\/01\/JeFile2.jpg\"><img loading=\"lazy\" decoding=\"async\" aria-describedby=\"caption-attachment-11708\" class=\" wp-image-11708\" src=\"https:\/\/www.sitem.fr\/wp-content\/uploads\/2019\/01\/JeFile2.jpg\" alt=\"jefile palais de Tokyo Tomas Saraceno\" width=\"351\" height=\"236\" \/><\/a><p id=\"caption-attachment-11708\" class=\"wp-caption-text\">Tomas Saraceno tisse sa toile avec Algo-r(h)i(y)thm. \u00a9 Photography Andrea Rossetti, 2018.<\/p><\/div>\n<p style=\"text-align: justify;\">Probl\u00e8me, pour produire un ensemble sonore harmonieux, l\u2019\u0153uvre est limit\u00e9e \u00e0 dix personnes toutes les dix minutes. Alors comment contr\u00f4ler la jauge de cette \u0153uvre, tout en garantissant la fluidit\u00e9 de la visite ? C\u2019est l\u00e0 que <strong>JeFile<\/strong> intervient.<\/p>\n<div id=\"attachment_11707\" style=\"width: 360px\" class=\"wp-caption aligncenter\"><a href=\"https:\/\/www.sitem.fr\/wp-content\/uploads\/2019\/01\/JeFile1.jpg\"><img loading=\"lazy\" decoding=\"async\" aria-describedby=\"caption-attachment-11707\" class=\" wp-image-11707\" src=\"https:\/\/www.sitem.fr\/wp-content\/uploads\/2019\/01\/JeFile1.jpg\" alt=\"jefile palais de Tokyo Tomas Saraceno 2\" width=\"350\" height=\"246\" \/><\/a><p id=\"caption-attachment-11707\" class=\"wp-caption-text\">L\u2019agent contr\u00f4le la r\u00e9servation des dix visiteurs du cr\u00e9neau.<\/p><\/div>\n<p style=\"text-align: justify;\">A l\u2019aide d\u2019une borne, install\u00e9e dans le mus\u00e9e, les visiteurs consultent les cr\u00e9neaux disponibles et r\u00e9servent leur passage. M\u00eame principe, \u00e0 distance, avec l\u2019application mobile. Assur\u00e9s de vivre l\u2019exp\u00e9rience, ils profitent alors du temps qu\u2019ils ne passent pas dans la file d\u2019attente pour continuer leur visite, se rendre \u00e0 librairie du mus\u00e9e ou \u00e0 la caf\u00e9t\u00e9ria. Au total, c\u2019est plus de 50 000 visiteurs qui ont transform\u00e9s, en moyenne, 25 minutes d\u2019attente en temps libre, sur les trois mois de l\u2019exposition.<\/p>\n<p style=\"text-align: justify;\"><a href=\"http:\/\/jefile.fr\/\" target=\"_blank\" rel=\"noopener\">www.jefile.fr<\/a><\/p>\n<p style=\"text-align: justify;\"><strong>Consultez la <a href=\"http:\/\/www.museumexperts.com\/nos_services\/annuaire\/prestataire\/5352\" target=\"_blank\" rel=\"noopener\">Fiche Annuaire<\/a> de JEFILE<\/strong><\/p>\n","protected":false},"excerpt":{"rendered":"Mercredi 17 octobre 2018. Le Palais de Tokyo ouvre ses portes et accueille ses visiteurs avec une nouvelle exposition, \u00ab On Air, Carte Blanche \u00e0 Tomas Saraceno \u00bb. L\u2019exposition est un \u00e9cosyst\u00e8me en mouvement. A travers des \u0153uvres, anim\u00e9es et inanim\u00e9es, l\u2019on d\u00e9couvre la force des entit\u00e9s qui peuplent l\u2019air et la mani\u00e8re avec laquelle&#8230; <br><a class=\"readm\" href=\"https:\/\/www.sitem.fr\/en\/jefile-palais-de-tokyo-on-air-visite\/\">Read more<\/a>","protected":false},"author":2,"featured_media":11707,"comment_status":"open","ping_status":"open","sticky":false,"template":"","format":"standard","meta":{"_acf_changed":false,"footnotes":""},"categories":[1],"tags":[574,575],"class_list":["post-11709","post","type-post","status-publish","format-standard","has-post-thumbnail","hentry","category-non-classifiee","tag-jefile","tag-palais-de-tokyo"],"acf":[],"_links":{"self":[{"href":"https:\/\/www.sitem.fr\/en\/wp-json\/wp\/v2\/posts\/11709","targetHints":{"allow":["GET"]}}],"collection":[{"href":"https:\/\/www.sitem.fr\/en\/wp-json\/wp\/v2\/posts"}],"about":[{"href":"https:\/\/www.sitem.fr\/en\/wp-json\/wp\/v2\/types\/post"}],"author":[{"embeddable":true,"href":"https:\/\/www.sitem.fr\/en\/wp-json\/wp\/v2\/users\/2"}],"replies":[{"embeddable":true,"href":"https:\/\/www.sitem.fr\/en\/wp-json\/wp\/v2\/comments?post=11709"}],"version-history":[{"count":3,"href":"https:\/\/www.sitem.fr\/en\/wp-json\/wp\/v2\/posts\/11709\/revisions"}],"predecessor-version":[{"id":11799,"href":"https:\/\/www.sitem.fr\/en\/wp-json\/wp\/v2\/posts\/11709\/revisions\/11799"}],"wp:featuredmedia":[{"embeddable":true,"href":"https:\/\/www.sitem.fr\/en\/wp-json\/wp\/v2\/media\/11707"}],"wp:attachment":[{"href":"https:\/\/www.sitem.fr\/en\/wp-json\/wp\/v2\/media?parent=11709"}],"wp:term":[{"taxonomy":"category","embeddable":true,"href":"https:\/\/www.sitem.fr\/en\/wp-json\/wp\/v2\/categories?post=11709"},{"taxonomy":"post_tag","embeddable":true,"href":"https:\/\/www.sitem.fr\/en\/wp-json\/wp\/v2\/tags?post=11709"}],"curies":[{"name":"wp","href":"https:\/\/api.w.org\/{rel}","templated":true}]}}