{"id":11903,"date":"2019-02-26T09:43:36","date_gmt":"2019-02-26T08:43:36","guid":{"rendered":"https:\/\/www.sitem.fr\/?p=11903"},"modified":"2019-02-26T09:43:36","modified_gmt":"2019-02-26T08:43:36","slug":"pic-bois-bercy-village","status":"publish","type":"post","link":"https:\/\/www.sitem.fr\/en\/pic-bois-bercy-village\/","title":{"rendered":"PIC BOIS : des solutions naturelles au service du design"},"content":{"rendered":"<p align=\"justify\">Le quartier de Bercy \u00e0 Paris est marqu\u00e9 par l\u2019histoire de ses entrep\u00f4ts o\u00f9 les n\u00e9gociants de vin stockaient leurs marchandises. Bercy Village a sollicit\u00e9 le designer Jean-Michel Policar pour mettre en valeur ce patrimoine \u00e0 travers l\u2019am\u00e9nagement de la Cour St Emilion.<\/p>\n<p align=\"justify\"><strong>PIC BOIS<\/strong> est intervenu d\u00e8s la conception de ces mobiliers et a apport\u00e9 des solutions dans le respect de son engagement environnemental : mod\u00e9lisation 3D, mat\u00e9riaux responsables.<\/p>\n<p align=\"justify\">R\u00e9partis autour des arbres de la Cour, un ensemble de 11 bancs r\u00e9alis\u00e9s en ch\u00eane noirci gr\u00e2ce \u00e0 une technique exclusive et naturelle, s\u2019inspirent et r\u00e9interpr\u00e8tent le foudre \u2013 tonneau \u2013, le haquet \u2013 charrette \u2013 et le tablier :<\/p>\n<ul>\n<li>\n<p align=\"justify\">Les bancs avec dossier s\u00e9choir \u00e0 bouteilles offrent un dossier \u00ab monument \u00bb et un paravent proposant ombre et isolement.<\/p>\n<div id=\"attachment_11906\" style=\"width: 209px\" class=\"wp-caption aligncenter\"><a href=\"https:\/\/www.sitem.fr\/wp-content\/uploads\/2019\/02\/banc-sechoir-a-bouteille.jpg\"><img loading=\"lazy\" decoding=\"async\" aria-describedby=\"caption-attachment-11906\" class=\" wp-image-11906\" src=\"https:\/\/www.sitem.fr\/wp-content\/uploads\/2019\/02\/banc-sechoir-a-bouteille.jpg\" alt=\"Picbois Bercy Village Banc s\u00e9choir \u00e0 bouteilles\" width=\"199\" height=\"267\" \/><\/a><p id=\"caption-attachment-11906\" class=\"wp-caption-text\">Banc s\u00e9choir \u00e0 bouteilles<\/p><\/div><\/li>\n<li>\n<p align=\"justify\">Les bras du haquet forment des accoudoirs de part et d\u2019autre du banc et la large assise est propice aux \u00e9changes.<\/p>\n<div id=\"attachment_11905\" style=\"width: 360px\" class=\"wp-caption aligncenter\"><a href=\"https:\/\/www.sitem.fr\/wp-content\/uploads\/2019\/02\/banc-haquet.jpg\"><img loading=\"lazy\" decoding=\"async\" aria-describedby=\"caption-attachment-11905\" class=\" wp-image-11905\" src=\"https:\/\/www.sitem.fr\/wp-content\/uploads\/2019\/02\/banc-haquet.jpg\" alt=\"Picbois Bercy Village Banc Haquet\" width=\"350\" height=\"260\" \/><\/a><p id=\"caption-attachment-11905\" class=\"wp-caption-text\">Banc haquet<\/p><\/div><\/li>\n<li>\n<p align=\"justify\">Banc tonneau : le cerclage en acier et l\u2019assise circulaire rappellent le foudre. Leurs emplacements invitent au rendez-vous tout en donnant une perspective panoramique de la cour.<\/p>\n<div id=\"attachment_11904\" style=\"width: 360px\" class=\"wp-caption aligncenter\"><a href=\"https:\/\/www.sitem.fr\/wp-content\/uploads\/2019\/02\/banc-foudre3.jpg\"><img loading=\"lazy\" decoding=\"async\" aria-describedby=\"caption-attachment-11904\" class=\" wp-image-11904\" src=\"https:\/\/www.sitem.fr\/wp-content\/uploads\/2019\/02\/banc-foudre3.jpg\" alt=\"Picbois Bercy Village Banc Tonneau\" width=\"350\" height=\"260\" \/><\/a><p id=\"caption-attachment-11904\" class=\"wp-caption-text\">Banc tonneau<\/p><\/div><\/li>\n<\/ul>\n<p align=\"justify\">A (re)d\u00e9couvrir M\u00e9tro Cour St Emilion.<\/p>\n<p>Ma\u00eetre d&#8217;ouvrage : SCI Bercy village<br \/>\nMa\u00eetres d&#8217;\u0153uvres : Altarea cogedim et JM Policar<\/p>\n<p style=\"text-align: justify;\"><a href=\"https:\/\/www.pic-bois.com\/produits\/references\/bancs-bercy-village-122.html\" target=\"_blank\" rel=\"noopener\">www.pic-bois.com<\/a><\/p>\n<p style=\"text-align: justify;\"><strong>Consultez la <a href=\"http:\/\/www.museumexperts.com\/nos_services\/annuaire\/prestataire\/4921\" target=\"_blank\" rel=\"noopener\">Fiche Annuaire<\/a> de PIC BOIS<\/strong><\/p>\n","protected":false},"excerpt":{"rendered":"Le quartier de Bercy \u00e0 Paris est marqu\u00e9 par l\u2019histoire de ses entrep\u00f4ts o\u00f9 les n\u00e9gociants de vin stockaient leurs marchandises. Bercy Village a sollicit\u00e9 le designer Jean-Michel Policar pour mettre en valeur ce patrimoine \u00e0 travers l\u2019am\u00e9nagement de la Cour St Emilion. PIC BOIS est intervenu d\u00e8s la conception de ces mobiliers et a&#8230; <br><a class=\"readm\" href=\"https:\/\/www.sitem.fr\/en\/pic-bois-bercy-village\/\">Read more<\/a>","protected":false},"author":2,"featured_media":11904,"comment_status":"open","ping_status":"open","sticky":false,"template":"","format":"standard","meta":{"_acf_changed":false,"footnotes":""},"categories":[144],"tags":[496],"class_list":["post-11903","post","type-post","status-publish","format-standard","has-post-thumbnail","hentry","category-mobilier","tag-pic-bois"],"acf":[],"_links":{"self":[{"href":"https:\/\/www.sitem.fr\/en\/wp-json\/wp\/v2\/posts\/11903","targetHints":{"allow":["GET"]}}],"collection":[{"href":"https:\/\/www.sitem.fr\/en\/wp-json\/wp\/v2\/posts"}],"about":[{"href":"https:\/\/www.sitem.fr\/en\/wp-json\/wp\/v2\/types\/post"}],"author":[{"embeddable":true,"href":"https:\/\/www.sitem.fr\/en\/wp-json\/wp\/v2\/users\/2"}],"replies":[{"embeddable":true,"href":"https:\/\/www.sitem.fr\/en\/wp-json\/wp\/v2\/comments?post=11903"}],"version-history":[{"count":1,"href":"https:\/\/www.sitem.fr\/en\/wp-json\/wp\/v2\/posts\/11903\/revisions"}],"predecessor-version":[{"id":11907,"href":"https:\/\/www.sitem.fr\/en\/wp-json\/wp\/v2\/posts\/11903\/revisions\/11907"}],"wp:featuredmedia":[{"embeddable":true,"href":"https:\/\/www.sitem.fr\/en\/wp-json\/wp\/v2\/media\/11904"}],"wp:attachment":[{"href":"https:\/\/www.sitem.fr\/en\/wp-json\/wp\/v2\/media?parent=11903"}],"wp:term":[{"taxonomy":"category","embeddable":true,"href":"https:\/\/www.sitem.fr\/en\/wp-json\/wp\/v2\/categories?post=11903"},{"taxonomy":"post_tag","embeddable":true,"href":"https:\/\/www.sitem.fr\/en\/wp-json\/wp\/v2\/tags?post=11903"}],"curies":[{"name":"wp","href":"https:\/\/api.w.org\/{rel}","templated":true}]}}