{"id":12031,"date":"2019-04-17T12:43:02","date_gmt":"2019-04-17T10:43:02","guid":{"rendered":"https:\/\/www.sitem.fr\/?p=12031"},"modified":"2019-04-17T17:47:39","modified_gmt":"2019-04-17T15:47:39","slug":"polymorphe-design-en-residence-dartiste-au-college-des-tourelles","status":"publish","type":"post","link":"https:\/\/www.sitem.fr\/en\/polymorphe-design-en-residence-dartiste-au-college-des-tourelles\/","title":{"rendered":"Polymorphe Design en r\u00e9sidence d\u2019artiste au coll\u00e8ge des Tourelles"},"content":{"rendered":"<p><strong>Maud DUPUIS<\/strong>\u00a0de <strong>Polymorphe Design<\/strong> participe au <strong>parcours d\u2019\u00e9ducation artistique et culturelle (PEAC)<\/strong>\u00a0 au <strong>coll\u00e8ge des Tourelles \u00e0 Villiers Saint Georges<\/strong>. Lors de cette r\u00e9sidence d&#8217;artiste, les \u00e9l\u00e8ves du coll\u00e8ge seront initi\u00e9s au <strong>design<\/strong> pour r\u00e9fl\u00e9chir \u00e0 de futures transformations dans leur coll\u00e8ge.<\/p>\n<div id=\"attachment_12004\" style=\"width: 310px\" class=\"wp-caption aligncenter\"><a href=\"https:\/\/www.sitem.fr\/wp-content\/uploads\/2019\/04\/POLYMORPHE-AVRIL.jpeg\"><img loading=\"lazy\" decoding=\"async\" aria-describedby=\"caption-attachment-12004\" class=\"size-medium wp-image-12004\" src=\"https:\/\/www.sitem.fr\/wp-content\/uploads\/2019\/04\/POLYMORPHE-AVRIL-300x225.jpeg\" alt=\"polymorphe-design-r\u00e9sidence-artistes-coll\u00e8ge-des-tourelles\" width=\"300\" height=\"225\" srcset=\"https:\/\/www.sitem.fr\/wp-content\/uploads\/2019\/04\/POLYMORPHE-AVRIL-300x225.jpeg 300w, https:\/\/www.sitem.fr\/wp-content\/uploads\/2019\/04\/POLYMORPHE-AVRIL-600x450.jpeg 600w, https:\/\/www.sitem.fr\/wp-content\/uploads\/2019\/04\/POLYMORPHE-AVRIL-587x440.jpeg 587w, https:\/\/www.sitem.fr\/wp-content\/uploads\/2019\/04\/POLYMORPHE-AVRIL-768x576.jpeg 768w, https:\/\/www.sitem.fr\/wp-content\/uploads\/2019\/04\/POLYMORPHE-AVRIL.jpeg 1024w, https:\/\/www.sitem.fr\/wp-content\/uploads\/2019\/04\/POLYMORPHE-AVRIL-80x60.jpeg 80w\" sizes=\"auto, (max-width: 300px) 100vw, 300px\" \/><\/a><p id=\"caption-attachment-12004\" class=\"wp-caption-text\">\u00a9 Polymorphe Design<\/p><\/div>\n<p>Le projet \u00e0 l\u2019int\u00e9rieur du coll\u00e8ge s&#8217;articule autour de la cr\u00e9ation de lieux de lecture et de culture ouverts sur le village. Cette ouverture sur l&#8217;ext\u00e9rieur permettra ainsi d&#8217;\u00e9changer avec d\u2019autres publics (EPHAD, \u00e9cole primaires\u2026).<\/p>\n<p>Le projet se fonde sur des objectifs \u00e9ducatifs et p\u00e9dagogiques, dans le cadre des cours d&#8217;art plastique assur\u00e9s aupr\u00e8s des \u00e9l\u00e8ves de 6\u00e8me, 5\u00e8me, 4\u00e8me et 3\u00e8me par Lise MOULIN, professeur au coll\u00e8ge. Il favorise les dynamiques de construction de projets inter-classes.<\/p>\n<p>La finalit\u00e9 du projet est pr\u00e9vue pour dans 4 ou 5 ans. Elle sera suivie d&#8217;ann\u00e9e en ann\u00e9e par la professeure et dans le cadre d&#8217;autres r\u00e9sidences les ann\u00e9es suivantes. Cette ann\u00e9e 2019 est donc le d\u00e9but de cette aventure, que tous les \u00e9l\u00e8ves actuels ne pourront pas suivre jusqu&#8217;au bout apr\u00e8s leur d\u00e9part au lyc\u00e9e. C&#8217;est ici l&#8217;occasion pour eux de laisser une trace dans l&#8217;histoire de leur coll\u00e8ge pour les futurs \u00e9l\u00e8ves.<\/p>\n<p>Mais d&#8217;ores et d\u00e9j\u00e0 chaque classe pourra mener \u00e0 son terme un mini-projet dans sa globalit\u00e9, le temps de l&#8217;ann\u00e9e scolaire en cours. C\u2019est l\u2019accumulation de ces r\u00e9alisations qui formeront le projet final. Ainsi chaque \u00e9l\u00e8ve aborde le m\u00e9tier du designer, la logique de cr\u00e9ation et du design participatif\u00a0: cr\u00e9ation d&#8217;un cahier des charges, mise en place d&#8217;une concertation des publics, phases de conception et de prototypage sont au programme de ces 9 journ\u00e9es de r\u00e9sidence.<\/p>\n<p>Plus d&#8217;informations sur les peac\u00a0:\u00a0<a href=\"http:\/\/eduscol.education.fr\/cid74945\/le-parcours-education-artistique-culturelle.html\">http:\/\/eduscol.education.fr\/cid74945\/le-parcours-education-artistique-culturelle.html<\/a><\/p>\n<p><a href=\"http:\/\/www.polymorphe-design.fr\">http:\/\/www.polymorphe-design.fr\u00a0<\/a><\/p>\n<p>Consulter la <strong><a href=\"http:\/\/www.museumexperts.com\/nos_services\/annuaire\/prestataire\/2015\">Fiche annuaire de Polymorph Design<\/a><\/strong><\/p>\n","protected":false},"excerpt":{"rendered":"Maud DUPUIS\u00a0de Polymorphe Design participe au parcours d\u2019\u00e9ducation artistique et culturelle (PEAC)\u00a0 au coll\u00e8ge des Tourelles \u00e0 Villiers Saint Georges. Lors de cette r\u00e9sidence d&#8217;artiste, les \u00e9l\u00e8ves du coll\u00e8ge seront initi\u00e9s au design pour r\u00e9fl\u00e9chir \u00e0 de futures transformations dans leur coll\u00e8ge. Le projet \u00e0 l\u2019int\u00e9rieur du coll\u00e8ge s&#8217;articule autour de la cr\u00e9ation de lieux&#8230; <br><a class=\"readm\" href=\"https:\/\/www.sitem.fr\/en\/polymorphe-design-en-residence-dartiste-au-college-des-tourelles\/\">Read more<\/a>","protected":false},"author":2,"featured_media":12004,"comment_status":"open","ping_status":"open","sticky":false,"template":"","format":"standard","meta":{"_acf_changed":false,"footnotes":""},"categories":[140],"tags":[601,599,602,598,600],"class_list":["post-12031","post","type-post","status-publish","format-standard","has-post-thumbnail","hentry","category-communication","tag-college-des-tourelles","tag-deducation-artistique-et-culturelle","tag-design","tag-polymorph-design","tag-villiers-saint-georges"],"acf":[],"_links":{"self":[{"href":"https:\/\/www.sitem.fr\/en\/wp-json\/wp\/v2\/posts\/12031","targetHints":{"allow":["GET"]}}],"collection":[{"href":"https:\/\/www.sitem.fr\/en\/wp-json\/wp\/v2\/posts"}],"about":[{"href":"https:\/\/www.sitem.fr\/en\/wp-json\/wp\/v2\/types\/post"}],"author":[{"embeddable":true,"href":"https:\/\/www.sitem.fr\/en\/wp-json\/wp\/v2\/users\/2"}],"replies":[{"embeddable":true,"href":"https:\/\/www.sitem.fr\/en\/wp-json\/wp\/v2\/comments?post=12031"}],"version-history":[{"count":3,"href":"https:\/\/www.sitem.fr\/en\/wp-json\/wp\/v2\/posts\/12031\/revisions"}],"predecessor-version":[{"id":12172,"href":"https:\/\/www.sitem.fr\/en\/wp-json\/wp\/v2\/posts\/12031\/revisions\/12172"}],"wp:featuredmedia":[{"embeddable":true,"href":"https:\/\/www.sitem.fr\/en\/wp-json\/wp\/v2\/media\/12004"}],"wp:attachment":[{"href":"https:\/\/www.sitem.fr\/en\/wp-json\/wp\/v2\/media?parent=12031"}],"wp:term":[{"taxonomy":"category","embeddable":true,"href":"https:\/\/www.sitem.fr\/en\/wp-json\/wp\/v2\/categories?post=12031"},{"taxonomy":"post_tag","embeddable":true,"href":"https:\/\/www.sitem.fr\/en\/wp-json\/wp\/v2\/tags?post=12031"}],"curies":[{"name":"wp","href":"https:\/\/api.w.org\/{rel}","templated":true}]}}