{"id":12059,"date":"2019-04-17T11:55:21","date_gmt":"2019-04-17T09:55:21","guid":{"rendered":"https:\/\/www.sitem.fr\/?p=12059"},"modified":"2019-04-18T10:01:04","modified_gmt":"2019-04-18T08:01:04","slug":"le-chainon-manquant-supervision-de-la-post-production-audiovisuelle-pour-lexposition-rouge-au-grand-palais","status":"publish","type":"post","link":"https:\/\/www.sitem.fr\/en\/le-chainon-manquant-supervision-de-la-post-production-audiovisuelle-pour-lexposition-rouge-au-grand-palais\/","title":{"rendered":"Le cha\u00eenon manquant : supervision de la post-production audiovisuelle pour l\u2019exposition &#8220;Rouge&#8221; au Grand Palais"},"content":{"rendered":"<p>Du 20 mars au 1<sup>er<\/sup> juillet 2019, la <strong>R\u00e9union des Mus\u00e9es Nationaux<\/strong> pr\u00e9sente l\u2019<strong>exposition &#8220;Rouge. Art et utopie au pays des Soviets<\/strong>&#8221; au <strong>Grand Palais<\/strong>, \u00e0 <strong>Paris<\/strong>.<\/p>\n<p>Cette exposition montre la diversit\u00e9 des arts, dont le cin\u00e9ma, qui ont accompagn\u00e9 la r\u00e9volution sovi\u00e9tique. Ce sont donc pas moins de 36 extraits de films qui sont pr\u00e9sent\u00e9s, au sein de 15 dispositifs audiovisuels, tout au long du parcours.<\/p>\n<div id=\"attachment_11994\" style=\"width: 310px\" class=\"wp-caption aligncenter\"><a href=\"https:\/\/www.sitem.fr\/wp-content\/uploads\/2019\/04\/D5S7968.jpg\"><img loading=\"lazy\" decoding=\"async\" aria-describedby=\"caption-attachment-11994\" class=\"size-medium wp-image-11994\" src=\"https:\/\/www.sitem.fr\/wp-content\/uploads\/2019\/04\/D5S7968-300x200.jpg\" alt=\"le-cha\u00eenon-manquant-production-audiovisuelle-exposition-rouge-grand-palais\" width=\"300\" height=\"200\" srcset=\"https:\/\/www.sitem.fr\/wp-content\/uploads\/2019\/04\/D5S7968-300x200.jpg 300w, https:\/\/www.sitem.fr\/wp-content\/uploads\/2019\/04\/D5S7968-600x400.jpg 600w, https:\/\/www.sitem.fr\/wp-content\/uploads\/2019\/04\/D5S7968-768x512.jpg 768w, https:\/\/www.sitem.fr\/wp-content\/uploads\/2019\/04\/D5S7968-1024x682.jpg 1024w, https:\/\/www.sitem.fr\/wp-content\/uploads\/2019\/04\/D5S7968.jpg 1600w\" sizes=\"auto, (max-width: 300px) 100vw, 300px\" \/><\/a><p id=\"caption-attachment-11994\" class=\"wp-caption-text\">2019 \u2013 Exposition Rouge \u00a9 Collection Rmn-Grand Palais, Thibaut Chapotot<\/p><\/div>\n<p>La<strong> RMN \u2013 Grand Palais<\/strong> a fait appel au<strong> Cha\u00eenon Manquant<\/strong> pour superviser la num\u00e9risation, la commande en Russie et en France, le montage et le sous-titrage de ces <strong>extraits audiovisuels<\/strong>.<\/p>\n<p>Il a fallu identifier les lieux de conservation des copies des <strong>films<\/strong>, ainsi que les ayants droit, et n\u00e9gocier avec chacun d\u2019eux les acc\u00e8s \u00e0 ce mat\u00e9riel et les droits d\u2019utilisation. <strong>Le Cha\u00eenon Manquant<\/strong> a aussi coordonn\u00e9 le travail entre les diff\u00e9rentes \u00e9quipes\u00a0: le commissariat d\u2019exposition \u00e0 Paris pour la d\u00e9finition des besoins ; les personnes engag\u00e9es par <strong>le Cha\u00eenon Manquant<\/strong> \u00e0 Moscou pour le travail au sein des archives\u00a0; le monteur et le prestataire de sous-titrage pour le traitement des \u00e9l\u00e9ments Haute D\u00e9finition \u00e0 Paris.<\/p>\n<div id=\"attachment_11995\" style=\"width: 310px\" class=\"wp-caption aligncenter\"><a href=\"https:\/\/www.sitem.fr\/wp-content\/uploads\/2019\/04\/D5S8037.jpg\"><img loading=\"lazy\" decoding=\"async\" aria-describedby=\"caption-attachment-11995\" class=\"size-medium wp-image-11995\" src=\"https:\/\/www.sitem.fr\/wp-content\/uploads\/2019\/04\/D5S8037-300x200.jpg\" alt=\"le-cha\u00eenon-manquant-production-audiovisuelle-exposition-rouge-grand-palais\" width=\"300\" height=\"200\" srcset=\"https:\/\/www.sitem.fr\/wp-content\/uploads\/2019\/04\/D5S8037-300x200.jpg 300w, https:\/\/www.sitem.fr\/wp-content\/uploads\/2019\/04\/D5S8037-600x400.jpg 600w, https:\/\/www.sitem.fr\/wp-content\/uploads\/2019\/04\/D5S8037-660x440.jpg 660w, https:\/\/www.sitem.fr\/wp-content\/uploads\/2019\/04\/D5S8037-1024x683.jpg 1024w, https:\/\/www.sitem.fr\/wp-content\/uploads\/2019\/04\/D5S8037-768x512.jpg 768w, https:\/\/www.sitem.fr\/wp-content\/uploads\/2019\/04\/D5S8037-1536x1024.jpg 1536w, https:\/\/www.sitem.fr\/wp-content\/uploads\/2019\/04\/D5S8037.jpg 1600w\" sizes=\"auto, (max-width: 300px) 100vw, 300px\" \/><\/a><p id=\"caption-attachment-11995\" class=\"wp-caption-text\">2019 \u2013 Exposition Rouge \u00a9 Collection Rmn-Grand Palais, Thibaut Chapotot<\/p><\/div>\n<p><a href=\"https:\/\/lechainonmanquant.com\/index.php\">https:\/\/lechainonmanquant.com\/index.php<\/a><\/p>\n<p>Consultez la <strong><a href=\"http:\/\/www.museumexperts.com\/nos_services\/annuaire\/prestataire\/5050\">Fiche annuaire du Cha\u00eenon manquant<\/a><\/strong><\/p>\n","protected":false},"excerpt":{"rendered":"Du 20 mars au 1er juillet 2019, la R\u00e9union des Mus\u00e9es Nationaux pr\u00e9sente l\u2019exposition &#8220;Rouge. Art et utopie au pays des Soviets&#8221; au Grand Palais, \u00e0 Paris. Cette exposition montre la diversit\u00e9 des arts, dont le cin\u00e9ma, qui ont accompagn\u00e9 la r\u00e9volution sovi\u00e9tique. Ce sont donc pas moins de 36 extraits de films qui sont&#8230; <br><a class=\"readm\" href=\"https:\/\/www.sitem.fr\/en\/le-chainon-manquant-supervision-de-la-post-production-audiovisuelle-pour-lexposition-rouge-au-grand-palais\/\">Read more<\/a>","protected":false},"author":2,"featured_media":11995,"comment_status":"open","ping_status":"open","sticky":false,"template":"","format":"standard","meta":{"_acf_changed":false,"footnotes":""},"categories":[137],"tags":[623,53,233,536,622],"class_list":["post-12059","post","type-post","status-publish","format-standard","has-post-thumbnail","hentry","category-audiovisuel-multimedia","tag-art-et-utopie-au-pays-des-soviets","tag-exposition","tag-grand-palais","tag-le-chainon-manquant","tag-production-audiovisuelle"],"acf":[],"_links":{"self":[{"href":"https:\/\/www.sitem.fr\/en\/wp-json\/wp\/v2\/posts\/12059","targetHints":{"allow":["GET"]}}],"collection":[{"href":"https:\/\/www.sitem.fr\/en\/wp-json\/wp\/v2\/posts"}],"about":[{"href":"https:\/\/www.sitem.fr\/en\/wp-json\/wp\/v2\/types\/post"}],"author":[{"embeddable":true,"href":"https:\/\/www.sitem.fr\/en\/wp-json\/wp\/v2\/users\/2"}],"replies":[{"embeddable":true,"href":"https:\/\/www.sitem.fr\/en\/wp-json\/wp\/v2\/comments?post=12059"}],"version-history":[{"count":5,"href":"https:\/\/www.sitem.fr\/en\/wp-json\/wp\/v2\/posts\/12059\/revisions"}],"predecessor-version":[{"id":12182,"href":"https:\/\/www.sitem.fr\/en\/wp-json\/wp\/v2\/posts\/12059\/revisions\/12182"}],"wp:featuredmedia":[{"embeddable":true,"href":"https:\/\/www.sitem.fr\/en\/wp-json\/wp\/v2\/media\/11995"}],"wp:attachment":[{"href":"https:\/\/www.sitem.fr\/en\/wp-json\/wp\/v2\/media?parent=12059"}],"wp:term":[{"taxonomy":"category","embeddable":true,"href":"https:\/\/www.sitem.fr\/en\/wp-json\/wp\/v2\/categories?post=12059"},{"taxonomy":"post_tag","embeddable":true,"href":"https:\/\/www.sitem.fr\/en\/wp-json\/wp\/v2\/tags?post=12059"}],"curies":[{"name":"wp","href":"https:\/\/api.w.org\/{rel}","templated":true}]}}