{"id":12062,"date":"2019-04-17T12:06:40","date_gmt":"2019-04-17T10:06:40","guid":{"rendered":"https:\/\/www.sitem.fr\/?p=12062"},"modified":"2019-04-29T15:21:17","modified_gmt":"2019-04-29T13:21:17","slug":"la-fabrique-creative-laureat-du-concours-pour-la-creation-du-centre-dinterpretation-napoleon-a-laffrey","status":"publish","type":"post","link":"https:\/\/www.sitem.fr\/en\/la-fabrique-creative-laureat-du-concours-pour-la-creation-du-centre-dinterpretation-napoleon-a-laffrey\/","title":{"rendered":"La Fabrique Cr\u00e9ative laur\u00e9ate du concours pour la cr\u00e9ation du centre d\u2019interpr\u00e9tation Napol\u00e9on \u00e0 Laffrey"},"content":{"rendered":"<p><a href=\"https:\/\/www.sitem.fr\/wp-content\/uploads\/2019\/04\/Laffrey-MuseuExpert-2.jpg\"><img loading=\"lazy\" decoding=\"async\" class=\"alignright size-large wp-image-12224\" src=\"https:\/\/www.sitem.fr\/wp-content\/uploads\/2019\/04\/Laffrey-MuseuExpert-2-1024x351.jpg\" alt=\"\" width=\"1024\" height=\"351\" srcset=\"https:\/\/www.sitem.fr\/wp-content\/uploads\/2019\/04\/Laffrey-MuseuExpert-2-1024x351.jpg 1024w, https:\/\/www.sitem.fr\/wp-content\/uploads\/2019\/04\/Laffrey-MuseuExpert-2-600x206.jpg 600w, https:\/\/www.sitem.fr\/wp-content\/uploads\/2019\/04\/Laffrey-MuseuExpert-2-300x103.jpg 300w, https:\/\/www.sitem.fr\/wp-content\/uploads\/2019\/04\/Laffrey-MuseuExpert-2-768x264.jpg 768w\" sizes=\"auto, (max-width: 1024px) 100vw, 1024px\" \/><\/a><\/p>\n<p class=\"p1\" style=\"text-align: justify;\"><span class=\"s1\">La <\/span><strong>Fabrique Cr\u00e9ative<\/strong><span class=\"s1\"> est <\/span><strong>laur\u00e9ate du concours<\/strong><span class=\"s1\"> lanc\u00e9 par la <\/span><span class=\"s2\"><b>Communaut\u00e9 de communes la Matheysine<\/b><\/span><span class=\"s1\">, pour la <\/span><strong>cr\u00e9ation du centre d\u2019interpr\u00e9tation Napol\u00e9on \u2013 Prairie de la Rencontre, \u00e0 Laffrey.<\/strong><\/p>\n<p class=\"p1\" style=\"text-align: justify;\"><span class=\"s2\">Le <\/span><strong>parcours mus\u00e9ographique<\/strong><span class=\"s2\"> proposera au visiteur d\u2019appr\u00e9hender autrement l\u2019histoire de ce personnage important de l\u2019histoire de France, strat\u00e8ge et meneur d\u2019hommes, notamment \u00e0 travers ce que l\u2019on a appel\u00e9 \u00ab le vol de l\u2019Aigle \u00bb, entre l\u2019\u00e9vasion de l\u2019\u00eele d\u2019Elbe et le retour \u00e0 Paris. L\u2019Histoire sera ainsi abord\u00e9e depuis les coulisses de l\u2019\u00e9v\u00e9nement, la rencontre avec les troupes royalistes et leur ralliement \u00e0 l\u2019empereur de retour d\u2019exil.<\/span><\/p>\n<p class=\"p1\" style=\"text-align: justify;\"><span class=\"s2\">En fin de parcours, le visiteur sera invit\u00e9, par un hologramme \u00e0 \u00e9chelle 1, \u00e0 poursuivre la visite en ext\u00e9rieur, dans la prairie historique. <\/span><\/p>\n<p class=\"p1\" style=\"text-align: justify;\"><span class=\"s2\">Ma\u00eetre d&#8217;ouvrage : Communaut\u00e9 de communes la Matheysine<\/span><\/p>\n<p class=\"p1\" style=\"text-align: justify;\"><span class=\"s2\">Ma\u00eetre d\u2019\u0153uvre : <\/span><span class=\"s1\">Groupement La Fabrique Cr\u00e9ative, Coco architecture (mandataire), <\/span><span class=\"s2\">Takt paysage, Betrec, Echologos<\/span><\/p>\n<p><a href=\"http:\/\/www.la-fabrique-creative.fr\/\">http:\/\/www.la-fabrique-creative.fr\/<\/a><\/p>\n<p>Consultez la<strong> <a href=\"http:\/\/www.museumexperts.com\/nos_services\/annuaire\/prestataire\/2399\">Fiche annuaire de la Fabrique Cr\u00e9ative<\/a><\/strong><\/p>\n","protected":false},"excerpt":{"rendered":"La Fabrique Cr\u00e9ative est laur\u00e9ate du concours lanc\u00e9 par la Communaut\u00e9 de communes la Matheysine, pour la cr\u00e9ation du centre d\u2019interpr\u00e9tation Napol\u00e9on \u2013 Prairie de la Rencontre, \u00e0 Laffrey. Le parcours mus\u00e9ographique proposera au visiteur d\u2019appr\u00e9hender autrement l\u2019histoire de ce personnage important de l\u2019histoire de France, strat\u00e8ge et meneur d\u2019hommes, notamment \u00e0 travers ce que&#8230; <br><a class=\"readm\" href=\"https:\/\/www.sitem.fr\/en\/la-fabrique-creative-laureat-du-concours-pour-la-creation-du-centre-dinterpretation-napoleon-a-laffrey\/\">Read more<\/a>","protected":false},"author":2,"featured_media":12148,"comment_status":"open","ping_status":"open","sticky":false,"template":"","format":"standard","meta":{"_acf_changed":false,"footnotes":""},"categories":[1],"tags":[626,624,625,629,44,627,628],"class_list":["post-12062","post","type-post","status-publish","format-standard","has-post-thumbnail","hentry","category-non-classifiee","tag-centre-dinterpretation-napoleon-prairie-de-la-rencontre","tag-communaute-de-communes-la-matheysine","tag-concours","tag-hologramme","tag-la-fabrique-creative","tag-laffrey","tag-parcours-museographique"],"acf":[],"_links":{"self":[{"href":"https:\/\/www.sitem.fr\/en\/wp-json\/wp\/v2\/posts\/12062","targetHints":{"allow":["GET"]}}],"collection":[{"href":"https:\/\/www.sitem.fr\/en\/wp-json\/wp\/v2\/posts"}],"about":[{"href":"https:\/\/www.sitem.fr\/en\/wp-json\/wp\/v2\/types\/post"}],"author":[{"embeddable":true,"href":"https:\/\/www.sitem.fr\/en\/wp-json\/wp\/v2\/users\/2"}],"replies":[{"embeddable":true,"href":"https:\/\/www.sitem.fr\/en\/wp-json\/wp\/v2\/comments?post=12062"}],"version-history":[{"count":15,"href":"https:\/\/www.sitem.fr\/en\/wp-json\/wp\/v2\/posts\/12062\/revisions"}],"predecessor-version":[{"id":12229,"href":"https:\/\/www.sitem.fr\/en\/wp-json\/wp\/v2\/posts\/12062\/revisions\/12229"}],"wp:featuredmedia":[{"embeddable":true,"href":"https:\/\/www.sitem.fr\/en\/wp-json\/wp\/v2\/media\/12148"}],"wp:attachment":[{"href":"https:\/\/www.sitem.fr\/en\/wp-json\/wp\/v2\/media?parent=12062"}],"wp:term":[{"taxonomy":"category","embeddable":true,"href":"https:\/\/www.sitem.fr\/en\/wp-json\/wp\/v2\/categories?post=12062"},{"taxonomy":"post_tag","embeddable":true,"href":"https:\/\/www.sitem.fr\/en\/wp-json\/wp\/v2\/tags?post=12062"}],"curies":[{"name":"wp","href":"https:\/\/api.w.org\/{rel}","templated":true}]}}