{"id":12069,"date":"2019-04-17T12:18:31","date_gmt":"2019-04-17T10:18:31","guid":{"rendered":"https:\/\/www.sitem.fr\/?p=12069"},"modified":"2019-04-18T09:51:04","modified_gmt":"2019-04-18T07:51:04","slug":"scenographie-agence-privee-20-ans-musee-beux-arts-nancy","status":"publish","type":"post","link":"https:\/\/www.sitem.fr\/en\/scenographie-agence-privee-20-ans-musee-beux-arts-nancy\/","title":{"rendered":"Sc\u00e9nographie de l\u2019agence priv\u00e9e pour l&#8217;exposition &#8220;20 ANS ! Les coulisses du Mus\u00e9e des Beaux Arts de Nancy&#8221;"},"content":{"rendered":"<p>Il y a 20 ans, le <strong>mus\u00e9e des Beaux-Arts de Nancy<\/strong> ouvrait \u00e0 nouveau ses portes au public, apr\u00e8s 10 ann\u00e9es de travaux.<\/p>\n<p>Derri\u00e8re les ors rocailles de la fa\u00e7ade b\u00e2tie par Emmanuel H\u00e9r\u00e9 et dans le prolongement de l\u2019ex-tension des fr\u00e8res Andr\u00e9 inaugur\u00e9e \u00e0 l\u2019\u00e8re de l\u2019Art d\u00e9co, l\u2019aile moderne con\u00e7ue par l\u2019agence de Laurent Beaudouin venait enrichir cet \u00e9difice. Doublement des espaces d\u2019exposition, red\u00e9ploiement des collections : le mus\u00e9e inaugurait en m\u00eame temps une nouvelle page de son histoire.<\/p>\n<div id=\"attachment_12039\" style=\"width: 310px\" class=\"wp-caption aligncenter\"><a href=\"https:\/\/www.sitem.fr\/wp-content\/uploads\/2019\/04\/agence-privee-nancy-3.jpg\"><img loading=\"lazy\" decoding=\"async\" aria-describedby=\"caption-attachment-12039\" class=\"size-medium wp-image-12039\" src=\"https:\/\/www.sitem.fr\/wp-content\/uploads\/2019\/04\/agence-privee-nancy-3-300x225.jpg\" alt=\"agence-priv\u00e9e-sc\u00e9nographie-exposition-mus\u00e9e-des-beaux-arts-nancy\" width=\"300\" height=\"225\" srcset=\"https:\/\/www.sitem.fr\/wp-content\/uploads\/2019\/04\/agence-privee-nancy-3-300x225.jpg 300w, https:\/\/www.sitem.fr\/wp-content\/uploads\/2019\/04\/agence-privee-nancy-3-600x449.jpg 600w, https:\/\/www.sitem.fr\/wp-content\/uploads\/2019\/04\/agence-privee-nancy-3-588x440.jpg 588w, https:\/\/www.sitem.fr\/wp-content\/uploads\/2019\/04\/agence-privee-nancy-3-768x575.jpg 768w, https:\/\/www.sitem.fr\/wp-content\/uploads\/2019\/04\/agence-privee-nancy-3-80x60.jpg 80w, https:\/\/www.sitem.fr\/wp-content\/uploads\/2019\/04\/agence-privee-nancy-3.jpg 791w\" sizes=\"auto, (max-width: 300px) 100vw, 300px\" \/><\/a><p id=\"caption-attachment-12039\" class=\"wp-caption-text\">\u00a9 Maxence Mompeu &#8211; l&#8217;agence priv\u00e9e<\/p><\/div>\n<p>La particularit\u00e9 de l&#8217;<strong>exposition &#8220;20 ANS ! Les coulisses du Mus\u00e9e des Beaux Arts de Nancy&#8221;<\/strong>\u00a0cr\u00e9\u00e9e par <strong>l&#8217;agence priv\u00e9e<\/strong> consiste\u00a0notamment dans l\u2019occupation des espaces : un d\u00e9coupage en deux espaces compl\u00e9mentaires, qui se r\u00e9pondent, introduits par une \u201csynth\u00e8se chronologique\u201d, propre \u00e0 favoriser l\u2019immersion de visiteurs dans l\u2019univers qui sera d\u00e9velopp\u00e9 sur la suite du parcours.<\/p>\n<div id=\"attachment_12040\" style=\"width: 310px\" class=\"wp-caption aligncenter\"><a href=\"https:\/\/www.sitem.fr\/wp-content\/uploads\/2019\/04\/visuel-agence-prive\u0301e-Nancy-1.jpg\"><img loading=\"lazy\" decoding=\"async\" aria-describedby=\"caption-attachment-12040\" class=\"size-medium wp-image-12040\" src=\"https:\/\/www.sitem.fr\/wp-content\/uploads\/2019\/04\/visuel-agence-prive\u0301e-Nancy-1-300x225.jpg\" alt=\"agence-priv\u00e9e-sc\u00e9nographie-exposition-mus\u00e9e-des-beaux-arts-nancy\" width=\"300\" height=\"225\" srcset=\"https:\/\/www.sitem.fr\/wp-content\/uploads\/2019\/04\/visuel-agence-prive\u0301e-Nancy-1-300x225.jpg 300w, https:\/\/www.sitem.fr\/wp-content\/uploads\/2019\/04\/visuel-agence-prive\u0301e-Nancy-1-600x449.jpg 600w, https:\/\/www.sitem.fr\/wp-content\/uploads\/2019\/04\/visuel-agence-prive\u0301e-Nancy-1-768x575.jpg 768w, https:\/\/www.sitem.fr\/wp-content\/uploads\/2019\/04\/visuel-agence-prive\u0301e-Nancy-1-80x60.jpg 80w, https:\/\/www.sitem.fr\/wp-content\/uploads\/2019\/04\/visuel-agence-prive\u0301e-Nancy-1.jpg 791w\" sizes=\"auto, (max-width: 300px) 100vw, 300px\" \/><\/a><p id=\"caption-attachment-12040\" class=\"wp-caption-text\">\u00a9 Maxence Mompeu &#8211; l&#8217;agence priv\u00e9e<\/p><\/div>\n<p>Un double enjeu qui m\u00eale surprise et \u00e9merveillement sur le plan esth\u00e9tique et culturel. Le visiteur peut s&#8217;aventurer au sens propre et se rendre disponible pour une nouvelle approche des lieux, un propos r\u00e9-invent\u00e9.<\/p>\n<div id=\"attachment_12038\" style=\"width: 310px\" class=\"wp-caption aligncenter\"><a href=\"https:\/\/www.sitem.fr\/wp-content\/uploads\/2019\/04\/agence-privee-nancy-2.jpg\"><img loading=\"lazy\" decoding=\"async\" aria-describedby=\"caption-attachment-12038\" class=\"size-medium wp-image-12038\" src=\"https:\/\/www.sitem.fr\/wp-content\/uploads\/2019\/04\/agence-privee-nancy-2-300x225.jpg\" alt=\"agence-priv\u00e9e-sc\u00e9nographie-exposition-mus\u00e9e-des-beaux-arts-nancy\" width=\"300\" height=\"225\" srcset=\"https:\/\/www.sitem.fr\/wp-content\/uploads\/2019\/04\/agence-privee-nancy-2-300x225.jpg 300w, https:\/\/www.sitem.fr\/wp-content\/uploads\/2019\/04\/agence-privee-nancy-2-600x449.jpg 600w, https:\/\/www.sitem.fr\/wp-content\/uploads\/2019\/04\/agence-privee-nancy-2-768x575.jpg 768w, https:\/\/www.sitem.fr\/wp-content\/uploads\/2019\/04\/agence-privee-nancy-2-80x60.jpg 80w, https:\/\/www.sitem.fr\/wp-content\/uploads\/2019\/04\/agence-privee-nancy-2.jpg 791w\" sizes=\"auto, (max-width: 300px) 100vw, 300px\" \/><\/a><p id=\"caption-attachment-12038\" class=\"wp-caption-text\">\u00a9 Maxence Mompeu &#8211; l&#8217;agence priv\u00e9e<\/p><\/div>\n<p><a href=\"https:\/\/www.agence-privee.org\/\">https:\/\/www.agence-privee.org\/<\/a><\/p>\n<p>Consultez la<strong> <a href=\"http:\/\/www.museumexperts.com\/nos_services\/annuaire\/prestataire\/4341\">Fiche annuaire de l&#8217;agence priv\u00e9e<\/a><\/strong><\/p>\n","protected":false},"excerpt":{"rendered":"Il y a 20 ans, le mus\u00e9e des Beaux-Arts de Nancy ouvrait \u00e0 nouveau ses portes au public, apr\u00e8s 10 ann\u00e9es de travaux. Derri\u00e8re les ors rocailles de la fa\u00e7ade b\u00e2tie par Emmanuel H\u00e9r\u00e9 et dans le prolongement de l\u2019ex-tension des fr\u00e8res Andr\u00e9 inaugur\u00e9e \u00e0 l\u2019\u00e8re de l\u2019Art d\u00e9co, l\u2019aile moderne con\u00e7ue par l\u2019agence de&#8230; <br><a class=\"readm\" href=\"https:\/\/www.sitem.fr\/en\/scenographie-agence-privee-20-ans-musee-beux-arts-nancy\/\">Read more<\/a>","protected":false},"author":2,"featured_media":12039,"comment_status":"open","ping_status":"open","sticky":false,"template":"","format":"standard","meta":{"_acf_changed":false,"footnotes":""},"categories":[1],"tags":[633,53,634,630,631,632],"class_list":["post-12069","post","type-post","status-publish","format-standard","has-post-thumbnail","hentry","category-non-classifiee","tag-collections","tag-exposition","tag-immersion","tag-lagence-privee","tag-musee-des-beaux-arts-de-nancy","tag-scenographie"],"acf":[],"_links":{"self":[{"href":"https:\/\/www.sitem.fr\/en\/wp-json\/wp\/v2\/posts\/12069","targetHints":{"allow":["GET"]}}],"collection":[{"href":"https:\/\/www.sitem.fr\/en\/wp-json\/wp\/v2\/posts"}],"about":[{"href":"https:\/\/www.sitem.fr\/en\/wp-json\/wp\/v2\/types\/post"}],"author":[{"embeddable":true,"href":"https:\/\/www.sitem.fr\/en\/wp-json\/wp\/v2\/users\/2"}],"replies":[{"embeddable":true,"href":"https:\/\/www.sitem.fr\/en\/wp-json\/wp\/v2\/comments?post=12069"}],"version-history":[{"count":5,"href":"https:\/\/www.sitem.fr\/en\/wp-json\/wp\/v2\/posts\/12069\/revisions"}],"predecessor-version":[{"id":12176,"href":"https:\/\/www.sitem.fr\/en\/wp-json\/wp\/v2\/posts\/12069\/revisions\/12176"}],"wp:featuredmedia":[{"embeddable":true,"href":"https:\/\/www.sitem.fr\/en\/wp-json\/wp\/v2\/media\/12039"}],"wp:attachment":[{"href":"https:\/\/www.sitem.fr\/en\/wp-json\/wp\/v2\/media?parent=12069"}],"wp:term":[{"taxonomy":"category","embeddable":true,"href":"https:\/\/www.sitem.fr\/en\/wp-json\/wp\/v2\/categories?post=12069"},{"taxonomy":"post_tag","embeddable":true,"href":"https:\/\/www.sitem.fr\/en\/wp-json\/wp\/v2\/tags?post=12069"}],"curies":[{"name":"wp","href":"https:\/\/api.w.org\/{rel}","templated":true}]}}