{"id":12091,"date":"2019-04-17T10:57:56","date_gmt":"2019-04-17T08:57:56","guid":{"rendered":"https:\/\/www.sitem.fr\/?p=12091"},"modified":"2019-04-18T10:15:06","modified_gmt":"2019-04-18T08:15:06","slug":"le-logiciel-flora-musees-accompagne-la-fondation-le-corbusier","status":"publish","type":"post","link":"https:\/\/www.sitem.fr\/en\/le-logiciel-flora-musees-accompagne-la-fondation-le-corbusier\/","title":{"rendered":"Le logiciel Flora Mus\u00e9es accompagne la Fondation Le Corbusier"},"content":{"rendered":"<p><strong>Le Corbusier<\/strong> a con\u00e7u et mis en \u0153uvre de son vivant le projet d\u2019une <strong>fondation<\/strong> d\u00e9di\u00e9e \u00e0 la m\u00e9moire de son travail. Cr\u00e9\u00e9e en 1963, elle a pour but de \u00ab\u00a0<em>pr\u00e9parer la constitution d&#8217;un \u00e9tablissement reconnu d&#8217;utilit\u00e9 publique<\/em> [\u2026], <em>de rassembler, de conserver et de mettre en valeur au profit de la collectivit\u00e9 les divers \u00e9l\u00e9ments de l&#8217;\u0153uvre [\u2026] qui lui sont confi\u00e9s et d&#8217;ici la cr\u00e9ation de cette fondation, d&#8217;en tenir lieu pour l&#8217;accomplissement de ses missions\u00a0\u00bb<\/em><\/p>\n<p><strong>La Fondation<\/strong> fait appel \u00e0 <strong>Decalog<\/strong> pour l\u2019informatisation et la publication sur Internet de son patrimoine\u00a0: les biens, les fonds d&#8217;archives ou documentaires et m\u00eame architecturaux. En effet, l\u2019\u0153uvre architecturale de Le Corbusier a \u00e9t\u00e9 inscrite en 2016 par l\u2019UNESCO au patrimoine mondial de l\u2019Humanit\u00e9. Le respect du droit moral de cette \u0153uvre est au c\u0153ur des missions de la Fondation.<\/p>\n<p><strong>Decalog<\/strong>, avec l\u2019<strong>application Flora<\/strong>, a la possibilit\u00e9 d\u2019accompagner pleinement la <strong>Fondation Le Corbusier<\/strong> au c\u0153ur de son projet.<\/p>\n<div id=\"attachment_11986\" style=\"width: 389px\" class=\"wp-caption aligncenter\"><a href=\"https:\/\/www.sitem.fr\/wp-content\/uploads\/2019\/04\/Le_Corbusier.jpg\"><img loading=\"lazy\" decoding=\"async\" aria-describedby=\"caption-attachment-11986\" class=\" wp-image-11986\" src=\"https:\/\/www.sitem.fr\/wp-content\/uploads\/2019\/04\/Le_Corbusier-280x300.jpg\" alt=\"decalog-fondation-le-corbusier-logiciel-flora\" width=\"379\" height=\"406\" srcset=\"https:\/\/www.sitem.fr\/wp-content\/uploads\/2019\/04\/Le_Corbusier-280x300.jpg 280w, https:\/\/www.sitem.fr\/wp-content\/uploads\/2019\/04\/Le_Corbusier-600x644.jpg 600w, https:\/\/www.sitem.fr\/wp-content\/uploads\/2019\/04\/Le_Corbusier-410x440.jpg 410w, https:\/\/www.sitem.fr\/wp-content\/uploads\/2019\/04\/Le_Corbusier-768x824.jpg 768w, https:\/\/www.sitem.fr\/wp-content\/uploads\/2019\/04\/Le_Corbusier.jpg 800w\" sizes=\"auto, (max-width: 379px) 100vw, 379px\" \/><\/a><p id=\"caption-attachment-11986\" class=\"wp-caption-text\">\u00a9 Alexander Coles &#8211; Pixabay<\/p><\/div>\n<p>Plus d&#8217;informations sur : <a href=\"http:\/\/www.decalog.net\/fr\/flora-musees\/\">http:\/\/www.decalog.net\/fr\/flora-musees\/<\/a><\/p>\n<p>Consultez la <strong><a href=\"http:\/\/www.museumexperts.com\/nos_services\/annuaire\/prestataire\/4671\">Fiche annuaire de Decalog<\/a><\/strong><\/p>\n","protected":false},"excerpt":{"rendered":"Le Corbusier a con\u00e7u et mis en \u0153uvre de son vivant le projet d\u2019une fondation d\u00e9di\u00e9e \u00e0 la m\u00e9moire de son travail. Cr\u00e9\u00e9e en 1963, elle a pour but de \u00ab\u00a0pr\u00e9parer la constitution d&#8217;un \u00e9tablissement reconnu d&#8217;utilit\u00e9 publique [\u2026], de rassembler, de conserver et de mettre en valeur au profit de la collectivit\u00e9 les divers&#8230; <br><a class=\"readm\" href=\"https:\/\/www.sitem.fr\/en\/le-logiciel-flora-musees-accompagne-la-fondation-le-corbusier\/\">Read more<\/a>","protected":false},"author":2,"featured_media":11986,"comment_status":"open","ping_status":"open","sticky":false,"template":"","format":"standard","meta":{"_acf_changed":false,"footnotes":""},"categories":[147],"tags":[647,459,648,167,649],"class_list":["post-12091","post","type-post","status-publish","format-standard","has-post-thumbnail","hentry","category-gestion-informatisee-des-collections-2","tag-application-flora","tag-decalog","tag-fondation-le-corbusier","tag-le-corbusier","tag-logiciel"],"acf":[],"_links":{"self":[{"href":"https:\/\/www.sitem.fr\/en\/wp-json\/wp\/v2\/posts\/12091","targetHints":{"allow":["GET"]}}],"collection":[{"href":"https:\/\/www.sitem.fr\/en\/wp-json\/wp\/v2\/posts"}],"about":[{"href":"https:\/\/www.sitem.fr\/en\/wp-json\/wp\/v2\/types\/post"}],"author":[{"embeddable":true,"href":"https:\/\/www.sitem.fr\/en\/wp-json\/wp\/v2\/users\/2"}],"replies":[{"embeddable":true,"href":"https:\/\/www.sitem.fr\/en\/wp-json\/wp\/v2\/comments?post=12091"}],"version-history":[{"count":4,"href":"https:\/\/www.sitem.fr\/en\/wp-json\/wp\/v2\/posts\/12091\/revisions"}],"predecessor-version":[{"id":12197,"href":"https:\/\/www.sitem.fr\/en\/wp-json\/wp\/v2\/posts\/12091\/revisions\/12197"}],"wp:featuredmedia":[{"embeddable":true,"href":"https:\/\/www.sitem.fr\/en\/wp-json\/wp\/v2\/media\/11986"}],"wp:attachment":[{"href":"https:\/\/www.sitem.fr\/en\/wp-json\/wp\/v2\/media?parent=12091"}],"wp:term":[{"taxonomy":"category","embeddable":true,"href":"https:\/\/www.sitem.fr\/en\/wp-json\/wp\/v2\/categories?post=12091"},{"taxonomy":"post_tag","embeddable":true,"href":"https:\/\/www.sitem.fr\/en\/wp-json\/wp\/v2\/tags?post=12091"}],"curies":[{"name":"wp","href":"https:\/\/api.w.org\/{rel}","templated":true}]}}