{"id":12093,"date":"2019-04-17T12:34:24","date_gmt":"2019-04-17T10:34:24","guid":{"rendered":"https:\/\/www.sitem.fr\/?p=12093"},"modified":"2019-04-17T17:49:44","modified_gmt":"2019-04-17T15:49:44","slug":"formation-du-musee-et-du-museum-de-grenoble-dans-la-conception-de-projets-numeriques","status":"publish","type":"post","link":"https:\/\/www.sitem.fr\/en\/formation-du-musee-et-du-museum-de-grenoble-dans-la-conception-de-projets-numeriques\/","title":{"rendered":"{CORRESPONDANCES DIGITALES] : Formation du mus\u00e9e et du mus\u00e9um de Grenoble dans la conception de projets num\u00e9riques"},"content":{"rendered":"<p>Int\u00e9gr\u00e9e \u00e0 un cycle de formations sur le num\u00e9rique dispens\u00e9es depuis l&#8217;ann\u00e9e derni\u00e8re, cette s\u00e9quence d&#8217;ateliers sur 4 jours a permis aux \u00e9quipes du <strong>mus\u00e9e et du mus\u00e9um de Grenoble<\/strong> de travailler avec <strong>{CORRESPONDANCES DIGITALES]<\/strong>, \u00e0 l&#8217;aide de m\u00e9thodologies innovantes, \u00e0 la d\u00e9finition de nouveaux projets de <strong>m\u00e9diation<\/strong>. Ces projets seront mis en \u0153uvre dans les prochains mois.<\/p>\n<div id=\"attachment_11985\" style=\"width: 501px\" class=\"wp-caption aligncenter\"><a href=\"https:\/\/www.sitem.fr\/wp-content\/uploads\/2019\/04\/20190305_125235-e1554980883969.jpg\"><img loading=\"lazy\" decoding=\"async\" aria-describedby=\"caption-attachment-11985\" class=\" wp-image-11985\" src=\"https:\/\/www.sitem.fr\/wp-content\/uploads\/2019\/04\/20190305_125235-e1554980883969-225x300.jpg\" alt=\"correspondances-digitales-formation-mus\u00e9e-mus\u00e9um-Grenoble\" width=\"491\" height=\"650\" \/><\/a><p id=\"caption-attachment-11985\" class=\"wp-caption-text\">\u00a9 {CORRESPONDANCES DIGITALES]<\/p><\/div>\n<p><a href=\"http:\/\/www.correspondances.co\">www.correspondances.co<\/a><\/p>\n<p>Consultez la <strong><a href=\"http:\/\/www.museumexperts.com\/nos_services\/annuaire\/prestataire\/5054\">Fiche annuaire de\u00a0{CORRESPONDANCES DIGITALES]\u00a0<\/a><\/strong><\/p>\n","protected":false},"excerpt":{"rendered":"Int\u00e9gr\u00e9e \u00e0 un cycle de formations sur le num\u00e9rique dispens\u00e9es depuis l&#8217;ann\u00e9e derni\u00e8re, cette s\u00e9quence d&#8217;ateliers sur 4 jours a permis aux \u00e9quipes du mus\u00e9e et du mus\u00e9um de Grenoble de travailler avec {CORRESPONDANCES DIGITALES], \u00e0 l&#8217;aide de m\u00e9thodologies innovantes, \u00e0 la d\u00e9finition de nouveaux projets de m\u00e9diation. Ces projets seront mis en \u0153uvre dans&#8230; <br><a class=\"readm\" href=\"https:\/\/www.sitem.fr\/en\/formation-du-musee-et-du-museum-de-grenoble-dans-la-conception-de-projets-numeriques\/\">Read more<\/a>","protected":false},"author":2,"featured_media":11985,"comment_status":"open","ping_status":"open","sticky":false,"template":"","format":"standard","meta":{"_acf_changed":false,"footnotes":""},"categories":[1],"tags":[561,667,6,568,668],"class_list":["post-12093","post","type-post","status-publish","format-standard","has-post-thumbnail","hentry","category-non-classifiee","tag-correspondances-digitales","tag-conception-de-projets-numeriques","tag-mediation-culturelle-numerique","tag-musee-de-grenoble","tag-museum-de-grenoble"],"acf":[],"_links":{"self":[{"href":"https:\/\/www.sitem.fr\/en\/wp-json\/wp\/v2\/posts\/12093","targetHints":{"allow":["GET"]}}],"collection":[{"href":"https:\/\/www.sitem.fr\/en\/wp-json\/wp\/v2\/posts"}],"about":[{"href":"https:\/\/www.sitem.fr\/en\/wp-json\/wp\/v2\/types\/post"}],"author":[{"embeddable":true,"href":"https:\/\/www.sitem.fr\/en\/wp-json\/wp\/v2\/users\/2"}],"replies":[{"embeddable":true,"href":"https:\/\/www.sitem.fr\/en\/wp-json\/wp\/v2\/comments?post=12093"}],"version-history":[{"count":5,"href":"https:\/\/www.sitem.fr\/en\/wp-json\/wp\/v2\/posts\/12093\/revisions"}],"predecessor-version":[{"id":12174,"href":"https:\/\/www.sitem.fr\/en\/wp-json\/wp\/v2\/posts\/12093\/revisions\/12174"}],"wp:featuredmedia":[{"embeddable":true,"href":"https:\/\/www.sitem.fr\/en\/wp-json\/wp\/v2\/media\/11985"}],"wp:attachment":[{"href":"https:\/\/www.sitem.fr\/en\/wp-json\/wp\/v2\/media?parent=12093"}],"wp:term":[{"taxonomy":"category","embeddable":true,"href":"https:\/\/www.sitem.fr\/en\/wp-json\/wp\/v2\/categories?post=12093"},{"taxonomy":"post_tag","embeddable":true,"href":"https:\/\/www.sitem.fr\/en\/wp-json\/wp\/v2\/tags?post=12093"}],"curies":[{"name":"wp","href":"https:\/\/api.w.org\/{rel}","templated":true}]}}