{"id":12276,"date":"2019-05-15T12:07:00","date_gmt":"2019-05-15T10:07:00","guid":{"rendered":"https:\/\/www.sitem.fr\/?p=12276"},"modified":"2019-05-21T11:27:43","modified_gmt":"2019-05-21T09:27:43","slug":"mba-france-equipe-lexposition-temporaire-bling-bling-au-museoparc-alesia","status":"publish","type":"post","link":"https:\/\/www.sitem.fr\/en\/mba-france-equipe-lexposition-temporaire-bling-bling-au-museoparc-alesia\/","title":{"rendered":"MBA France livre ses cloisons Mila-wall pour l\u2019exposition temporaire \u00ab Bling-Bling ! \u00bb au Mus\u00e9oparc Al\u00e9sia"},"content":{"rendered":"<p><strong>L\u2019histoire du site du Mus\u00e9oparc Al\u00e9sia<\/strong><\/p>\n<p>La localisation de la bataille d\u2019Al\u00e9sia a longtemps fait d\u00e9bat. Au XIXe si\u00e8cle, sous l\u2019impulsion de Napol\u00e9on III, des fouilles colossales sont men\u00e9es de 1861 \u00e0 1865 \u00e0 Alise-Sainte-Reine. Bien qu\u2019elles permettent de mettre au jour de tr\u00e8s nombreux vestiges (une grande quantit\u00e9 d\u2019armes, de monnaies gauloises et romaines et d\u2019objets militaires), ces importantes d\u00e9couvertes ne mettent pas fin aux d\u00e9bats. De nouvelles preuves sont apport\u00e9es dans les ann\u00e9es 1990 par une \u00e9quipe franco-allemande. La communaut\u00e9 scientifique fran\u00e7aise et internationale consid\u00e8re d\u00e9sormais Alise-Sainte-Reine comme le lieu historique de la bataille. Le <strong>Mus\u00e9oParc Al\u00e9sia<\/strong> s\u2019est ainsi install\u00e9 \u00e0 cet emplacement.<\/p>\n<p><strong>Le Mus\u00e9oParc <\/strong><\/p>\n<p>Con\u00e7u pour faire m\u00e9moire de ce qu\u2019il s\u2019est r\u00e9ellement pass\u00e9 \u00e0 Al\u00e9sia, il est articul\u00e9 autour de trois sites\u00a0:<\/p>\n<ul>\n<li>le Centre d\u2019interpr\u00e9tation, qui pr\u00e9sente le contexte, le d\u00e9roulement et les cons\u00e9quences de la bataille d\u2019Al\u00e9sia pour les Gaulois et pour les Romains<\/li>\n<li>les vestiges de la ville gallo-romaine d\u2019Al\u00e9sia<\/li>\n<li>la statue de Vercing\u00e9torix \u00e9rig\u00e9e par Napol\u00e9on III.<\/li>\n<\/ul>\n<p><strong>L\u2019exposition temporaire &#8220;Bling-Bling&#8221; &#8211; En ce moment et jusqu&#8217;au 22 septembre<\/strong><\/p>\n<p>Ce n\u2019est que r\u00e9cemment que l\u2019artisanat du verre gaulois a attir\u00e9 l\u2019attention des arch\u00e9ologues. L\u2019exposition <strong>&#8220;<em>Bling-Bling !&#8221;<\/em><\/strong>\u00a0pr\u00e9sent\u00e9e au <strong>Mus\u00e9oParc Al\u00e9sia<\/strong> est ainsi la toute premi\u00e8re exposition consacr\u00e9e \u00e0 ce sujet. Elle d\u00e9voile l\u2019histoire des bracelets en verre, depuis les sables \u00e9gyptiens jusqu\u2019aux ateliers de verriers celtes, des poignets des Gaulois aux actuels verriers du Nigeria. En questionnant le rapport des Gaulois avec leurs bijoux en verre, l\u2019exposition invite \u00e9galement \u00e0 s\u2019interroger sur nos propres fa\u00e7ons de nous parer\u2026<\/p>\n<div id=\"attachment_12242\" style=\"width: 1034px\" class=\"wp-caption alignright\"><a href=\"https:\/\/www.sitem.fr\/wp-content\/uploads\/2019\/05\/20190506_162959-2-e1557847365651.jpg\"><img loading=\"lazy\" decoding=\"async\" aria-describedby=\"caption-attachment-12242\" class=\"size-large wp-image-12242\" src=\"https:\/\/www.sitem.fr\/wp-content\/uploads\/2019\/05\/20190506_162959-2-e1557847365651-1024x576.jpg\" alt=\"MBA-cloisons-Mila-wall-exposition-Bling-Bling-Mus\u00e9oParc-Al\u00e9sia\" width=\"1024\" height=\"576\" srcset=\"https:\/\/www.sitem.fr\/wp-content\/uploads\/2019\/05\/20190506_162959-2-e1557847365651-1024x576.jpg 1024w, https:\/\/www.sitem.fr\/wp-content\/uploads\/2019\/05\/20190506_162959-2-e1557847365651-scaled-600x338.jpg 600w, https:\/\/www.sitem.fr\/wp-content\/uploads\/2019\/05\/20190506_162959-2-e1557847365651-680x383.jpg 680w, https:\/\/www.sitem.fr\/wp-content\/uploads\/2019\/05\/20190506_162959-2-e1557847365651-768x432.jpg 768w, https:\/\/www.sitem.fr\/wp-content\/uploads\/2019\/05\/20190506_162959-2-e1557847365651-1536x864.jpg 1536w, https:\/\/www.sitem.fr\/wp-content\/uploads\/2019\/05\/20190506_162959-2-e1557847365651-2048x1152.jpg 2048w, https:\/\/www.sitem.fr\/wp-content\/uploads\/2019\/05\/20190506_162959-2-e1557847365651-300x169.jpg 300w\" sizes=\"auto, (max-width: 1024px) 100vw, 1024px\" \/><\/a><p id=\"caption-attachment-12242\" class=\"wp-caption-text\">\u00a9 M. Goldscheider<\/p><\/div>\n<p>&nbsp;<\/p>\n<p>&nbsp;<\/p>\n<p>&nbsp;<\/p>\n<p>&nbsp;<\/p>\n<p>A cette occasion, <strong>MBA France<\/strong> a livr\u00e9 40 de ses <strong>cloisons Mila-wall<\/strong> s\u00e9rie 100 de 3 m de haut dot\u00e9es d\u2019un cadre en aluminium pour une durabilit\u00e9 sans pr\u00e9c\u00e9dent.<\/p>\n<div id=\"attachment_12243\" style=\"width: 1034px\" class=\"wp-caption alignright\"><a href=\"https:\/\/www.sitem.fr\/wp-content\/uploads\/2019\/05\/20190506_163044-2-e1557847343150.jpg\"><img loading=\"lazy\" decoding=\"async\" aria-describedby=\"caption-attachment-12243\" class=\"size-large wp-image-12243\" src=\"https:\/\/www.sitem.fr\/wp-content\/uploads\/2019\/05\/20190506_163044-2-e1557847343150-1024x576.jpg\" alt=\"MBA-cloisons-Mila-wall-exposition-Bling-Bling-Mus\u00e9oParc-Al\u00e9sia\" width=\"1024\" height=\"576\" srcset=\"https:\/\/www.sitem.fr\/wp-content\/uploads\/2019\/05\/20190506_163044-2-e1557847343150-1024x576.jpg 1024w, https:\/\/www.sitem.fr\/wp-content\/uploads\/2019\/05\/20190506_163044-2-e1557847343150-600x338.jpg 600w, https:\/\/www.sitem.fr\/wp-content\/uploads\/2019\/05\/20190506_163044-2-e1557847343150-300x169.jpg 300w, https:\/\/www.sitem.fr\/wp-content\/uploads\/2019\/05\/20190506_163044-2-e1557847343150-768x432.jpg 768w\" sizes=\"auto, (max-width: 1024px) 100vw, 1024px\" \/><\/a><p id=\"caption-attachment-12243\" class=\"wp-caption-text\">\u00a9 M. Goldscheider<\/p><\/div>\n<p>En savoir davantage : <a href=\"http:\/\/www.mba-france.fr\/cloisons\/mila-wall\/p1\/?osCsid=a37038fb6ea89e428dac9cc1ba2e44e9\">http:\/\/www.mba-france.fr\/cloisons\/mila-wall\/p1\/?osCsid=a37038fb6ea89e428dac9cc1ba2e44e9<\/a><\/p>\n<p><a href=\"http:\/\/www.mba-france.fr\">http:\/\/www.mba-france.fr<\/a><\/p>\n<p><strong>Consultez la <a href=\"http:\/\/www.museumexperts.com\/nos_services\/annuaire\/prestataire\/1442\">Fiche annuaire de MBA France\u00a0<\/a><\/strong><\/p>\n","protected":false},"excerpt":{"rendered":"L\u2019histoire du site du Mus\u00e9oparc Al\u00e9sia La localisation de la bataille d\u2019Al\u00e9sia a longtemps fait d\u00e9bat. Au XIXe si\u00e8cle, sous l\u2019impulsion de Napol\u00e9on III, des fouilles colossales sont men\u00e9es de 1861 \u00e0 1865 \u00e0 Alise-Sainte-Reine. Bien qu\u2019elles permettent de mettre au jour de tr\u00e8s nombreux vestiges (une grande quantit\u00e9 d\u2019armes, de monnaies gauloises et romaines&#8230; <br><a class=\"readm\" href=\"https:\/\/www.sitem.fr\/en\/mba-france-equipe-lexposition-temporaire-bling-bling-au-museoparc-alesia\/\">Read more<\/a>","protected":false},"author":2,"featured_media":12242,"comment_status":"open","ping_status":"open","sticky":false,"template":"","format":"standard","meta":{"_acf_changed":false,"footnotes":""},"categories":[139],"tags":[619,53,14,362],"class_list":["post-12276","post","type-post","status-publish","format-standard","has-post-thumbnail","hentry","category-cloisons","tag-cloisons-mila-wall","tag-exposition","tag-mba-france","tag-museoparc-alesia"],"acf":[],"_links":{"self":[{"href":"https:\/\/www.sitem.fr\/en\/wp-json\/wp\/v2\/posts\/12276","targetHints":{"allow":["GET"]}}],"collection":[{"href":"https:\/\/www.sitem.fr\/en\/wp-json\/wp\/v2\/posts"}],"about":[{"href":"https:\/\/www.sitem.fr\/en\/wp-json\/wp\/v2\/types\/post"}],"author":[{"embeddable":true,"href":"https:\/\/www.sitem.fr\/en\/wp-json\/wp\/v2\/users\/2"}],"replies":[{"embeddable":true,"href":"https:\/\/www.sitem.fr\/en\/wp-json\/wp\/v2\/comments?post=12276"}],"version-history":[{"count":9,"href":"https:\/\/www.sitem.fr\/en\/wp-json\/wp\/v2\/posts\/12276\/revisions"}],"predecessor-version":[{"id":12332,"href":"https:\/\/www.sitem.fr\/en\/wp-json\/wp\/v2\/posts\/12276\/revisions\/12332"}],"wp:featuredmedia":[{"embeddable":true,"href":"https:\/\/www.sitem.fr\/en\/wp-json\/wp\/v2\/media\/12242"}],"wp:attachment":[{"href":"https:\/\/www.sitem.fr\/en\/wp-json\/wp\/v2\/media?parent=12276"}],"wp:term":[{"taxonomy":"category","embeddable":true,"href":"https:\/\/www.sitem.fr\/en\/wp-json\/wp\/v2\/categories?post=12276"},{"taxonomy":"post_tag","embeddable":true,"href":"https:\/\/www.sitem.fr\/en\/wp-json\/wp\/v2\/tags?post=12276"}],"curies":[{"name":"wp","href":"https:\/\/api.w.org\/{rel}","templated":true}]}}