{"id":12283,"date":"2019-05-15T12:21:19","date_gmt":"2019-05-15T10:21:19","guid":{"rendered":"https:\/\/www.sitem.fr\/?p=12283"},"modified":"2019-05-15T15:59:55","modified_gmt":"2019-05-15T13:59:55","slug":"conception-et-realisation-par-goppion-de-la-vitrine-du-carton-de-lecole-dathenes-de-raphael-pour-la-bibliotheque-ambrosienne-de-milan","status":"publish","type":"post","link":"https:\/\/www.sitem.fr\/en\/conception-et-realisation-par-goppion-de-la-vitrine-du-carton-de-lecole-dathenes-de-raphael-pour-la-bibliotheque-ambrosienne-de-milan\/","title":{"rendered":"Conception et r\u00e9alisation par Goppion de la vitrine du Carton de &#8220;L&#8217;\u00c9cole d&#8217;Ath\u00e8nes&#8221; de Rapha\u00ebl pour la Biblioth\u00e8que Ambrosienne de Milan"},"content":{"rendered":"<p>Il s&#8217;agit de la plus grande <strong>vitrine<\/strong> \u00e0 une seule porte existant au monde. Ce syst\u00e8me d&#8217;exposition a \u00e9t\u00e9 r\u00e9alis\u00e9 en exclusivit\u00e9 par <strong>Goppion<\/strong> pour le <strong>Carton de <em>L&#8217;\u00c9cole d&#8217;Ath\u00e8nes<\/em> de Rapha\u00ebl<\/strong> qui se trouve \u00e0 la <strong>Biblioth\u00e8que Ambrosienne de Milan<\/strong>. Ses dimensions d\u00e9passent celles des plus grandes vitrines con\u00e7ues par Goppion auparavant\u00a0; citons, par exemple, celle du tapis d&#8217;Ardabil r\u00e9alis\u00e9e pour le Victoria &amp; Albert Museum de Londres et les deux autres cr\u00e9\u00e9es tout sp\u00e9cialement pour <em>Victoria 1<\/em> et <em>Victoria 2<\/em>, deux peintures de Gerhard Richter qui ornent le si\u00e8ge de la soci\u00e9t\u00e9 ERGO Versicherungsgruppe de D\u00fcsseldorf.<\/p>\n<p>Con\u00e7ue par l&#8217;architecte <strong>Stefano Boeri<\/strong>, cette vitrine est une r\u00e9alisation exp\u00e9rimentale, unique en son genre. La mise au point de son ing\u00e9nierie et sa production ont demand\u00e9 une longue s\u00e9rie d&#8217;essais qui ont entra\u00een\u00e9 des modifications structurelles et fonctionnelles.<\/p>\n<div id=\"attachment_12253\" style=\"width: 1034px\" class=\"wp-caption alignright\"><a href=\"https:\/\/www.sitem.fr\/wp-content\/uploads\/2019\/05\/TRE-Raffaello_Ambrosiana_Sala5_StefanoBoeriArchitetti_2019_ph.PaoloRosselli_DSC2416-1068x712.jpg\"><img loading=\"lazy\" decoding=\"async\" aria-describedby=\"caption-attachment-12253\" class=\"size-large wp-image-12253\" src=\"https:\/\/www.sitem.fr\/wp-content\/uploads\/2019\/05\/TRE-Raffaello_Ambrosiana_Sala5_StefanoBoeriArchitetti_2019_ph.PaoloRosselli_DSC2416-1068x712-1024x683.jpg\" alt=\"Goppion-vitrine-Rapha\u00ebl-biblioth\u00e8que-ambrosienne-Milan\" width=\"1024\" height=\"683\" srcset=\"https:\/\/www.sitem.fr\/wp-content\/uploads\/2019\/05\/TRE-Raffaello_Ambrosiana_Sala5_StefanoBoeriArchitetti_2019_ph.PaoloRosselli_DSC2416-1068x712-1024x683.jpg 1024w, https:\/\/www.sitem.fr\/wp-content\/uploads\/2019\/05\/TRE-Raffaello_Ambrosiana_Sala5_StefanoBoeriArchitetti_2019_ph.PaoloRosselli_DSC2416-1068x712-600x400.jpg 600w, https:\/\/www.sitem.fr\/wp-content\/uploads\/2019\/05\/TRE-Raffaello_Ambrosiana_Sala5_StefanoBoeriArchitetti_2019_ph.PaoloRosselli_DSC2416-1068x712-300x200.jpg 300w, https:\/\/www.sitem.fr\/wp-content\/uploads\/2019\/05\/TRE-Raffaello_Ambrosiana_Sala5_StefanoBoeriArchitetti_2019_ph.PaoloRosselli_DSC2416-1068x712-768x512.jpg 768w, https:\/\/www.sitem.fr\/wp-content\/uploads\/2019\/05\/TRE-Raffaello_Ambrosiana_Sala5_StefanoBoeriArchitetti_2019_ph.PaoloRosselli_DSC2416-1068x712.jpg 1068w\" sizes=\"auto, (max-width: 1024px) 100vw, 1024px\" \/><\/a><p id=\"caption-attachment-12253\" class=\"wp-caption-text\">\u00a9 Paolo Rosselli<\/p><\/div>\n<p>Des ing\u00e9nieurs des structures, d&#8217;autres en m\u00e9canique et des experts en cin\u00e9matique ont \u00e9t\u00e9 interpell\u00e9s pour r\u00e9soudre quelques probl\u00e8mes sp\u00e9cifiques pos\u00e9s par l&#8217;\u00e2ge du b\u00e2timent qui abrite la <strong>Biblioth\u00e8que Ambrosienne<\/strong>. Par exemple, le sol de la salle o\u00f9 l\u2019\u0153uvre est expos\u00e9e a une port\u00e9e tr\u00e8s limit\u00e9e\u00a0; sa plan\u00e9it\u00e9 est loin d&#8217;\u00eatre parfaite et d&#8217;\u00e9ventuelles flexions doivent \u00eatre r\u00e9duites au maximum pour que les syst\u00e8mes d&#8217;ouverture de la vitrine puissent fonctionner avec la pr\u00e9cision n\u00e9cessaire.<\/p>\n<p><strong>Goppion<\/strong> a utilis\u00e9 les solutions technologiques les plus modernes pour satisfaire les exigences de &#8220;<em>l\u2019exhibition designer<\/em>&#8221; avec la mise au point d&#8217;un syst\u00e8me d&#8217;amortissement hydraulique permettant de compenser les irr\u00e9gularit\u00e9s et les flexions du sol.<\/p>\n<div id=\"attachment_12252\" style=\"width: 1034px\" class=\"wp-caption alignright\"><a href=\"https:\/\/www.sitem.fr\/wp-content\/uploads\/2019\/05\/IMG_5946-002.jpg\"><img loading=\"lazy\" decoding=\"async\" aria-describedby=\"caption-attachment-12252\" class=\"size-large wp-image-12252\" src=\"https:\/\/www.sitem.fr\/wp-content\/uploads\/2019\/05\/IMG_5946-002-1024x769.jpg\" alt=\"Goppion-vitrine-Rapha\u00ebl-biblioth\u00e8que-ambrosienne-Milan\" width=\"1024\" height=\"769\" srcset=\"https:\/\/www.sitem.fr\/wp-content\/uploads\/2019\/05\/IMG_5946-002-1024x769.jpg 1024w, https:\/\/www.sitem.fr\/wp-content\/uploads\/2019\/05\/IMG_5946-002-scaled-600x450.jpg 600w, https:\/\/www.sitem.fr\/wp-content\/uploads\/2019\/05\/IMG_5946-002-586x440.jpg 586w, https:\/\/www.sitem.fr\/wp-content\/uploads\/2019\/05\/IMG_5946-002-768x576.jpg 768w, https:\/\/www.sitem.fr\/wp-content\/uploads\/2019\/05\/IMG_5946-002-1536x1153.jpg 1536w, https:\/\/www.sitem.fr\/wp-content\/uploads\/2019\/05\/IMG_5946-002-2048x1537.jpg 2048w, https:\/\/www.sitem.fr\/wp-content\/uploads\/2019\/05\/IMG_5946-002-300x225.jpg 300w, https:\/\/www.sitem.fr\/wp-content\/uploads\/2019\/05\/IMG_5946-002-80x60.jpg 80w\" sizes=\"auto, (max-width: 1024px) 100vw, 1024px\" \/><\/a><p id=\"caption-attachment-12252\" class=\"wp-caption-text\">\u00a9 Goppion<\/p><\/div>\n<p>Un autre d\u00e9fi majeur \u00e9tait les dimensions inhabituelles de la porte, une g\u00e9om\u00e9trie d\u00e9favorable entra\u00eenant l&#8217;augmentation des charges effectives. La technique choisie pour r\u00e9soudre le probl\u00e8me a \u00e9t\u00e9 d&#8217;utiliser une seule plaque en verre lamin\u00e9, une primeur en la mati\u00e8re vu ses dimensions. Des moyens exceptionnels ont \u00e9t\u00e9 mis en \u0153uvre d\u00e8s son d\u00e9part de l&#8217;usine pout la transporter, la soulever, puis la poser directement \u00e0 l&#8217;int\u00e9rieur de la salle apr\u00e8s avoir pratiqu\u00e9 un trou dans le mur pour la faire passer. Pour garantir la mise en s\u00e9curit\u00e9 de l\u2019\u0153uvre, le ch\u00e2ssis de support \u00e0 \u00e9t\u00e9 fix\u00e9 sur une structure roulant sur des charni\u00e8res sp\u00e9ciales munies de coussinets \u00e0 palier\u00a0; lorsque la vitrine est ouverte, cette solution permet d&#8217;examiner la totalit\u00e9 de l&#8217;envers du Carton.<\/p>\n<div id=\"attachment_12254\" style=\"width: 1034px\" class=\"wp-caption alignright\"><a href=\"https:\/\/www.sitem.fr\/wp-content\/uploads\/2019\/05\/UNO-CartonediRaffaello_Sala5_StefanoBoeriArchitetti_2019_ph.PaoloRosselli_AMBROSIANA_02-1068x629.jpg\"><img loading=\"lazy\" decoding=\"async\" aria-describedby=\"caption-attachment-12254\" class=\"size-large wp-image-12254\" src=\"https:\/\/www.sitem.fr\/wp-content\/uploads\/2019\/05\/UNO-CartonediRaffaello_Sala5_StefanoBoeriArchitetti_2019_ph.PaoloRosselli_AMBROSIANA_02-1068x629-1024x603.jpg\" alt=\"Goppion-vitrine-Rapha\u00ebl-biblioth\u00e8que-ambrosienne-Milan\" width=\"1024\" height=\"603\" srcset=\"https:\/\/www.sitem.fr\/wp-content\/uploads\/2019\/05\/UNO-CartonediRaffaello_Sala5_StefanoBoeriArchitetti_2019_ph.PaoloRosselli_AMBROSIANA_02-1068x629-1024x603.jpg 1024w, https:\/\/www.sitem.fr\/wp-content\/uploads\/2019\/05\/UNO-CartonediRaffaello_Sala5_StefanoBoeriArchitetti_2019_ph.PaoloRosselli_AMBROSIANA_02-1068x629-600x353.jpg 600w, https:\/\/www.sitem.fr\/wp-content\/uploads\/2019\/05\/UNO-CartonediRaffaello_Sala5_StefanoBoeriArchitetti_2019_ph.PaoloRosselli_AMBROSIANA_02-1068x629-300x177.jpg 300w, https:\/\/www.sitem.fr\/wp-content\/uploads\/2019\/05\/UNO-CartonediRaffaello_Sala5_StefanoBoeriArchitetti_2019_ph.PaoloRosselli_AMBROSIANA_02-1068x629-768x452.jpg 768w, https:\/\/www.sitem.fr\/wp-content\/uploads\/2019\/05\/UNO-CartonediRaffaello_Sala5_StefanoBoeriArchitetti_2019_ph.PaoloRosselli_AMBROSIANA_02-1068x629.jpg 1068w\" sizes=\"auto, (max-width: 1024px) 100vw, 1024px\" \/><\/a><p id=\"caption-attachment-12254\" class=\"wp-caption-text\">\u00a9 Paolo Rosselli<\/p><\/div>\n<p>Assurer un degr\u00e9 optimal de conservation de l\u2019\u0153uvre, en plus de sa s\u00e9curit\u00e9, a \u00e9t\u00e9 un autre point fort sur lequel <strong>Goppion<\/strong> a travaill\u00e9 sans rel\u00e2che. Cette vitrine, tr\u00e8s \u00e9tanche (le changement d&#8217;air entre l&#8217;int\u00e9rieur et l&#8217;ext\u00e9rieur est de trente jours), a \u00e9t\u00e9 munie d&#8217;un syst\u00e8me de stabilisation de l&#8217;humidit\u00e9 relative (mat\u00e9riau tampon hygroscopique et syst\u00e8me de recyclage avec diffusion des flux \u00e0 travers des conduits d&#8217;envoi et de reprise). Un deuxi\u00e8me circuit est consacr\u00e9 \u00e0 la qualit\u00e9 de l&#8217;air\u00a0; l&#8217;emploi de filtres <strong>Goppion<\/strong> ad\u00e9quats permet de filtrer l&#8217;air en en interceptant les particules solides et chimiques ainsi que les polluants gazeux potentiellement nuisibles pour une bonne conservation de l\u2019\u0153uvre. En outre, ce syst\u00e8me est muni d&#8217;un enregistreur de donn\u00e9es pour le relev\u00e9, l&#8217;enregistrement et la transmission Wi-Fi des conditions micro-environnementales (temp\u00e9rature et humidit\u00e9 relative)<\/p>\n<p><span lang=\"IT\"><a href=\"http:\/\/www.goppion.com\/\">www.goppion.com<\/a><\/span><\/p>\n<p><strong>Consulter la <a href=\"http:\/\/www.museumexperts.com\/nos_services\/annuaire\/prestataire\/1088\">Fiche annuaire de Goppion<\/a><\/strong><\/p>\n","protected":false},"excerpt":{"rendered":"Il s&#8217;agit de la plus grande vitrine \u00e0 une seule porte existant au monde. Ce syst\u00e8me d&#8217;exposition a \u00e9t\u00e9 r\u00e9alis\u00e9 en exclusivit\u00e9 par Goppion pour le Carton de L&#8217;\u00c9cole d&#8217;Ath\u00e8nes de Rapha\u00ebl qui se trouve \u00e0 la Biblioth\u00e8que Ambrosienne de Milan. Ses dimensions d\u00e9passent celles des plus grandes vitrines con\u00e7ues par Goppion auparavant\u00a0; citons, par&#8230; <br><a class=\"readm\" href=\"https:\/\/www.sitem.fr\/en\/conception-et-realisation-par-goppion-de-la-vitrine-du-carton-de-lecole-dathenes-de-raphael-pour-la-bibliotheque-ambrosienne-de-milan\/\">Read more<\/a>","protected":false},"author":2,"featured_media":12252,"comment_status":"open","ping_status":"open","sticky":false,"template":"","format":"standard","meta":{"_acf_changed":false,"footnotes":""},"categories":[156],"tags":[690,688,94,689,63],"class_list":["post-12283","post","type-post","status-publish","format-standard","has-post-thumbnail","hentry","category-vitrines","tag-bibliotheque-ambrosienne-de-milan","tag-carton-de-lecole-dathenes","tag-goppion","tag-raphael","tag-vitrine"],"acf":[],"_links":{"self":[{"href":"https:\/\/www.sitem.fr\/en\/wp-json\/wp\/v2\/posts\/12283","targetHints":{"allow":["GET"]}}],"collection":[{"href":"https:\/\/www.sitem.fr\/en\/wp-json\/wp\/v2\/posts"}],"about":[{"href":"https:\/\/www.sitem.fr\/en\/wp-json\/wp\/v2\/types\/post"}],"author":[{"embeddable":true,"href":"https:\/\/www.sitem.fr\/en\/wp-json\/wp\/v2\/users\/2"}],"replies":[{"embeddable":true,"href":"https:\/\/www.sitem.fr\/en\/wp-json\/wp\/v2\/comments?post=12283"}],"version-history":[{"count":2,"href":"https:\/\/www.sitem.fr\/en\/wp-json\/wp\/v2\/posts\/12283\/revisions"}],"predecessor-version":[{"id":12310,"href":"https:\/\/www.sitem.fr\/en\/wp-json\/wp\/v2\/posts\/12283\/revisions\/12310"}],"wp:featuredmedia":[{"embeddable":true,"href":"https:\/\/www.sitem.fr\/en\/wp-json\/wp\/v2\/media\/12252"}],"wp:attachment":[{"href":"https:\/\/www.sitem.fr\/en\/wp-json\/wp\/v2\/media?parent=12283"}],"wp:term":[{"taxonomy":"category","embeddable":true,"href":"https:\/\/www.sitem.fr\/en\/wp-json\/wp\/v2\/categories?post=12283"},{"taxonomy":"post_tag","embeddable":true,"href":"https:\/\/www.sitem.fr\/en\/wp-json\/wp\/v2\/tags?post=12283"}],"curies":[{"name":"wp","href":"https:\/\/api.w.org\/{rel}","templated":true}]}}