{"id":12392,"date":"2019-06-14T09:47:40","date_gmt":"2019-06-14T07:47:40","guid":{"rendered":"https:\/\/www.sitem.fr\/?p=12392"},"modified":"2019-06-14T09:47:40","modified_gmt":"2019-06-14T07:47:40","slug":"mba-france-equipe-le-musee-francais-de-la-photographie-de-bievres-en-cloisons-mila-wall-et-en-vitrines-sehner","status":"publish","type":"post","link":"https:\/\/www.sitem.fr\/en\/mba-france-equipe-le-musee-francais-de-la-photographie-de-bievres-en-cloisons-mila-wall-et-en-vitrines-sehner\/","title":{"rendered":"MBA France \u00e9quipe le Mus\u00e9e fran\u00e7ais de la Photographie de Bi\u00e8vres en cloisons Mila-wall et en vitrines Sehner"},"content":{"rendered":"<p>Apr\u00e8s quelques mois de travaux, le <strong>mus\u00e9e fran\u00e7ais de la Photographie<\/strong> rouvre ce samedi 1er juin \u00e0 13h30, avec une nouvelle exposition :\u00a0<em>&#8220;Ressemblance garantie&#8221;, Le portrait dans les collections du mus\u00e9e fran\u00e7ais de la Photographie<\/em>.<\/p>\n<p>A cette occasion, <strong>MBA France<\/strong> a eu le plaisir d\u2019\u00e9quiper le Mus\u00e9e une centaine de <strong>cloisons Mila-wall<\/strong> S\u00e9rie 100 avec son cadre en aluminium, d\u2019une hauteur de 2m et de vitrines tout verre hautes, tables et <strong>caisson Sehner<\/strong> (12 en tout).<\/p>\n<div id=\"attachment_12347\" style=\"width: 1034px\" class=\"wp-caption alignright\"><a href=\"https:\/\/www.sitem.fr\/wp-content\/uploads\/2019\/06\/image001.jpg\"><img loading=\"lazy\" decoding=\"async\" aria-describedby=\"caption-attachment-12347\" class=\"size-large wp-image-12347\" src=\"https:\/\/www.sitem.fr\/wp-content\/uploads\/2019\/06\/image001-1024x645.jpg\" alt=\"MBA-France-cloisons-Milla-wall-vitrines-Sehner-Muse\u0301e-franc\u0327ais-de-la-Photographie-de-Bie\u0300vres\" width=\"1024\" height=\"645\" srcset=\"https:\/\/www.sitem.fr\/wp-content\/uploads\/2019\/06\/image001-1024x645.jpg 1024w, https:\/\/www.sitem.fr\/wp-content\/uploads\/2019\/06\/image001-600x378.jpg 600w, https:\/\/www.sitem.fr\/wp-content\/uploads\/2019\/06\/image001-300x189.jpg 300w, https:\/\/www.sitem.fr\/wp-content\/uploads\/2019\/06\/image001-768x484.jpg 768w, https:\/\/www.sitem.fr\/wp-content\/uploads\/2019\/06\/image001-222x140.jpg 222w\" sizes=\"auto, (max-width: 1024px) 100vw, 1024px\" \/><\/a><p id=\"caption-attachment-12347\" class=\"wp-caption-text\">\u00a9 Conseil d\u00e9partemental de l&#8217;Essonne, mus\u00e9e fran\u00e7ais de la Photographie, Barbara Fernandez<\/p><\/div>\n<p>Cette exposition est\u00a0consacr\u00e9e au portrait photographique et r\u00e9alis\u00e9e exclusivement avec les collections conserv\u00e9es par le <strong>D\u00e9partement de l\u2019Essonne<\/strong>.<\/p>\n<div id=\"attachment_12348\" style=\"width: 1034px\" class=\"wp-caption alignright\"><a href=\"https:\/\/www.sitem.fr\/wp-content\/uploads\/2019\/06\/image002.jpg\"><img loading=\"lazy\" decoding=\"async\" aria-describedby=\"caption-attachment-12348\" class=\"size-large wp-image-12348\" src=\"https:\/\/www.sitem.fr\/wp-content\/uploads\/2019\/06\/image002-1024x560.jpg\" alt=\"MBA-France-cloisons-Milla-wall-vitrines-Sehner-Muse\u0301e-franc\u0327ais-de-la-Photographie-de-Bie\u0300vres\" width=\"1024\" height=\"560\" srcset=\"https:\/\/www.sitem.fr\/wp-content\/uploads\/2019\/06\/image002-1024x560.jpg 1024w, https:\/\/www.sitem.fr\/wp-content\/uploads\/2019\/06\/image002-600x328.jpg 600w, https:\/\/www.sitem.fr\/wp-content\/uploads\/2019\/06\/image002-300x164.jpg 300w, https:\/\/www.sitem.fr\/wp-content\/uploads\/2019\/06\/image002-768x420.jpg 768w\" sizes=\"auto, (max-width: 1024px) 100vw, 1024px\" \/><\/a><p id=\"caption-attachment-12348\" class=\"wp-caption-text\">\u00a9 Conseil d\u00e9partemental de l&#8217;Essonne, mus\u00e9e fran\u00e7ais de la Photographie, Barbara Fernandez<\/p><\/div>\n<p>A l&#8217;heure du selfie et de la mise en sc\u00e8ne de soi sur les r\u00e9seaux sociaux, plus de 400 images et objets y sont pr\u00e9sent\u00e9s et permettent de s\u2019interroger sur nos pratiques d&#8217;aujourd&#8217;hui.<\/p>\n<div id=\"attachment_12349\" style=\"width: 1034px\" class=\"wp-caption alignright\"><a href=\"https:\/\/www.sitem.fr\/wp-content\/uploads\/2019\/06\/image004.jpg\"><img loading=\"lazy\" decoding=\"async\" aria-describedby=\"caption-attachment-12349\" class=\"size-large wp-image-12349\" src=\"https:\/\/www.sitem.fr\/wp-content\/uploads\/2019\/06\/image004-1024x511.jpg\" alt=\"MBA-France-cloisons-Milla-wall-vitrines-Sehner-Muse\u0301e-franc\u0327ais-de-la-Photographie-de-Bie\u0300vres\" width=\"1024\" height=\"511\" srcset=\"https:\/\/www.sitem.fr\/wp-content\/uploads\/2019\/06\/image004-1024x511.jpg 1024w, https:\/\/www.sitem.fr\/wp-content\/uploads\/2019\/06\/image004-scaled-600x300.jpg 600w, https:\/\/www.sitem.fr\/wp-content\/uploads\/2019\/06\/image004-680x340.jpg 680w, https:\/\/www.sitem.fr\/wp-content\/uploads\/2019\/06\/image004-768x384.jpg 768w, https:\/\/www.sitem.fr\/wp-content\/uploads\/2019\/06\/image004-1536x767.jpg 1536w, https:\/\/www.sitem.fr\/wp-content\/uploads\/2019\/06\/image004-2048x1023.jpg 2048w, https:\/\/www.sitem.fr\/wp-content\/uploads\/2019\/06\/image004-300x150.jpg 300w\" sizes=\"auto, (max-width: 1024px) 100vw, 1024px\" \/><\/a><p id=\"caption-attachment-12349\" class=\"wp-caption-text\">\u00a9 Conseil d\u00e9partemental de l&#8217;Essonne, mus\u00e9e fran\u00e7ais de la Photographie, Barbara Fernandez<\/p><\/div>\n<p>\u201cRessemblance garantie\u201d, c\u2019est en proclamant cette qualit\u00e9 incomparable que les premiers photographes portraitistes des ann\u00e9es 1840 entendaient r\u00e9gler leur compte aux peintres qui les pr\u00e9c\u00e9daient\u2026 et qui, pourtant, utilisaient souvent le m\u00eame argument de vente de leurs services.<\/p>\n<div id=\"attachment_12350\" style=\"width: 1034px\" class=\"wp-caption alignright\"><a href=\"https:\/\/www.sitem.fr\/wp-content\/uploads\/2019\/06\/image006.jpg\"><img loading=\"lazy\" decoding=\"async\" aria-describedby=\"caption-attachment-12350\" class=\"size-large wp-image-12350\" src=\"https:\/\/www.sitem.fr\/wp-content\/uploads\/2019\/06\/image006-1024x572.jpg\" alt=\"MBA-France-cloisons-Milla-wall-vitrines-Sehner-Muse\u0301e-franc\u0327ais-de-la-Photographie-de-Bie\u0300vres\" width=\"1024\" height=\"572\" srcset=\"https:\/\/www.sitem.fr\/wp-content\/uploads\/2019\/06\/image006-1024x572.jpg 1024w, https:\/\/www.sitem.fr\/wp-content\/uploads\/2019\/06\/image006-600x335.jpg 600w, https:\/\/www.sitem.fr\/wp-content\/uploads\/2019\/06\/image006-300x168.jpg 300w, https:\/\/www.sitem.fr\/wp-content\/uploads\/2019\/06\/image006-768x429.jpg 768w\" sizes=\"auto, (max-width: 1024px) 100vw, 1024px\" \/><\/a><p id=\"caption-attachment-12350\" class=\"wp-caption-text\">\u00a9 Conseil d\u00e9partemental de l&#8217;Essonne, mus\u00e9e fran\u00e7ais de la Photographie, Barbara Fernandez<\/p><\/div>\n<p><a href=\"http:\/\/www.mba-france.fr\">http:\/\/www.mba-france.fr<\/a><\/p>\n<p>Consultez la <strong><a href=\"http:\/\/www.museumexperts.com\/nos_services\/annuaire\/prestataire\/1442\">Fiche annuaire de MBA France\u00a0<\/a><\/strong><\/p>\n","protected":false},"excerpt":{"rendered":"Apr\u00e8s quelques mois de travaux, le mus\u00e9e fran\u00e7ais de la Photographie rouvre ce samedi 1er juin \u00e0 13h30, avec une nouvelle exposition :\u00a0&#8220;Ressemblance garantie&#8221;, Le portrait dans les collections du mus\u00e9e fran\u00e7ais de la Photographie. A cette occasion, MBA France a eu le plaisir d\u2019\u00e9quiper le Mus\u00e9e une centaine de cloisons Mila-wall S\u00e9rie 100 avec&#8230; <br><a class=\"readm\" href=\"https:\/\/www.sitem.fr\/en\/mba-france-equipe-le-musee-francais-de-la-photographie-de-bievres-en-cloisons-mila-wall-et-en-vitrines-sehner\/\">Read more<\/a>","protected":false},"author":2,"featured_media":12349,"comment_status":"open","ping_status":"open","sticky":false,"template":"","format":"standard","meta":{"_acf_changed":false,"footnotes":""},"categories":[139],"tags":[743,619,14,742,744],"class_list":["post-12392","post","type-post","status-publish","format-standard","has-post-thumbnail","hentry","category-cloisons","tag-bievres","tag-cloisons-mila-wall","tag-mba-france","tag-musee-francais-de-la-photographie","tag-vitrines-sehner"],"acf":[],"_links":{"self":[{"href":"https:\/\/www.sitem.fr\/en\/wp-json\/wp\/v2\/posts\/12392","targetHints":{"allow":["GET"]}}],"collection":[{"href":"https:\/\/www.sitem.fr\/en\/wp-json\/wp\/v2\/posts"}],"about":[{"href":"https:\/\/www.sitem.fr\/en\/wp-json\/wp\/v2\/types\/post"}],"author":[{"embeddable":true,"href":"https:\/\/www.sitem.fr\/en\/wp-json\/wp\/v2\/users\/2"}],"replies":[{"embeddable":true,"href":"https:\/\/www.sitem.fr\/en\/wp-json\/wp\/v2\/comments?post=12392"}],"version-history":[{"count":2,"href":"https:\/\/www.sitem.fr\/en\/wp-json\/wp\/v2\/posts\/12392\/revisions"}],"predecessor-version":[{"id":12400,"href":"https:\/\/www.sitem.fr\/en\/wp-json\/wp\/v2\/posts\/12392\/revisions\/12400"}],"wp:featuredmedia":[{"embeddable":true,"href":"https:\/\/www.sitem.fr\/en\/wp-json\/wp\/v2\/media\/12349"}],"wp:attachment":[{"href":"https:\/\/www.sitem.fr\/en\/wp-json\/wp\/v2\/media?parent=12392"}],"wp:term":[{"taxonomy":"category","embeddable":true,"href":"https:\/\/www.sitem.fr\/en\/wp-json\/wp\/v2\/categories?post=12392"},{"taxonomy":"post_tag","embeddable":true,"href":"https:\/\/www.sitem.fr\/en\/wp-json\/wp\/v2\/tags?post=12392"}],"curies":[{"name":"wp","href":"https:\/\/api.w.org\/{rel}","templated":true}]}}