{"id":12428,"date":"2019-06-14T09:56:42","date_gmt":"2019-06-14T07:56:42","guid":{"rendered":"https:\/\/www.sitem.fr\/?p=12428"},"modified":"2019-06-14T09:56:42","modified_gmt":"2019-06-14T07:56:42","slug":"la-fabrique-creative-laureate-du-concours-lance-par-le-centre-des-monuments-nationaux-au-logis-du-gouverneur-des-tours-et-remparts-daigues-mortes","status":"publish","type":"post","link":"https:\/\/www.sitem.fr\/en\/la-fabrique-creative-laureate-du-concours-lance-par-le-centre-des-monuments-nationaux-au-logis-du-gouverneur-des-tours-et-remparts-daigues-mortes\/","title":{"rendered":"La Fabrique Cr\u00e9ative, laur\u00e9ate du concours lanc\u00e9 par le Centre des Monuments Nationaux au Logis du gouverneur des Tours et Remparts d\u2019Aigues-Mortes"},"content":{"rendered":"<p class=\"p1\">L\u2019objectif est ici de proposer, au sein d\u2019un site recevant pr\u00e8s de 170 000 visiteurs par an, un <strong>parcours d\u2019interpr\u00e9tation<\/strong> permettant de retracer l\u2019\u00e9volution de la fortification et donner \u00e0 revivre son histoire, depuis la construction des remparts, en passant par l\u2019entrevue d\u2019<strong>Aigues-Mortes<\/strong> entre Fran\u00e7ois 1er et Charles Quint en 1538, sa transformation en prison pour protestants aux XVIIe et XVIIIe si\u00e8cles, l\u2019exploitation du sel environnant\u2026 Cette forteresse quasi-intacte, isol\u00e9e tel un mirage au sein des marais-salants, a inspir\u00e9 de nombreux artistes.\u00a0Ces diff\u00e9rents aspects seront valoris\u00e9s par <strong>la Fabrique Cr\u00e9ative<\/strong>.<\/p>\n<div id=\"attachment_12375\" style=\"width: 1034px\" class=\"wp-caption alignright\"><a href=\"https:\/\/www.sitem.fr\/wp-content\/uploads\/2019\/06\/25294.jpg\"><img loading=\"lazy\" decoding=\"async\" aria-describedby=\"caption-attachment-12375\" class=\"size-large wp-image-12375\" src=\"https:\/\/www.sitem.fr\/wp-content\/uploads\/2019\/06\/25294-1024x651.jpg\" alt=\"La-Fabrique-Cr\u00e9ative-laur\u00e9ate du concours-Centre des-Monuments-Nationaux-Logis-du-gouverneur-des-Tours-et-Remparts-Aigues-Mortes\" width=\"1024\" height=\"651\" srcset=\"https:\/\/www.sitem.fr\/wp-content\/uploads\/2019\/06\/25294.jpg 1024w, https:\/\/www.sitem.fr\/wp-content\/uploads\/2019\/06\/25294-600x381.jpg 600w, https:\/\/www.sitem.fr\/wp-content\/uploads\/2019\/06\/25294-680x432.jpg 680w, https:\/\/www.sitem.fr\/wp-content\/uploads\/2019\/06\/25294-768x488.jpg 768w, https:\/\/www.sitem.fr\/wp-content\/uploads\/2019\/06\/25294-300x191.jpg 300w, https:\/\/www.sitem.fr\/wp-content\/uploads\/2019\/06\/25294-222x140.jpg 222w\" sizes=\"auto, (max-width: 1024px) 100vw, 1024px\" \/><\/a><p id=\"caption-attachment-12375\" class=\"wp-caption-text\">\u00a9 La Fabrique Cr\u00e9ative<\/p><\/div>\n<p class=\"p1\">Une r\u00e9flexion \u00e0 donc \u00e9t\u00e9 men\u00e9e pour permettre de conserver un maximum du flux de visite tout en permettant une d\u00e9ambulation historique et onirique au travers d\u2019un parcours ambitieux, m\u00ealant objets, installations num\u00e9riques, dispositifs tactiles et d\u00e9couvertes sonores.<\/p>\n<p class=\"p3\">Ma\u00eetre d&#8217;ouvrage\u00a0: Centre des Monuments Nationaux<\/p>\n<p class=\"p4\"><span class=\"s1\">Groupement <strong>La Fabrique Cr\u00e9ative<\/strong> (mandataire) <strong>et Opixido<\/strong>.<\/span><\/p>\n<p><a href=\"http:\/\/www.la-fabrique-creative.fr\/\">http:\/\/www.la-fabrique-creative.fr\/<\/a><\/p>\n<p><strong>Consultez la <a href=\"http:\/\/www.museumexperts.com\/nos_services\/annuaire\/prestataire\/2399\">Fiche annuaire de la Fabrique Cr\u00e9ative<\/a><\/strong><\/p>\n","protected":false},"excerpt":{"rendered":"L\u2019objectif est ici de proposer, au sein d\u2019un site recevant pr\u00e8s de 170 000 visiteurs par an, un parcours d\u2019interpr\u00e9tation permettant de retracer l\u2019\u00e9volution de la fortification et donner \u00e0 revivre son histoire, depuis la construction des remparts, en passant par l\u2019entrevue d\u2019Aigues-Mortes entre Fran\u00e7ois 1er et Charles Quint en 1538, sa transformation en prison&#8230; <br><a class=\"readm\" href=\"https:\/\/www.sitem.fr\/en\/la-fabrique-creative-laureate-du-concours-lance-par-le-centre-des-monuments-nationaux-au-logis-du-gouverneur-des-tours-et-remparts-daigues-mortes\/\">Read more<\/a>","protected":false},"author":2,"featured_media":12375,"comment_status":"open","ping_status":"open","sticky":false,"template":"","format":"standard","meta":{"_acf_changed":false,"footnotes":""},"categories":[367],"tags":[99,625,44,777],"class_list":["post-12428","post","type-post","status-publish","format-standard","has-post-thumbnail","hentry","category-parcours-dinterpretation","tag-centre-des-monuments-nationaux","tag-concours","tag-la-fabrique-creative","tag-logis-du-gouverneur-des-tours-et-remparts-daigues-mortes"],"acf":[],"_links":{"self":[{"href":"https:\/\/www.sitem.fr\/en\/wp-json\/wp\/v2\/posts\/12428","targetHints":{"allow":["GET"]}}],"collection":[{"href":"https:\/\/www.sitem.fr\/en\/wp-json\/wp\/v2\/posts"}],"about":[{"href":"https:\/\/www.sitem.fr\/en\/wp-json\/wp\/v2\/types\/post"}],"author":[{"embeddable":true,"href":"https:\/\/www.sitem.fr\/en\/wp-json\/wp\/v2\/users\/2"}],"replies":[{"embeddable":true,"href":"https:\/\/www.sitem.fr\/en\/wp-json\/wp\/v2\/comments?post=12428"}],"version-history":[{"count":2,"href":"https:\/\/www.sitem.fr\/en\/wp-json\/wp\/v2\/posts\/12428\/revisions"}],"predecessor-version":[{"id":12433,"href":"https:\/\/www.sitem.fr\/en\/wp-json\/wp\/v2\/posts\/12428\/revisions\/12433"}],"wp:featuredmedia":[{"embeddable":true,"href":"https:\/\/www.sitem.fr\/en\/wp-json\/wp\/v2\/media\/12375"}],"wp:attachment":[{"href":"https:\/\/www.sitem.fr\/en\/wp-json\/wp\/v2\/media?parent=12428"}],"wp:term":[{"taxonomy":"category","embeddable":true,"href":"https:\/\/www.sitem.fr\/en\/wp-json\/wp\/v2\/categories?post=12428"},{"taxonomy":"post_tag","embeddable":true,"href":"https:\/\/www.sitem.fr\/en\/wp-json\/wp\/v2\/tags?post=12428"}],"curies":[{"name":"wp","href":"https:\/\/api.w.org\/{rel}","templated":true}]}}