{"id":12468,"date":"2019-07-15T12:25:11","date_gmt":"2019-07-15T10:25:11","guid":{"rendered":"https:\/\/www.sitem.fr\/?p=12468"},"modified":"2019-07-15T12:25:11","modified_gmt":"2019-07-15T10:25:11","slug":"polymorphe-design-anime-rencontre-tourisme-et-handicap-en-auvergne-rhone-alpes","status":"publish","type":"post","link":"https:\/\/www.sitem.fr\/en\/polymorphe-design-anime-rencontre-tourisme-et-handicap-en-auvergne-rhone-alpes\/","title":{"rendered":"Polymorphe Design anime la rencontre r\u00e9gionale Tourisme et Handicap en Auvergne Rh\u00f4ne-Alpes"},"content":{"rendered":"<div id=\"attachment_12473\" style=\"width: 516px\" class=\"wp-caption aligncenter\"><a class=\"Polymorphe Design 27 juin 2019\" href=\"https:\/\/www.sitem.fr\/wp-content\/uploads\/2019\/07\/EPATenGROUPE-AURATH-27JUIN2019.jpeg\" rel=\"Polymorphe Design 27 juin 2019\"><img loading=\"lazy\" decoding=\"async\" aria-describedby=\"caption-attachment-12473\" class=\"Polymorphe Design 27 juin 2019 wp-image-12473 size-full\" title=\"Polymorphe Design - Rencontre r\u00e9gionale Tourisme &amp; Handicap en Auvergne Rh\u00f4ne-Alpes \" src=\"https:\/\/www.sitem.fr\/wp-content\/uploads\/2019\/07\/EPATenGROUPE-AURATH-27JUIN2019.jpeg\" alt=\"Polymorphe Design 27 juin 2019\" width=\"506\" height=\"481\" srcset=\"https:\/\/www.sitem.fr\/wp-content\/uploads\/2019\/07\/EPATenGROUPE-AURATH-27JUIN2019.jpeg 506w, https:\/\/www.sitem.fr\/wp-content\/uploads\/2019\/07\/EPATenGROUPE-AURATH-27JUIN2019-463x440.jpeg 463w, https:\/\/www.sitem.fr\/wp-content\/uploads\/2019\/07\/EPATenGROUPE-AURATH-27JUIN2019-300x285.jpeg 300w\" sizes=\"auto, (max-width: 506px) 100vw, 506px\" \/><\/a><p id=\"caption-attachment-12473\" class=\"wp-caption-text\">Polymorphe Design &#8211; Rencontre r\u00e9gionale Tourisme &amp; Handicap en Auvergne Rh\u00f4ne-Alpes<\/p><\/div>\n<p><strong>Dans une ambiance plut\u00f4t d\u00e9contract\u00e9e, une trentaine d\u2019\u00e9valuateurs, membres de la commission TH et institutionnels ont \u00e9chang\u00e9s sur la marque Tourisme et Handicap dans la r\u00e9gion Auvergne Rh\u00f4ne-Alpes. <\/strong><\/p>\n<p>Tr\u00e8s vite le sujet s\u2019est ouvert plus largement \u00e0 l\u2019accessibilit\u00e9 et au confort d\u2019usage, mais aussi aux caract\u00e9ristiques propres \u00e0 la r\u00e9gion\u00a0: montagne, saisonnalit\u00e9, mais promenade urbaine ou naturelle.<\/p>\n<p>Apr\u00e8s une introduction sur l\u2019actualit\u00e9 de la marque d\u2019\u00e9tat Tourisme &amp; Handicap par la Direction G\u00e9n\u00e9rale des Entreprises et le Comit\u00e9 R\u00e9gional du Tourisme, les discussions ont fait remonter les informations terrains\u00a0: frein politique, manque de temps, retard et d\u00e9faut dans la mise en \u0153uvre des Ad\u2019AP, limite financi\u00e8re du b\u00e9n\u00e9volat, &#8230; Les intervenants ont partag\u00e9 leur m\u00e9t\u00e9o locale, leurs coups de c\u0153ur et leurs coups de gueule. Aucun tabou ni animosit\u00e9, mais de vrais constats pour \u00ab\u00a0faire avancer les choses\u00a0\u00bb.<\/p>\n<p>Un atelier pratique sur le FALC (Facile \u00e0 Lire et \u00e0 Comprendre) anim\u00e9 par l\u2019UNAPEI Auvergne Rh\u00f4ne-Alpes a donn\u00e9 un coup d\u2019air frais sur le d\u00e9but d\u2019apr\u00e8s-midi caniculaire, pour chasser les pr\u00e9jug\u00e9s.<\/p>\n<p>La journ\u00e9e a \u00e9t\u00e9 riche d\u2019\u00e9changes, si riche que tous les sujets n\u2019ont pas pu \u00eatre abord\u00e9s\u00a0: \u00e9cologie, JO 2024, visiteurs malentendants, innovation, vieillissement de la population, formation de remise \u00e0 niveau des \u00e9valuateurs, accessibilit\u00e9 des territoires, &#8230; Autant de sujets, autant de pr\u00e9textes pour renouveler et p\u00e9renniser ces journ\u00e9es d\u2019\u00e9changes d\u00e8s le 2<sup>\u00e8me<\/sup>semestre 2019\u00a0avec cet <strong>\u00c9PAT<\/strong>en<strong>GROUPE<\/strong>*\u00a0 de travail\u00a0!<\/p>\n<p><strong>\u00c9PAT<\/strong>en<strong>\u2026<\/strong>*\u00a0: <strong>\u00c9<\/strong>v\u00e9nement <strong>P<\/strong>ermanent pour l\u2019<strong>A<\/strong>ccessibilit\u00e9 du <strong>T<\/strong>erritoire<\/p>\n<p>Plus d&#8217;informations\u00a0: <a href=\"http:\/\/www.polymorphe-design.fr\/rencontre-regionale-Tourisme-Handicap-juin2019.php\">http:\/\/www.polymorphe-design.fr\/rencontre-regionale-Tourisme-Handicap-juin2019.php<\/a><\/p>\n","protected":false},"excerpt":{"rendered":"Dans une ambiance plut\u00f4t d\u00e9contract\u00e9e, une trentaine d\u2019\u00e9valuateurs, membres de la commission TH et institutionnels ont \u00e9chang\u00e9s sur la marque Tourisme et Handicap dans la r\u00e9gion Auvergne Rh\u00f4ne-Alpes. Tr\u00e8s vite le sujet s\u2019est ouvert plus largement \u00e0 l\u2019accessibilit\u00e9 et au confort d\u2019usage, mais aussi aux caract\u00e9ristiques propres \u00e0 la r\u00e9gion\u00a0: montagne, saisonnalit\u00e9, mais promenade urbaine&#8230; <br><a class=\"readm\" href=\"https:\/\/www.sitem.fr\/en\/polymorphe-design-anime-rencontre-tourisme-et-handicap-en-auvergne-rhone-alpes\/\">Read more<\/a>","protected":false},"author":2,"featured_media":12473,"comment_status":"open","ping_status":"open","sticky":false,"template":"","format":"standard","meta":{"_acf_changed":false,"footnotes":""},"categories":[87],"tags":[778,791,793,329,792],"class_list":["post-12468","post","type-post","status-publish","format-standard","has-post-thumbnail","hentry","category-accessibilite","tag-accessibilite","tag-auvergne-rhone-alpes","tag-handicap","tag-polymorphe-design","tag-tourisme"],"acf":[],"_links":{"self":[{"href":"https:\/\/www.sitem.fr\/en\/wp-json\/wp\/v2\/posts\/12468","targetHints":{"allow":["GET"]}}],"collection":[{"href":"https:\/\/www.sitem.fr\/en\/wp-json\/wp\/v2\/posts"}],"about":[{"href":"https:\/\/www.sitem.fr\/en\/wp-json\/wp\/v2\/types\/post"}],"author":[{"embeddable":true,"href":"https:\/\/www.sitem.fr\/en\/wp-json\/wp\/v2\/users\/2"}],"replies":[{"embeddable":true,"href":"https:\/\/www.sitem.fr\/en\/wp-json\/wp\/v2\/comments?post=12468"}],"version-history":[{"count":5,"href":"https:\/\/www.sitem.fr\/en\/wp-json\/wp\/v2\/posts\/12468\/revisions"}],"predecessor-version":[{"id":12475,"href":"https:\/\/www.sitem.fr\/en\/wp-json\/wp\/v2\/posts\/12468\/revisions\/12475"}],"wp:featuredmedia":[{"embeddable":true,"href":"https:\/\/www.sitem.fr\/en\/wp-json\/wp\/v2\/media\/12473"}],"wp:attachment":[{"href":"https:\/\/www.sitem.fr\/en\/wp-json\/wp\/v2\/media?parent=12468"}],"wp:term":[{"taxonomy":"category","embeddable":true,"href":"https:\/\/www.sitem.fr\/en\/wp-json\/wp\/v2\/categories?post=12468"},{"taxonomy":"post_tag","embeddable":true,"href":"https:\/\/www.sitem.fr\/en\/wp-json\/wp\/v2\/tags?post=12468"}],"curies":[{"name":"wp","href":"https:\/\/api.w.org\/{rel}","templated":true}]}}