{"id":12505,"date":"2019-07-16T09:58:48","date_gmt":"2019-07-16T07:58:48","guid":{"rendered":"https:\/\/www.sitem.fr\/?p=12505"},"modified":"2019-07-16T09:58:48","modified_gmt":"2019-07-16T07:58:48","slug":"mba-france-chateau-clos-luce-mila-wall-serie-100","status":"publish","type":"post","link":"https:\/\/www.sitem.fr\/en\/mba-france-chateau-clos-luce-mila-wall-serie-100\/","title":{"rendered":"MBA France \u00e9quipe le Ch\u00e2teau Clos Luc\u00e9 \u00e0 Amboise en cloisons Mila wall s\u00e9rie 100"},"content":{"rendered":"<div id=\"attachment_12507\" style=\"width: 1034px\" class=\"wp-caption aligncenter\"><a href=\"http:\/\/www.mba-france.fr\" target=\"_blank\" rel=\"noopener\"><img loading=\"lazy\" decoding=\"async\" aria-describedby=\"caption-attachment-12507\" class=\"wp-image-12507 size-large\" src=\"https:\/\/www.sitem.fr\/wp-content\/uploads\/2019\/07\/Ch\u00e2teau-du-Clos-Luc\u00e9-Parc-Leonardo-da-Vinci-\u00a9-L\u00e9onard-de-Serres-1024x779.jpg\" alt=\"\" width=\"1024\" height=\"779\" srcset=\"https:\/\/www.sitem.fr\/wp-content\/uploads\/2019\/07\/Ch\u00e2teau-du-Clos-Luc\u00e9-Parc-Leonardo-da-Vinci-\u00a9-L\u00e9onard-de-Serres-1024x779.jpg 1024w, https:\/\/www.sitem.fr\/wp-content\/uploads\/2019\/07\/Ch\u00e2teau-du-Clos-Luc\u00e9-Parc-Leonardo-da-Vinci-\u00a9-L\u00e9onard-de-Serres-scaled-600x456.jpg 600w, https:\/\/www.sitem.fr\/wp-content\/uploads\/2019\/07\/Ch\u00e2teau-du-Clos-Luc\u00e9-Parc-Leonardo-da-Vinci-\u00a9-L\u00e9onard-de-Serres-578x440.jpg 578w, https:\/\/www.sitem.fr\/wp-content\/uploads\/2019\/07\/Ch\u00e2teau-du-Clos-Luc\u00e9-Parc-Leonardo-da-Vinci-\u00a9-L\u00e9onard-de-Serres-768x584.jpg 768w, https:\/\/www.sitem.fr\/wp-content\/uploads\/2019\/07\/Ch\u00e2teau-du-Clos-Luc\u00e9-Parc-Leonardo-da-Vinci-\u00a9-L\u00e9onard-de-Serres-1536x1168.jpg 1536w, https:\/\/www.sitem.fr\/wp-content\/uploads\/2019\/07\/Ch\u00e2teau-du-Clos-Luc\u00e9-Parc-Leonardo-da-Vinci-\u00a9-L\u00e9onard-de-Serres-2048x1558.jpg 2048w, https:\/\/www.sitem.fr\/wp-content\/uploads\/2019\/07\/Ch\u00e2teau-du-Clos-Luc\u00e9-Parc-Leonardo-da-Vinci-\u00a9-L\u00e9onard-de-Serres-300x228.jpg 300w, https:\/\/www.sitem.fr\/wp-content\/uploads\/2019\/07\/Ch\u00e2teau-du-Clos-Luc\u00e9-Parc-Leonardo-da-Vinci-\u00a9-L\u00e9onard-de-Serres-80x60.jpg 80w\" sizes=\"auto, (max-width: 1024px) 100vw, 1024px\" \/><\/a><p id=\"caption-attachment-12507\" class=\"wp-caption-text\">\u00a9 Leonard de Serres<\/p><\/div>\n<p>A l\u2019occasion de l\u2019EXPOSITION \u00ab La C\u00e8ne de L\u00e9onard de Vinci pour Fran\u00e7ois Ier, un chef-d\u2019\u0153uvre d&#8217;or et de soie\u00bb, <strong><a href=\"http:\/\/www.mba-france.fr\/accueil\/\">MBA France<\/a><\/strong> a eu le plaisir d\u2019\u00e9quiper le <strong><a href=\"http:\/\/www.vinci-closluce.com\/fr\">Ch\u00e2teau Clos Luc\u00e9<\/a> \u00e0 Amboise<\/strong> en cloisons Mila-wall s\u00e9rie 100 de 3m de haut, sp\u00e9cialement recouvertes d\u2019un rev\u00eatement rouge correspondant aux sp\u00e9cificit\u00e9s du lieu.<\/p>\n<p>Pour la premi\u00e8re fois depuis le XVIe si\u00e8cle, la tapisserie de la C\u00e8ne command\u00e9e par Fran\u00e7ois Ier d&#8217;apr\u00e8s le chef-d\u2019\u0153uvre de L\u00e9onard de Vinci, \u00ab l\u2019Ultima Cena \u00bb est expos\u00e9e en dehors des Mus\u00e9es du Vatican<\/p>\n<p>La tapisserie fut tiss\u00e9e pour Louise de Savoie et son fils, le futur Fran\u00e7ois Ier, avant 1514. En 1533, Fran\u00e7ois Ier l\u2019offre au Pape Cl\u00e9ment VII \u00e0 l\u2019occasion du mariage de son fils Henri II et de la ni\u00e8ce du Pape, Catherine de M\u00e9dicis. Elle reprend le th\u00e8me de la C\u00e8ne et t\u00e9moigne de l\u2019admiration des Rois de France pour L\u00e9onard de Vinci et sa fresque r\u00e9alis\u00e9e dans l\u2019Eglise Santa Maria delle Grazie \u00e0 Milan.<\/p>\n<p>Apr\u00e8s avoir \u00e9t\u00e9 restaur\u00e9e pendant 14 mois dans le laboratoire de restauration du Vatican, cette \u0153uvre monumentale \u2013 5,13m de haut et 9,15m de long \u2013 est pr\u00e9sent\u00e9e jusqu&#8217;\u00e0 septembre 2019.<\/p>\n<p>L\u2019exposition accueille une trentaine d\u2019\u0153uvres, pr\u00eats de diff\u00e9rents mus\u00e9es, ou issues de la collection du Ch\u00e2teau du Clos Luc\u00e9.<\/p>\n<p>L\u2019exposition est encore visible jusqu\u2019au 2 septembre 2019.<\/p>\n<div id=\"attachment_12506\" style=\"width: 1034px\" class=\"wp-caption aligncenter\"><a href=\"http:\/\/www.mba-france.fr\"><img loading=\"lazy\" decoding=\"async\" aria-describedby=\"caption-attachment-12506\" class=\"wp-image-12506 size-large\" src=\"https:\/\/www.sitem.fr\/wp-content\/uploads\/2019\/07\/Ch\u00e2teau-du-Clos-Luc\u00e9-Parc-Leonardo-da-Vinci-tableaux-de-la-collection-du-ch\u00e2teau-royal-de-Blois-et-du-Clos-Luc\u00e9-\u00a9-L\u00e9onard-de-Serres-1024x933.jpg\" alt=\"\" width=\"1024\" height=\"933\" srcset=\"https:\/\/www.sitem.fr\/wp-content\/uploads\/2019\/07\/Ch\u00e2teau-du-Clos-Luc\u00e9-Parc-Leonardo-da-Vinci-tableaux-de-la-collection-du-ch\u00e2teau-royal-de-Blois-et-du-Clos-Luc\u00e9-\u00a9-L\u00e9onard-de-Serres-1024x933.jpg 1024w, https:\/\/www.sitem.fr\/wp-content\/uploads\/2019\/07\/Ch\u00e2teau-du-Clos-Luc\u00e9-Parc-Leonardo-da-Vinci-tableaux-de-la-collection-du-ch\u00e2teau-royal-de-Blois-et-du-Clos-Luc\u00e9-\u00a9-L\u00e9onard-de-Serres-600x546.jpg 600w, https:\/\/www.sitem.fr\/wp-content\/uploads\/2019\/07\/Ch\u00e2teau-du-Clos-Luc\u00e9-Parc-Leonardo-da-Vinci-tableaux-de-la-collection-du-ch\u00e2teau-royal-de-Blois-et-du-Clos-Luc\u00e9-\u00a9-L\u00e9onard-de-Serres-300x273.jpg 300w, https:\/\/www.sitem.fr\/wp-content\/uploads\/2019\/07\/Ch\u00e2teau-du-Clos-Luc\u00e9-Parc-Leonardo-da-Vinci-tableaux-de-la-collection-du-ch\u00e2teau-royal-de-Blois-et-du-Clos-Luc\u00e9-\u00a9-L\u00e9onard-de-Serres-768x699.jpg 768w\" sizes=\"auto, (max-width: 1024px) 100vw, 1024px\" \/><\/a><p id=\"caption-attachment-12506\" class=\"wp-caption-text\">\u00a9 Leonard de Serres<\/p><\/div>\n<p><a href=\"http:\/\/www.mba-france.fr\">http:\/\/www.mba-france.fr<\/a><\/p>\n<p>Consultez la <strong><a href=\"http:\/\/www.museumexperts.com\/nos_services\/annuaire\/prestataire\/1442\">Fiche annuaire de MBA France<\/a><\/strong><\/p>\n","protected":false},"excerpt":{"rendered":"A l\u2019occasion de l\u2019EXPOSITION \u00ab La C\u00e8ne de L\u00e9onard de Vinci pour Fran\u00e7ois Ier, un chef-d\u2019\u0153uvre d&#8217;or et de soie\u00bb, MBA France a eu le plaisir d\u2019\u00e9quiper le Ch\u00e2teau Clos Luc\u00e9 \u00e0 Amboise en cloisons Mila-wall s\u00e9rie 100 de 3m de haut, sp\u00e9cialement recouvertes d\u2019un rev\u00eatement rouge correspondant aux sp\u00e9cificit\u00e9s du lieu. Pour la premi\u00e8re&#8230; <br><a class=\"readm\" href=\"https:\/\/www.sitem.fr\/en\/mba-france-chateau-clos-luce-mila-wall-serie-100\/\">Read more<\/a>","protected":false},"author":2,"featured_media":12507,"comment_status":"open","ping_status":"open","sticky":false,"template":"","format":"standard","meta":{"_acf_changed":false,"footnotes":""},"categories":[1],"tags":[804,803,53,805,14,15],"class_list":["post-12505","post","type-post","status-publish","format-standard","has-post-thumbnail","hentry","category-non-classifiee","tag-amboise","tag-chateau-du-clos-luce","tag-exposition","tag-leonard-de-vinci","tag-mba-france","tag-mila-wall"],"acf":[],"_links":{"self":[{"href":"https:\/\/www.sitem.fr\/en\/wp-json\/wp\/v2\/posts\/12505","targetHints":{"allow":["GET"]}}],"collection":[{"href":"https:\/\/www.sitem.fr\/en\/wp-json\/wp\/v2\/posts"}],"about":[{"href":"https:\/\/www.sitem.fr\/en\/wp-json\/wp\/v2\/types\/post"}],"author":[{"embeddable":true,"href":"https:\/\/www.sitem.fr\/en\/wp-json\/wp\/v2\/users\/2"}],"replies":[{"embeddable":true,"href":"https:\/\/www.sitem.fr\/en\/wp-json\/wp\/v2\/comments?post=12505"}],"version-history":[{"count":4,"href":"https:\/\/www.sitem.fr\/en\/wp-json\/wp\/v2\/posts\/12505\/revisions"}],"predecessor-version":[{"id":12511,"href":"https:\/\/www.sitem.fr\/en\/wp-json\/wp\/v2\/posts\/12505\/revisions\/12511"}],"wp:featuredmedia":[{"embeddable":true,"href":"https:\/\/www.sitem.fr\/en\/wp-json\/wp\/v2\/media\/12507"}],"wp:attachment":[{"href":"https:\/\/www.sitem.fr\/en\/wp-json\/wp\/v2\/media?parent=12505"}],"wp:term":[{"taxonomy":"category","embeddable":true,"href":"https:\/\/www.sitem.fr\/en\/wp-json\/wp\/v2\/categories?post=12505"},{"taxonomy":"post_tag","embeddable":true,"href":"https:\/\/www.sitem.fr\/en\/wp-json\/wp\/v2\/tags?post=12505"}],"curies":[{"name":"wp","href":"https:\/\/api.w.org\/{rel}","templated":true}]}}