{"id":12531,"date":"2019-07-15T17:07:39","date_gmt":"2019-07-15T15:07:39","guid":{"rendered":"https:\/\/www.sitem.fr\/?p=12531"},"modified":"2019-07-15T17:07:39","modified_gmt":"2019-07-15T15:07:39","slug":"exposition-guerriere-guerrier-sound-4-museum-fait-sonner-le-fer-des-epees","status":"publish","type":"post","link":"https:\/\/www.sitem.fr\/en\/exposition-guerriere-guerrier-sound-4-museum-fait-sonner-le-fer-des-epees\/","title":{"rendered":"Exposition &#8220;Guerri\u00e8re, Guerrier&#8230;&#8221; Sound 4 Museum fait sonner le fer des \u00e9p\u00e9es"},"content":{"rendered":"<div id=\"attachment_12532\" style=\"width: 810px\" class=\"wp-caption aligncenter\"><a href=\"https:\/\/www.sound4museum.com\"><img loading=\"lazy\" decoding=\"async\" aria-describedby=\"caption-attachment-12532\" class=\"wp-image-12532 size-full\" src=\"https:\/\/www.sitem.fr\/wp-content\/uploads\/2019\/07\/Expo-guerrier-guerriere-\u00a9Mus\u00e9e-de-lhistoire-du-fer.jpg\" alt=\"\" width=\"800\" height=\"800\" srcset=\"https:\/\/www.sitem.fr\/wp-content\/uploads\/2019\/07\/Expo-guerrier-guerriere-\u00a9Mus\u00e9e-de-lhistoire-du-fer.jpg 800w, https:\/\/www.sitem.fr\/wp-content\/uploads\/2019\/07\/Expo-guerrier-guerriere-\u00a9Mus\u00e9e-de-lhistoire-du-fer-300x300.jpg 300w, https:\/\/www.sitem.fr\/wp-content\/uploads\/2019\/07\/Expo-guerrier-guerriere-\u00a9Mus\u00e9e-de-lhistoire-du-fer-100x100.jpg 100w, https:\/\/www.sitem.fr\/wp-content\/uploads\/2019\/07\/Expo-guerrier-guerriere-\u00a9Mus\u00e9e-de-lhistoire-du-fer-600x600.jpg 600w, https:\/\/www.sitem.fr\/wp-content\/uploads\/2019\/07\/Expo-guerrier-guerriere-\u00a9Mus\u00e9e-de-lhistoire-du-fer-440x440.jpg 440w, https:\/\/www.sitem.fr\/wp-content\/uploads\/2019\/07\/Expo-guerrier-guerriere-\u00a9Mus\u00e9e-de-lhistoire-du-fer-150x150.jpg 150w, https:\/\/www.sitem.fr\/wp-content\/uploads\/2019\/07\/Expo-guerrier-guerriere-\u00a9Mus\u00e9e-de-lhistoire-du-fer-768x768.jpg 768w\" sizes=\"auto, (max-width: 800px) 100vw, 800px\" \/><\/a><p id=\"caption-attachment-12532\" class=\"wp-caption-text\">Cr\u00e9dit : Mus\u00e9e de l&#8217;histoire du fer<\/p><\/div>\n<p>Le <strong>mus\u00e9e de l&#8217;Histoire du Fer<\/strong> est un \u00e9tablissement de culture scientifique et technique g\u00e9r\u00e9 par la Communaut\u00e9 urbaine du Grand Nancy. A travers ses collections et ses expositions temporaires, le mus\u00e9e retrace l\u2019histoire de la production du fer, de la fonte et de l\u2019acier, depuis l&#8217;\u00e9poque m\u00e9di\u00e9vale jusqu\u2019au d\u00e9but du XX\u00e8me si\u00e8cle.<span class=\"Apple-converted-space\">\u00a0<\/span><\/p>\n<p>Du 14 juin au 1er d\u00e9cembre 2019, le mus\u00e9e organise une exposition consacr\u00e9e aux guerriers et guerri\u00e8res. L&#8217;exposition est avant tout destin\u00e9e aux enfants de 7 \u00e0 12 ans. A travers des \u00e9preuves de force, de rapidit\u00e9 et de strat\u00e9gie, le jeune public est invit\u00e9 \u00e0 tester ses capacit\u00e9s et d\u00e9couvrir \u00e0 quel type de guerrier ou guerri\u00e8re il appartient : Samoura\u00ef, Viking, Chevalier m\u00e9di\u00e9val ou encore Amazone.<\/p>\n<p>Pour accueillir les visiteurs et les plonger sans attendre dans l&#8217;atmosph\u00e8re du fer et des combattants, <strong>Sound 4 Museum<\/strong> a r\u00e9alis\u00e9 une bande sonore de champ de bataille o\u00f9 les combats \u00e0 l&#8217;\u00e9p\u00e9e font rage et o\u00f9 le m\u00e9tal chante et r\u00e9sonne \u00e0 chaque impact. L&#8217;ambiance sonore, afin d&#8217;\u00eatre la plus r\u00e9aliste possible, a \u00e9t\u00e9 reconstitu\u00e9e \u00e0 l&#8217;aide de v\u00e9ritables \u00e9p\u00e9es d&#8217;entrainement mani\u00e9es par des \u00e9p\u00e9istes confirm\u00e9s.<\/p>\n<p><a href=\"https:\/\/www.sound4museum.com\/\">https:\/\/www.sound4museum.com<\/a><\/p>\n<div id=\"attachment_12533\" style=\"width: 810px\" class=\"wp-caption aligncenter\"><a href=\"https:\/\/www.sound4museum.com\"><img loading=\"lazy\" decoding=\"async\" aria-describedby=\"caption-attachment-12533\" class=\"wp-image-12533 size-full\" src=\"https:\/\/www.sitem.fr\/wp-content\/uploads\/2019\/07\/epee-\u00a9S4M.jpg\" alt=\"\" width=\"800\" height=\"293\" srcset=\"https:\/\/www.sitem.fr\/wp-content\/uploads\/2019\/07\/epee-\u00a9S4M.jpg 800w, https:\/\/www.sitem.fr\/wp-content\/uploads\/2019\/07\/epee-\u00a9S4M-600x220.jpg 600w, https:\/\/www.sitem.fr\/wp-content\/uploads\/2019\/07\/epee-\u00a9S4M-300x110.jpg 300w, https:\/\/www.sitem.fr\/wp-content\/uploads\/2019\/07\/epee-\u00a9S4M-768x281.jpg 768w\" sizes=\"auto, (max-width: 800px) 100vw, 800px\" \/><\/a><p id=\"caption-attachment-12533\" class=\"wp-caption-text\">Cr\u00e9dit : Sound 4 Museum<\/p><\/div>\n","protected":false},"excerpt":{"rendered":"Le mus\u00e9e de l&#8217;Histoire du Fer est un \u00e9tablissement de culture scientifique et technique g\u00e9r\u00e9 par la Communaut\u00e9 urbaine du Grand Nancy. A travers ses collections et ses expositions temporaires, le mus\u00e9e retrace l\u2019histoire de la production du fer, de la fonte et de l\u2019acier, depuis l&#8217;\u00e9poque m\u00e9di\u00e9vale jusqu\u2019au d\u00e9but du XX\u00e8me si\u00e8cle.\u00a0 Du 14&#8230; <br><a class=\"readm\" href=\"https:\/\/www.sitem.fr\/en\/exposition-guerriere-guerrier-sound-4-museum-fait-sonner-le-fer-des-epees\/\">Read more<\/a>","protected":false},"author":2,"featured_media":12532,"comment_status":"open","ping_status":"open","sticky":false,"template":"","format":"standard","meta":{"_acf_changed":false,"footnotes":""},"categories":[154],"tags":[820,821,119],"class_list":["post-12531","post","type-post","status-publish","format-standard","has-post-thumbnail","hentry","category-son-2","tag-mediation-sonore","tag-musee-de-lhistoire-du-fer","tag-sound-4-museum"],"acf":[],"_links":{"self":[{"href":"https:\/\/www.sitem.fr\/en\/wp-json\/wp\/v2\/posts\/12531","targetHints":{"allow":["GET"]}}],"collection":[{"href":"https:\/\/www.sitem.fr\/en\/wp-json\/wp\/v2\/posts"}],"about":[{"href":"https:\/\/www.sitem.fr\/en\/wp-json\/wp\/v2\/types\/post"}],"author":[{"embeddable":true,"href":"https:\/\/www.sitem.fr\/en\/wp-json\/wp\/v2\/users\/2"}],"replies":[{"embeddable":true,"href":"https:\/\/www.sitem.fr\/en\/wp-json\/wp\/v2\/comments?post=12531"}],"version-history":[{"count":1,"href":"https:\/\/www.sitem.fr\/en\/wp-json\/wp\/v2\/posts\/12531\/revisions"}],"predecessor-version":[{"id":12534,"href":"https:\/\/www.sitem.fr\/en\/wp-json\/wp\/v2\/posts\/12531\/revisions\/12534"}],"wp:featuredmedia":[{"embeddable":true,"href":"https:\/\/www.sitem.fr\/en\/wp-json\/wp\/v2\/media\/12532"}],"wp:attachment":[{"href":"https:\/\/www.sitem.fr\/en\/wp-json\/wp\/v2\/media?parent=12531"}],"wp:term":[{"taxonomy":"category","embeddable":true,"href":"https:\/\/www.sitem.fr\/en\/wp-json\/wp\/v2\/categories?post=12531"},{"taxonomy":"post_tag","embeddable":true,"href":"https:\/\/www.sitem.fr\/en\/wp-json\/wp\/v2\/tags?post=12531"}],"curies":[{"name":"wp","href":"https:\/\/api.w.org\/{rel}","templated":true}]}}