{"id":12539,"date":"2019-07-15T17:20:14","date_gmt":"2019-07-15T15:20:14","guid":{"rendered":"https:\/\/www.sitem.fr\/?p=12539"},"modified":"2019-07-15T17:20:14","modified_gmt":"2019-07-15T15:20:14","slug":"la-fabrique-creative-livre-lexposition-dans-les-coulisses-de-la-paix-au-musee-de-la-grande-guerre-de-meaux","status":"publish","type":"post","link":"https:\/\/www.sitem.fr\/en\/la-fabrique-creative-livre-lexposition-dans-les-coulisses-de-la-paix-au-musee-de-la-grande-guerre-de-meaux\/","title":{"rendered":"La Fabrique Cr\u00e9ative livre l\u2019exposition \u00ab\u00a0Dans les coulisses de la paix\u00a0\u00bb au mus\u00e9e de la Grande Guerre de Meaux\u00a0"},"content":{"rendered":"<p><a href=\"http:\/\/www.la-fabrique-creative.fr\"><img loading=\"lazy\" decoding=\"async\" class=\"alignright wp-image-12540 size-large\" src=\"https:\/\/www.sitem.fr\/wp-content\/uploads\/2019\/07\/MSM-MuseuExpert-Meaux-V1-1024x337.jpg\" alt=\"\" width=\"1024\" height=\"337\" srcset=\"https:\/\/www.sitem.fr\/wp-content\/uploads\/2019\/07\/MSM-MuseuExpert-Meaux-V1-1024x337.jpg 1024w, https:\/\/www.sitem.fr\/wp-content\/uploads\/2019\/07\/MSM-MuseuExpert-Meaux-V1-scaled-600x198.jpg 600w, https:\/\/www.sitem.fr\/wp-content\/uploads\/2019\/07\/MSM-MuseuExpert-Meaux-V1-680x224.jpg 680w, https:\/\/www.sitem.fr\/wp-content\/uploads\/2019\/07\/MSM-MuseuExpert-Meaux-V1-768x253.jpg 768w, https:\/\/www.sitem.fr\/wp-content\/uploads\/2019\/07\/MSM-MuseuExpert-Meaux-V1-1536x506.jpg 1536w, https:\/\/www.sitem.fr\/wp-content\/uploads\/2019\/07\/MSM-MuseuExpert-Meaux-V1-2048x674.jpg 2048w, https:\/\/www.sitem.fr\/wp-content\/uploads\/2019\/07\/MSM-MuseuExpert-Meaux-V1-300x99.jpg 300w\" sizes=\"auto, (max-width: 1024px) 100vw, 1024px\" \/><\/a><\/p>\n<p>L\u2019exposition revient sur cette p\u00e9riode qui, de novembre 1918 \u00e0 la signature le 28 juin 1919 du trait\u00e9 de Versailles, principal trait\u00e9 de paix entre l\u2019Allemagne et les Alli\u00e9s, a fa\u00e7onn\u00e9 l\u2019histoire europ\u00e9enne.<\/p>\n<p>Au travers d\u2019une centaine d\u2019items, archives, \u0153uvres picturales, objets, r\u00e9cits, le public d\u00e9couvre cette p\u00e9riode de l\u2019histoire, charni\u00e8re et pourtant peu connue du grand public.<\/p>\n<p>L\u2019exposition s\u2019articule autour d\u2019une colonne vert\u00e9brale centrale, architecture du parcours de l\u2019exposition. Cette colonne vert\u00e9brale conduit le visiteur \u00e0 travers diff\u00e9rents espaces, plus ouverts ou plus intimistes, \u00e0 la d\u00e9couverte<br \/>\nd\u2019une nouvelle page de l\u2019histoire que le mus\u00e9e nous livre.<\/p>\n<p>Ma\u00eetre d&#8217;ouvrage\u00a0: <a href=\"https:\/\/www.museedelagrandeguerre.eu\/fr\/expositions-evenements\/expositions-temporaires\/expopaix1919.html?gclid=EAIaIQobChMIgKnfhpy34wIVk-FRCh0fVQiwEAAYASAAEgLdqvD_BwE\">Mus\u00e9e de la Grande Guerre de Meaux<\/a><\/p>\n<p>Commissariat\u00a0: Fran\u00e7ois Cochet<\/p>\n<p>Conception et suivi de r\u00e9alisation partiel : <a href=\"http:\/\/www.la-fabrique-creative.fr\">La Fabrique Cr\u00e9ative<\/a> (sc\u00e9nographie, graphisme, conception lumi\u00e8re)<\/p>\n<p>Exposition pr\u00e9sent\u00e9e jusqu\u2019au 8 d\u00e9cembre 2019.<\/p>\n","protected":false},"excerpt":{"rendered":"L\u2019exposition revient sur cette p\u00e9riode qui, de novembre 1918 \u00e0 la signature le 28 juin 1919 du trait\u00e9 de Versailles, principal trait\u00e9 de paix entre l\u2019Allemagne et les Alli\u00e9s, a fa\u00e7onn\u00e9 l\u2019histoire europ\u00e9enne. Au travers d\u2019une centaine d\u2019items, archives, \u0153uvres picturales, objets, r\u00e9cits, le public d\u00e9couvre cette p\u00e9riode de l\u2019histoire, charni\u00e8re et pourtant peu connue&#8230; <br><a class=\"readm\" href=\"https:\/\/www.sitem.fr\/en\/la-fabrique-creative-livre-lexposition-dans-les-coulisses-de-la-paix-au-musee-de-la-grande-guerre-de-meaux\/\">Read more<\/a>","protected":false},"author":2,"featured_media":12540,"comment_status":"open","ping_status":"open","sticky":false,"template":"","format":"standard","meta":{"_acf_changed":false,"footnotes":""},"categories":[143],"tags":[823,822,44,824,632],"class_list":["post-12539","post","type-post","status-publish","format-standard","has-post-thumbnail","hentry","category-eclairage","tag-conception-lumiere","tag-graphisme","tag-la-fabrique-creative","tag-musee-de-la-grande-guerre-de-meaux","tag-scenographie"],"acf":[],"_links":{"self":[{"href":"https:\/\/www.sitem.fr\/en\/wp-json\/wp\/v2\/posts\/12539","targetHints":{"allow":["GET"]}}],"collection":[{"href":"https:\/\/www.sitem.fr\/en\/wp-json\/wp\/v2\/posts"}],"about":[{"href":"https:\/\/www.sitem.fr\/en\/wp-json\/wp\/v2\/types\/post"}],"author":[{"embeddable":true,"href":"https:\/\/www.sitem.fr\/en\/wp-json\/wp\/v2\/users\/2"}],"replies":[{"embeddable":true,"href":"https:\/\/www.sitem.fr\/en\/wp-json\/wp\/v2\/comments?post=12539"}],"version-history":[{"count":1,"href":"https:\/\/www.sitem.fr\/en\/wp-json\/wp\/v2\/posts\/12539\/revisions"}],"predecessor-version":[{"id":12541,"href":"https:\/\/www.sitem.fr\/en\/wp-json\/wp\/v2\/posts\/12539\/revisions\/12541"}],"wp:featuredmedia":[{"embeddable":true,"href":"https:\/\/www.sitem.fr\/en\/wp-json\/wp\/v2\/media\/12540"}],"wp:attachment":[{"href":"https:\/\/www.sitem.fr\/en\/wp-json\/wp\/v2\/media?parent=12539"}],"wp:term":[{"taxonomy":"category","embeddable":true,"href":"https:\/\/www.sitem.fr\/en\/wp-json\/wp\/v2\/categories?post=12539"},{"taxonomy":"post_tag","embeddable":true,"href":"https:\/\/www.sitem.fr\/en\/wp-json\/wp\/v2\/tags?post=12539"}],"curies":[{"name":"wp","href":"https:\/\/api.w.org\/{rel}","templated":true}]}}