{"id":12555,"date":"2019-07-16T12:10:01","date_gmt":"2019-07-16T10:10:01","guid":{"rendered":"https:\/\/www.sitem.fr\/?p=12555"},"modified":"2019-07-16T12:13:19","modified_gmt":"2019-07-16T10:13:19","slug":"point-de-fuite-fondation-hopital-foch-90-ans-de-philanthropie-au-service-de-la-medecine","status":"publish","type":"post","link":"https:\/\/www.sitem.fr\/en\/point-de-fuite-fondation-hopital-foch-90-ans-de-philanthropie-au-service-de-la-medecine\/","title":{"rendered":"Point de fuite &#8211; Fondation H\u00f4pital Foch : 90 ans de philanthropie au service de la m\u00e9decine."},"content":{"rendered":"<p>Le 26 juin 2019 a \u00e9t\u00e9 inaugur\u00e9e la nouvelle exposition du Mus\u00e9e d\u2019Histoire Urbaine et Sociale de Suresnes (92) :\u00a0<strong><em>Fondation &#8211; H\u00f4pital Foch : 90 ans de philanthropie au service de la m\u00e9decine<\/em><\/strong><\/p>\n<div id=\"attachment_12557\" style=\"width: 1034px\" class=\"wp-caption alignright\"><a href=\"https:\/\/www.sitem.fr\/wp-content\/uploads\/2019\/07\/bandeau2.jpg\"><img loading=\"lazy\" decoding=\"async\" aria-describedby=\"caption-attachment-12557\" class=\"wp-image-12557 size-large\" src=\"https:\/\/www.sitem.fr\/wp-content\/uploads\/2019\/07\/bandeau2-1024x684.jpg\" alt=\"\" width=\"1024\" height=\"684\" srcset=\"https:\/\/www.sitem.fr\/wp-content\/uploads\/2019\/07\/bandeau2-1024x684.jpg 1024w, https:\/\/www.sitem.fr\/wp-content\/uploads\/2019\/07\/bandeau2-600x401.jpg 600w, https:\/\/www.sitem.fr\/wp-content\/uploads\/2019\/07\/bandeau2-658x440.jpg 658w, https:\/\/www.sitem.fr\/wp-content\/uploads\/2019\/07\/bandeau2-768x513.jpg 768w, https:\/\/www.sitem.fr\/wp-content\/uploads\/2019\/07\/bandeau2-300x201.jpg 300w, https:\/\/www.sitem.fr\/wp-content\/uploads\/2019\/07\/bandeau2.jpg 1149w\" sizes=\"auto, (max-width: 1024px) 100vw, 1024px\" \/><\/a><p id=\"caption-attachment-12557\" class=\"wp-caption-text\">Image jointe \u00a9 point de fuite<span style=\"font-weight: 300; background-color: #ffffff;\">.<\/span><\/p><\/div>\n<p>Cette exposition pr\u00e9sente au travers des archives de la Fondation, reconnue d\u2019utilit\u00e9 publique en 1929, son histoire, sa constitution et ses activit\u00e9s jusqu\u2019\u00e0 nos jours, y compris dans les domaines m\u00e9dicaux de pointe.<\/p>\n<p>L\u2019agence Point de Fuite en signe le design graphique qui se d\u00e9ploie sur des panneaux en bois clair imprim\u00e9, dans une sc\u00e9nographie volontairement moderne et color\u00e9e.<\/p>\n<p>Toujours pour le MUS, l\u2019agence vient \u00e9galement de commencer la conception et la r\u00e9alisation de la version itin\u00e9rante de l\u2019exposition consacr\u00e9e aux Cit\u00e9s-Jardins.<\/p>\n<div id=\"attachment_12556\" style=\"width: 3849px\" class=\"wp-caption alignright\"><a href=\"https:\/\/www.sitem.fr\/wp-content\/uploads\/2019\/07\/bandeau-06-19.jpg\"><img loading=\"lazy\" decoding=\"async\" aria-describedby=\"caption-attachment-12556\" class=\"wp-image-12556 size-full\" src=\"https:\/\/www.sitem.fr\/wp-content\/uploads\/2019\/07\/bandeau-06-19.jpg\" alt=\"\" width=\"3839\" height=\"768\" \/><\/a><p id=\"caption-attachment-12556\" class=\"wp-caption-text\">Image jointe \u00a9 point de fuite<\/p><\/div>\n<p>&nbsp;<\/p>\n","protected":false},"excerpt":{"rendered":"Le 26 juin 2019 a \u00e9t\u00e9 inaugur\u00e9e la nouvelle exposition du Mus\u00e9e d\u2019Histoire Urbaine et Sociale de Suresnes (92) :\u00a0Fondation &#8211; H\u00f4pital Foch : 90 ans de philanthropie au service de la m\u00e9decine Cette exposition pr\u00e9sente au travers des archives de la Fondation, reconnue d\u2019utilit\u00e9 publique en 1929, son histoire, sa constitution et ses activit\u00e9s&#8230; <br><a class=\"readm\" href=\"https:\/\/www.sitem.fr\/en\/point-de-fuite-fondation-hopital-foch-90-ans-de-philanthropie-au-service-de-la-medecine\/\">Read more<\/a>","protected":false},"author":2,"featured_media":12557,"comment_status":"open","ping_status":"open","sticky":false,"template":"","format":"standard","meta":{"_acf_changed":false,"footnotes":""},"categories":[1],"tags":[70,602,53,828,822,829,632],"class_list":["post-12555","post","type-post","status-publish","format-standard","has-post-thumbnail","hentry","category-non-classifiee","tag-agence-point-de-fuite","tag-design","tag-exposition","tag-fondation-hopital-foch","tag-graphisme","tag-philanthropie","tag-scenographie"],"acf":[],"_links":{"self":[{"href":"https:\/\/www.sitem.fr\/en\/wp-json\/wp\/v2\/posts\/12555","targetHints":{"allow":["GET"]}}],"collection":[{"href":"https:\/\/www.sitem.fr\/en\/wp-json\/wp\/v2\/posts"}],"about":[{"href":"https:\/\/www.sitem.fr\/en\/wp-json\/wp\/v2\/types\/post"}],"author":[{"embeddable":true,"href":"https:\/\/www.sitem.fr\/en\/wp-json\/wp\/v2\/users\/2"}],"replies":[{"embeddable":true,"href":"https:\/\/www.sitem.fr\/en\/wp-json\/wp\/v2\/comments?post=12555"}],"version-history":[{"count":4,"href":"https:\/\/www.sitem.fr\/en\/wp-json\/wp\/v2\/posts\/12555\/revisions"}],"predecessor-version":[{"id":12561,"href":"https:\/\/www.sitem.fr\/en\/wp-json\/wp\/v2\/posts\/12555\/revisions\/12561"}],"wp:featuredmedia":[{"embeddable":true,"href":"https:\/\/www.sitem.fr\/en\/wp-json\/wp\/v2\/media\/12557"}],"wp:attachment":[{"href":"https:\/\/www.sitem.fr\/en\/wp-json\/wp\/v2\/media?parent=12555"}],"wp:term":[{"taxonomy":"category","embeddable":true,"href":"https:\/\/www.sitem.fr\/en\/wp-json\/wp\/v2\/categories?post=12555"},{"taxonomy":"post_tag","embeddable":true,"href":"https:\/\/www.sitem.fr\/en\/wp-json\/wp\/v2\/tags?post=12555"}],"curies":[{"name":"wp","href":"https:\/\/api.w.org\/{rel}","templated":true}]}}